{"id":65759,"date":"2023-02-26T15:32:00","date_gmt":"2023-02-26T18:32:00","guid":{"rendered":"https:\/\/wiy.com.br\/noticias\/uso-de-cloroquina-pode-causar-lesoes-nos-vasos-sanguineos-em-pacientes-de-covid-19-aponta-estudo\/"},"modified":"2021-02-05T04:11:06","modified_gmt":"2021-02-05T06:11:06","slug":"uso-de-cloroquina-pode-causar-lesoes-nos-vasos-sanguineos-em-pacientes-de-covid-19-aponta-estudo","status":"publish","type":"post","link":"https:\/\/wiy.com.br\/noticias\/uso-de-cloroquina-pode-causar-lesoes-nos-vasos-sanguineos-em-pacientes-de-covid-19-aponta-estudo\/","title":{"rendered":"Uso de cloroquina pode causar les\u00f5es nos vasos sangu\u00edneos em pacientes de covid-19, aponta estudo"},"content":{"rendered":"<p> <br \/>\n<\/p>\n<p>O uso de cloroquina&nbsp;por&nbsp;<a href=\"https:\/\/olhardigital.com.br\/2021\/01\/21\/coronavirus\/app-do-governo-que-sugere-tratamento-com-cloroquina-nao-explica-uso-de-dados\/\" target=\"_blank\" rel=\"noreferrer noopener\">pessoas infectadas<\/a>&nbsp;pela&nbsp;covid-19&nbsp;pode causar les\u00f5es que danificam os vasos sangu\u00edneos, \u00e9 o que aponta um estudo divulgado pela Universidade Federal do Paran\u00e1&nbsp;(UFPR)&nbsp;na \u00faltima&nbsp;quarta-feira (4).&nbsp;Essas les\u00f5es acabam prejudicando a circula\u00e7\u00e3o sangu\u00ednea e afetando o funcionamento de \u00f3rg\u00e3os vitais, como cora\u00e7\u00e3o e pulm\u00f5es.&nbsp;<\/p>\n<p>De acordo com o estudo, que foi publicado na&nbsp;revista&nbsp;<a href=\"https:\/\/www.sciencedirect.com\/science\/article\/abs\/pii\/S0041008X21000193\" target=\"_blank\" rel=\"noreferrer noopener\">Toxicology&nbsp;and&nbsp;Applied&nbsp;Pharmacology<\/a>, o&nbsp;<a href=\"https:\/\/olhardigital.com.br\/2021\/02\/03\/coronavirus\/covid-19-pesquisa-um-terco-medicos-acreditam-cloroquina-tratamento-precoce\/\" target=\"_blank\" rel=\"noreferrer noopener\">medicamento<\/a>&nbsp;provocaria danos nas&nbsp;c\u00e9lulas endoteliais,&nbsp;presentes em todos os vasos sangu\u00edneos do corpo humano.&nbsp;O estudo foi conduzido por&nbsp;Paulo C\u00e9zar Greg\u00f3rio, do Programa de P\u00f3s-Gradua\u00e7\u00e3o em Microbiologia&nbsp;da UFPR como pesquisa de doutorado.&nbsp;<\/p>\n<p>Para chegar a essa conclus\u00e3o,&nbsp;os pesquisadores trabalharam&nbsp;com diferentes linhagens de c\u00e9lulas endoteliais humanas extra\u00eddas de vasos sangu\u00edneos&nbsp;e essas c\u00e9lulas foram cultivadas pr\u00f3ximas a quantidades pequenas de cloroquina por at\u00e9 72 horas.&nbsp;<\/p>\n<p>Esse cultivo fez com que as c\u00e9lulas passassem a realizar um processo chamado de disfun\u00e7\u00e3o endotelial,&nbsp;\u201cEla para de produzir subst\u00e2ncias que a protegem e passa a produzir em excesso subst\u00e2ncias t\u00f3xicas\u201d, afirma&nbsp;a professora Andr\u00e9a Em\u00edlia Marques&nbsp;Stinghen.&nbsp;Esta pode resultar no funcionamento incorreto ou at\u00e9 mesmo na morte da&nbsp;c\u00e9lula.&nbsp;<\/p>\n<h2 id=\"h-comportamento-das-c-lulas-expostas-cloroquina-parecido-com-o-de-organismos-infectados-pelo-novo-coronav-rus\"><strong>Comportamento das c\u00e9lulas expostas \u00e0 cloroquina \u00e9 parecido com o de organismos infectados pelo novo coronav\u00edrus<\/strong><\/h2>\n<p>Os pesquisadores tamb\u00e9m observaram&nbsp;que o comportamento das c\u00e9lulas cultivadas&nbsp;junto \u00e0 cloroquina \u00e9 semelhante ao apresentado por&nbsp;c\u00e9lulas endoteliais infectadas pelo v\u00edrus SarsCov-2. Por conta disso, a equipe acredita que essa les\u00e3o nas c\u00e9lulas \u00e9 o que pode contribuir para que o medicamento seja ineficaz no tratamento da covid-19.&nbsp;<\/p>\n<p>\u201cSe por um lado, a cloroquina pode diminuir a replica\u00e7\u00e3o viral, por outro promove uma citotoxicidade que pode potencializar a infec\u00e7\u00e3o viral\u201d, explica Paulo C\u00e9zar Greg\u00f3rio, que enfatiza que, apesar de&nbsp;<a href=\"https:\/\/olhardigital.com.br\/2021\/01\/19\/coronavirus\/medico-defensor-da-cloroquina-admite-que-remedio-nao-trata-a-covid-19\/\" target=\"_blank\" rel=\"noreferrer noopener\">ineficaz contra infec\u00e7\u00f5es pelo novo coronav\u00edrus<\/a>, a cloroquina \u00e9 um medicamento importante no tratamento de outras doen\u00e7as, como mal\u00e1ria e&nbsp;l\u00fapus.&nbsp;<\/p>\n<p>\u201c\u00c9 prefer\u00edvel controlar doen\u00e7as graves, em troca dos efeitos colaterais do rem\u00e9dio (cloroquina). Assim \u00e9 com toda terapia comprovada para alguma doen\u00e7a. Os benef\u00edcios t\u00eam que superar os riscos\u201d.&nbsp;<\/p>\n<p>J\u00e1 assistiu aos nossos novos v\u00eddeos no&nbsp;<a href=\"http:\/\/www.youtube.com\/channel\/UCGV72aVJuWP0QPNGH4YgIww?sub_confirmation=1\" target=\"_blank\" rel=\"noreferrer noopener\">YouTube<\/a>? Inscreva-se no nosso canal!&nbsp;<\/p>\n<figure class=\"wp-block-embed-youtube wp-block-embed is-type-video is-provider-youtube wp-embed-aspect-16-9 wp-has-aspect-ratio\">\n<div class=\"wp-block-embed__wrapper\">\n<\/div>\n<\/figure>\n<p>O post <a rel=\"nofollow\" href=\"https:\/\/olhardigital.com.br\/2021\/02\/05\/noticias\/cloroquina-pode-causar-lesoes-nos-vasos-sanguineos\/\">Uso de cloroquina pode causar les\u00f5es nos vasos sangu\u00edneos em pacientes de covid-19, aponta estudo<\/a> apareceu primeiro em <a rel=\"nofollow\" href=\"https:\/\/olhardigital.com.br\">Olhar Digital<\/a>.<\/p>\n<p><br \/>\n<br \/><a href=\"https:\/\/olhardigital.com.br\/2021\/02\/05\/noticias\/cloroquina-pode-causar-lesoes-nos-vasos-sanguineos\/\">Fonte do Artigo <\/a><br \/>\nTags:<\/p>\n<p><a href=\"https:\/\/wiy.com.br\/noticias\/categoria\/tecnologia\/\">#tecnologia<\/a> <a href=\"https:\/\/wiy.com.br\/noticias\/categoria\/tecnologia\/\">#tecnologias<\/a> <a href=\"https:\/\/wiy.com.br\/noticias\/categoria\/tecnologia\/\">#technology<\/a> <a href=\"https:\/\/wiy.com.br\/noticias\/categoria\/tecnologia\/\">#tecnolog<\/a> <a href=\"https:\/\/wiy.com.br\/noticias\/categoria\/tecnologia\/\">#iphone<\/a> <a href=\"https:\/\/wiy.com.br\/noticias\/categoria\/tecnologia\/\">#informatica<\/a> <a href=\"https:\/\/wiy.com.br\/noticias\/categoria\/tecnologia\/\">#tech<\/a> <a href=\"https:\/\/wiy.com.br\/noticias\/categoria\/tecnologia\/\">#design<\/a> <a href=\"https:\/\/wiy.com.br\/noticias\/categoria\/tecnologia\/\">#samsung<\/a> <a href=\"https:\/\/wiy.com.br\/noticias\/categoria\/tecnologia\/\">#internet<\/a> <a href=\"https:\/\/wiy.com.br\/noticias\/categoria\/tecnologia\/\">#apple<\/a> <a href=\"https:\/\/wiy.com.br\/noticias\/categoria\/tecnologia\/\">#smartphone<\/a> <a href=\"https:\/\/wiy.com.br\/noticias\/categoria\/tecnologia\/\">#seguranca<\/a> <a href=\"https:\/\/wiy.com.br\/noticias\/categoria\/tecnologia\/\">#venezuela<\/a> <a href=\"https:\/\/wiy.com.br\/noticias\/categoria\/tecnologia\/\">#celular<\/a> <a href=\"https:\/\/wiy.com.br\/noticias\/categoria\/tecnologia\/\">#celulares<\/a> <a href=\"https:\/\/wiy.com.br\/noticias\/categoria\/tecnologia\/\">#inovar<\/a> <a href=\"https:\/\/wiy.com.br\/noticias\/categoria\/tecnologia\/\">#qualidade<\/a> <a href=\"https:\/\/wiy.com.br\/noticias\/categoria\/tecnologia\/\">#software<\/a> <a href=\"https:\/\/wiy.com.br\/noticias\/categoria\/tecnologia\/\">#empresas<\/a> <a href=\"https:\/\/wiy.com.br\/noticias\/categoria\/tecnologia\/\">#cursos<\/a> <a href=\"https:\/\/wiy.com.br\/noticias\/categoria\/tecnologia\/\">#engenharia<\/a> <a href=\"https:\/\/wiy.com.br\/noticias\/categoria\/tecnologia\/\">#industria<\/a> <a href=\"https:\/\/wiy.com.br\/noticias\/categoria\/tecnologia\/\">#marketing<\/a> <a href=\"https:\/\/wiy.com.br\/noticias\/categoria\/tecnologia\/\">#ti<\/a> <a href=\"https:\/\/wiy.com.br\/noticias\/categoria\/tecnologia\/\">#tecnoblog<\/a> <a href=\"https:\/\/wiy.com.br\/noticias\/categoria\/tecnologia\/\">#veja<\/a> <a href=\"https:\/\/wiy.com.br\/noticias\/categoria\/tecnologia\/\">#olhardigital<\/a> <a href=\"https:\/\/wiy.com.br\/noticias\/categoria\/tecnologia\/\">#mundodigital<\/a> <a href=\"https:\/\/wiy.com.br\/noticias\/categoria\/tecnologia\/\">#inteligenciaartificial<\/a> <a href=\"https:\/\/wiy.com.br\/criacao-de-sites\/\">#criar site<\/a> <a href=\"https:\/\/wiy.com.br\/criacao-de-sites\/\">#criar site curitiba<\/a> <a href=\"https:\/\/wiy.com.br\/criacao-de-sites\/\">#wiysolutions<\/a><\/p>\n","protected":false},"excerpt":{"rendered":"<p>O uso de cloroquina&nbsp;por&nbsp;pessoas infectadas&nbsp;pela&nbsp;covid-19&nbsp;pode causar les\u00f5es que danificam os vasos sangu\u00edneos, \u00e9 o que aponta um estudo divulgado pela Universidade Federal do Paran\u00e1&nbsp;(UFPR)&nbsp;na \u00faltima&nbsp;quarta-feira (4).&nbsp;Essas les\u00f5es acabam prejudicando a circula\u00e7\u00e3o sangu\u00ednea e afetando o funcionamento de \u00f3rg\u00e3os vitais, como cora\u00e7\u00e3o e pulm\u00f5es.&nbsp; De acordo com o estudo, que foi publicado na&nbsp;revista&nbsp;Toxicology&nbsp;and&nbsp;Applied&nbsp;Pharmacology, o&nbsp;medicamento&nbsp;provocaria danos nas&nbsp;c\u00e9lulas [&hellip;]<\/p>\n","protected":false},"author":1,"featured_media":65760,"comment_status":"open","ping_status":"open","sticky":false,"template":"","format":"standard","meta":{"footnotes":""},"categories":[5],"tags":[],"class_list":["post-65759","post","type-post","status-publish","format-standard","has-post-thumbnail","hentry","category-tecnologia"],"_links":{"self":[{"href":"https:\/\/wiy.com.br\/noticias\/wp-json\/wp\/v2\/posts\/65759","targetHints":{"allow":["GET"]}}],"collection":[{"href":"https:\/\/wiy.com.br\/noticias\/wp-json\/wp\/v2\/posts"}],"about":[{"href":"https:\/\/wiy.com.br\/noticias\/wp-json\/wp\/v2\/types\/post"}],"author":[{"embeddable":true,"href":"https:\/\/wiy.com.br\/noticias\/wp-json\/wp\/v2\/users\/1"}],"replies":[{"embeddable":true,"href":"https:\/\/wiy.com.br\/noticias\/wp-json\/wp\/v2\/comments?post=65759"}],"version-history":[{"count":0,"href":"https:\/\/wiy.com.br\/noticias\/wp-json\/wp\/v2\/posts\/65759\/revisions"}],"wp:featuredmedia":[{"embeddable":true,"href":"https:\/\/wiy.com.br\/noticias\/wp-json\/wp\/v2\/media\/65760"}],"wp:attachment":[{"href":"https:\/\/wiy.com.br\/noticias\/wp-json\/wp\/v2\/media?parent=65759"}],"wp:term":[{"taxonomy":"category","embeddable":true,"href":"https:\/\/wiy.com.br\/noticias\/wp-json\/wp\/v2\/categories?post=65759"},{"taxonomy":"post_tag","embeddable":true,"href":"https:\/\/wiy.com.br\/noticias\/wp-json\/wp\/v2\/tags?post=65759"}],"curies":[{"name":"wp","href":"https:\/\/api.w.org\/{rel}","templated":true}]}}