{"id":65753,"date":"2023-02-26T15:10:44","date_gmt":"2023-02-26T18:10:44","guid":{"rendered":"https:\/\/wiy.com.br\/noticias\/reconstrucao-do-teatro-da-cultura-artistica-trava-na-burocracia\/"},"modified":"2021-02-05T03:07:18","modified_gmt":"2021-02-05T05:07:18","slug":"reconstrucao-do-teatro-da-cultura-artistica-trava-na-burocracia","status":"publish","type":"post","link":"https:\/\/wiy.com.br\/noticias\/reconstrucao-do-teatro-da-cultura-artistica-trava-na-burocracia\/","title":{"rendered":"Reconstru\u00e7\u00e3o do teatro da Cultura Art\u00edstica trava na burocracia"},"content":{"rendered":"<p> <br \/>\n<\/p>\n<p>Depois de treze anos do inc\u00eandio que destruiu a sede projetada por <strong>Rino Levi,<\/strong> finalmente a reconstru\u00e7\u00e3o do teatro da <strong>Cultura Art\u00edstica<\/strong> come\u00e7a a ganhar uma (bela) cara. O mural de <strong>Di Cavalcanti,<\/strong> salvo a tempo pelos bombeiros, em 2008, foi restaurado e continua como o emblema da fachada curva que contorna a Rua Nestor Pestana.<\/p>\n<figure><img title = \"[Tags]\"alt = \"mural-cultura-artistica Reconstru\u00e7\u00e3o do teatro da Cultura Art\u00edstica trava na burocracia\"decoding=\"async\" src=\"https:\/\/vejasp.abril.com.br\/wp-content\/uploads\/2021\/02\/mural-cultura-artistica.jpg\" \/><figcaption>Painel &#8220;Alegorias das Artes&#8221;, de Di Cavalcanti, no Teatro Cultura Art\u00edstica.<span class=\"copyright\">Antonio Milena\/Divulga\u00e7\u00e3o<\/span><\/figcaption><\/figure>\n<p>O novo pr\u00e9dio foi projetado por <strong>Paulo Bruna,<\/strong> \u00fanico arquiteto remanescente do escrit\u00f3rio de <strong>Levi,<\/strong> respons\u00e1vel pela \u00faltima grande reforma, em 1977. O volume da constru\u00e7\u00e3o \u00e9 praticamente o mesmo da desaparecida, mas h\u00e1 diversas mudan\u00e7as internas: a sala principal ter\u00e1 750 lugares (antes, tinha 1 100) e um audit\u00f3rio flex\u00edvel com 200. Um janel\u00e3o de quatro andares se abre para a Pra\u00e7a Roosevelt, no terreno onde ficava at\u00e9 2012 a demolida boate Kilt. O palco principal ganhou mais profundidade, as sa\u00eddas de emerg\u00eancia atualizadas e novas salas para ensaios e eventos corporativos foram inclu\u00eddas.<\/p>\n<p>Enquanto n\u00e3o fica pronto, a <strong>Cultura Art\u00edstica<\/strong> continua ocupando a Sala S\u00e3o Paulo, com nomes quentes do circuito erudito na agenda, <a href=\"https:\/\/vejasp.abril.com.br\/blog\/musica\/musica-classica-cultura-artistica-osesp\/\">como o contratenor polon\u00eas <strong>Jakub J\u00f3zef Orlinski<\/strong> (em agosto) e os pianistas <strong>Maria Jo\u00e3o Pires <\/strong>e<strong> Nelson Freire<\/strong> no fim do ano<\/a>. \u00c9 uma volta aos in\u00edcios da CA, quando seus recitais e saraus se realizavam no <strong>Theatro Municipal,<\/strong> aberto um ano antes da associa\u00e7\u00e3o, formada em 1912. Seu primeiro diretor foi o jornalista <strong>Nestor Pestana,<\/strong> redator-chefe de <em>O Estado de S. Paulo<\/em>. A liga\u00e7\u00e3o com o centen\u00e1rio jornal continuou com <strong>Esther Mesquita,<\/strong> herdeira do <em>Estad\u00e3o<\/em>, que presidiu a CA por trinta anos e foi a respons\u00e1vel pela constru\u00e7\u00e3o do teatro na rua que homenageia o fundador. A inaugura\u00e7\u00e3o, em 1950, contou com concertos de <strong>Villa-Lobos<\/strong> e <strong>Camargo Guarnieri,<\/strong> regendo suas pr\u00f3prias obras, em duas noites seguidas, porque o n\u00famero de associados era o dobro do que a sala comportava.<\/p>\n<figure><img title = \"[Tags]\"alt = \"mural-cultura-artistica Reconstru\u00e7\u00e3o do teatro da Cultura Art\u00edstica trava na burocracia\"decoding=\"async\" src=\"https:\/\/vejasp.abril.com.br\/wp-content\/uploads\/2021\/02\/Pr\u00e9dio-Interno-Cultura-Art\u00edstica.jpg\" \/><figcaption>Constru\u00e7\u00e3o original n\u00e3o era tombada, mas tombamento p\u00f3s-inc\u00eandio permite venda de potencial, paralisada pela burocracia<span class=\"copyright\">Raul Juste Lores\/Veja SP<\/span><\/figcaption><\/figure>\n<figure><img title = \"[Tags]\"alt = \"mural-cultura-artistica Reconstru\u00e7\u00e3o do teatro da Cultura Art\u00edstica trava na burocracia\"decoding=\"async\" src=\"https:\/\/vejasp.abril.com.br\/wp-content\/uploads\/2021\/02\/Pr\u00e9dio-Interno-Cultura-Art\u00edstica-2.jpg\" \/><figcaption>Burocracia: venda travada na justi\u00e7a<span class=\"copyright\">Raul Juste Lores\/Veja SP<\/span><\/figcaption><\/figure>\n<p><b>+<\/b><a href=\"https:\/\/abr.ai\/assine-vejasp\"><b>Assine a Vejinha a partir de 6,90<\/b><\/a><b>.<\/b><\/p>\n<p><strong>Esther<\/strong> e o irm\u00e3o <strong>Alfredo<\/strong> eram raros herdeiros paulistanos. <strong>Alfredo<\/strong> fundou a Escola de Arte Dram\u00e1tica (hoje na USP), criou um grupo de teatro experimental, uma revista e uma livraria. Juntos, contrataram o arquiteto <strong>Vilanova Artigas<\/strong> quando decidiram construir o Edif\u00edcio Louveira, na Pra\u00e7a Vilaboim. <strong>Esther,<\/strong> amiga de <strong>Rino Levi,<\/strong> ainda organizou um concurso para a escolha do painel na fachada, entre Burle Marx (o preferido de <strong>Rino Levi),<\/strong> Jacob Ruchti e Di Cavalcanti, o escolhido pelo conselho.<\/p>\n<p>Depois do inc\u00eandio, acreditava-se que a reconstru\u00e7\u00e3o seria r\u00e1pida. A Roosevelt estava em reforma e o boom econ\u00f4mico pr\u00e9-Copa fez a organiza\u00e7\u00e3o prometer a reabertura para 2012, celebrando o centen\u00e1rio da institui\u00e7\u00e3o. Mas, nove anos depois da data prometida, ainda faltam 35 milh\u00f5es de reais para a conclus\u00e3o da obra, quase um ter\u00e7o do total (110 milh\u00f5es, em valores atualizados, ou menos que um ano de or\u00e7amento do Theatro Municipal de S\u00e3o Paulo). Dos 75 milh\u00f5es j\u00e1 arrecadados, 80% foram doa\u00e7\u00f5es privadas via Lei de Incentivo \u00e0 Cultura (a conhecida Lei Rouanet).<\/p>\n<p>Sem ser uma arena esportiva, um haras, um condom\u00ednio fechado ou uma marina em Angra, a arrecada\u00e7\u00e3o foi bem mais lenta que o previsto. O que significa status para as elites mudou.<\/p>\n<div class=\"ads post-ads\"><span class=\"title\">Continua ap\u00f3s a publicidade<\/span><\/p>\n<div id=\"abrAD_rectangle2\" class=\"abrAD\" data-ad-><\/div>\n<\/div>\n<p>Um instrumento p\u00fablico que poderia gerar mais da metade dos recursos que faltam est\u00e1 acumulando poeira na burocracia brasileira. A chamada venda de potencial construtivo \u00e9 muito usada mundo afora quando o poder p\u00fablico restringe a edifica\u00e7\u00e3o em um terreno. Como contrapartida, o dono desse im\u00f3vel pode vender os muitos metros quadrados que deixar\u00e1 de construir para algu\u00e9m edificar em outro lugar. Algo parecido com o que aconteceu com o futuro (e enrolado) Parque Augusta.<\/p>\n<figure><img title = \"[Tags]\"alt = \"mural-cultura-artistica Reconstru\u00e7\u00e3o do teatro da Cultura Art\u00edstica trava na burocracia\"decoding=\"async\" src=\"https:\/\/vejasp.abril.com.br\/wp-content\/uploads\/2021\/02\/vidra\u00e7as-janelas-cultura-art\u00edstica.jpg\" \/><figcaption>Foyer de vidro e as pastilhas originais: Rino Levi colocou cores mais vivas de acordo com a proximidade do palco<span class=\"copyright\">Raul Juste Lores\/Veja SP<\/span><\/figcaption><\/figure>\n<figure><img title = \"[Tags]\"alt = \"mural-cultura-artistica Reconstru\u00e7\u00e3o do teatro da Cultura Art\u00edstica trava na burocracia\"decoding=\"async\" src=\"https:\/\/vejasp.abril.com.br\/wp-content\/uploads\/2021\/02\/Pastilhas-Cultura-Art\u00edstica.jpg\" \/><figcaption>As obras por dentro, pastilhas originais, e a lista de doadores da primeira sede: mudan\u00e7a das elites<span class=\"copyright\">Raul Juste Lores\/Veja SP<\/span><\/figcaption><\/figure>\n<p><b>+<\/b><a href=\"https:\/\/abr.ai\/assine-vejasp\"><b>Assine a Vejinha a partir de 6,90<\/b><\/a><b>.<\/b><\/p>\n<p>Por exemplo, se o zoneamento permite quatro vezes de \u00e1rea constru\u00edda em rela\u00e7\u00e3o a um terreno de 1 000 metros quadrados, a propriedade \u201cvale\u201d 4 000 metros quadrados. Se o propriet\u00e1rio est\u00e1 impedido de erguer outros 3 000 em um terreno tombado, pode transferi-los.<\/p>\n<p>O teatro da <strong>Cultura Art\u00edstica<\/strong> fica dentro do per\u00edmetro da Opera\u00e7\u00e3o Urbana Centro, aprovada em 1997, que permitia a aliena\u00e7\u00e3o de \u00e1rea n\u00e3o usada para outras constru\u00e7\u00f5es; em 2002, foi estabelecida uma zona especial de preserva\u00e7\u00e3o cultural na regi\u00e3o. Tanto o atual Plano Diretor, de 2014, quanto uma norma aprovada em 2016 estabelecem como proceder para conseguir essa venda. Em 2018, a <strong>Cultura Art\u00edstica<\/strong> conseguiu a declara\u00e7\u00e3o de potencial construtivo de 20 000 metros quadrados e um termo de compromisso, avaliando a venda dele em 19,5 milh\u00f5es.<\/p>\n<p>S\u00f3 que, paralelamente a essas constantes mudan\u00e7as de leis, o Minist\u00e9rio P\u00fablico de S\u00e3o Paulo entrou com uma a\u00e7\u00e3o de inconstitucionalidade a um termo daquela Opera\u00e7\u00e3o Urbana. O argumento \u00e9 que permitir venda desses certificados de metros quadrados para empreendimentos fora do Centro seria prerrogativa do Poder Legislativo (\u00e9 a C\u00e2mara Municipal que decide a lei de zoneamento e ocupa\u00e7\u00e3o do solo). A disputa jur\u00eddica se arrasta h\u00e1 exatos dezenove anos, nas mais diferentes inst\u00e2ncias, chegando ao Supremo Tribunal Federal em 2019. Quem fecha neg\u00f3cio sem saber se \u00e9 legal ou n\u00e3o? Em tese, a C\u00e2mara Municipal poderia resolver isso, aprovando a substitui\u00e7\u00e3o da Opera\u00e7\u00e3o Urbana Centro, que \u00e9 discutida ali h\u00e1 tr\u00eas anos. No atual ritmo da verean\u00e7a, talvez o teatro precise recorrer a outras fontes.<\/p>\n<p><b>+<\/b><a href=\"https:\/\/abr.ai\/assine-vejasp\"><b>Assine a Vejinha a partir de 6,90<\/b><\/a><b>.<\/b><\/p>\n<p><b>Publicado em VEJA S\u00e3o Paulo de 10 de fevereiro de 2021, edi\u00e7\u00e3o n\u00ba 2724<\/b><\/p>\n<div id=\"relacionadas\" class=\"block related-posts three_columns\">\n<ul class=\"block-menu\">\n<li data-tab=\"tab-1\" class=\"active\">Relacionadas<\/li>\n<\/ul>\n<div id=\"tab-1\" class=\"block-content active\">\n<div class=\"row\">\n<li class=\"widget-news-item without-thumb with-border\">\n<div class=\"widget-news-info\"><a href=\"http:\/\/vejasp.abril.com.br\/cidades\">Cidades<\/a><span class=\"widget-news-item-title\"><a href=\"https:\/\/vejasp.abril.com.br\/blog\/sao-paulo-nas-alturas\/marieloisa-gabriel-valdivieso\/\">Marieloisa, o edif\u00edcio remanescente dos &#8220;predinhos de rendas&#8221; dos anos 40\/50<\/a><\/span><span class=\"widget-news-item-date\">29 jan 2021 &#8211; 02h01<\/span><\/div>\n<\/li>\n<li class=\"widget-news-item without-thumb with-border\">\n<div class=\"widget-news-info\"><a href=\"http:\/\/vejasp.abril.com.br\/cidades\">Cidades<\/a><span class=\"widget-news-item-title\"><a href=\"https:\/\/vejasp.abril.com.br\/blog\/sao-paulo-nas-alturas\/arquitetura-remeta-deus\/\">A arquitetura do bel\u00edssimo Mosteiro de S\u00e3o Bento em Vinhedo<\/a><\/span><span class=\"widget-news-item-date\">22 jan 2021 &#8211; 06h01<\/span><\/div>\n<\/li>\n<li class=\"widget-news-item without-thumb with-border\">\n<div class=\"widget-news-info\"><a href=\"http:\/\/vejasp.abril.com.br\/cidades\">Cidades<\/a><span class=\"widget-news-item-title\"><a href=\"https:\/\/vejasp.abril.com.br\/blog\/sao-paulo-nas-alturas\/ocupacao-calcadas-ruas-restaurantes\/\">Da burocracia p\u00fablica a chefs e arquitetos que ficaram \u201cde fora\u201d, os obst\u00e1culos do Ocupa Rua<\/a><\/span><span class=\"widget-news-item-date\">15 jan 2021 &#8211; 00h01<\/span><\/div>\n<\/li>\n<\/div>\n<\/div>\n<\/div>\n<div id=\"mais_lidas\" class=\"block related-posts mais-lidas\">\n<ul class=\"block-menu\">\n<li data-tab=\"tab-1\" class=\"active\">Mais lidas<\/li>\n<\/ul>\n<div id=\"tab-1\" class=\"block-content active\">\n<div class=\"row\">\n<div class=\"col-s-12 col-l-3\"><a href=\"https:\/\/vejasp.abril.com.br\/saude\/mae-de-luciano-hang-morre-em-sao-paulo-apos-contrair-covid-19\/\" class=\"card\"><span class=\"category hide-s\">Sa\u00fade<\/span><img title = \"[Tags]\"data-src=\"https:\/\/vejasp.abril.com.br\/wp-content\/uploads\/2021\/02\/luciano-hang-e-a-mae-regina-hang-estao-internados-com-covid-19-estado-de-saude-da-idosa-e-grave.jpg?quality=70&amp;strip=info&amp;w=600&amp;h=338&amp;crop=1\"alt = \"mural-cultura-artistica Reconstru\u00e7\u00e3o do teatro da Cultura Art\u00edstica trava na burocracia\" class=\"lazyload media\"><span class=\"category hide-l\">Sa\u00fade<\/span><span class=\"title\">M\u00e3e de Luciano Hang morre em S\u00e3o Paulo ap\u00f3s contrair Covid-19<\/span><\/a><\/div>\n<div class=\"col-s-12 col-l-3\"><a href=\"https:\/\/vejasp.abril.com.br\/blog\/pop\/8216-tom-e-jerry-8217-sai-do-cartoon-network-por-ser-8216-politicamente-incorreto-fas-do-desenho-protestam-na-web\/\" class=\"card\"><span class=\"category hide-s\"><\/span><img title = \"[Tags]\"data-src=\"https:\/\/vejasp.abril.com.br\/wp-content\/uploads\/2016\/12\/tom-e-jerry-cancelamento-abre.jpeg?quality=70&amp;strip=info&amp;w=424&amp;h=253&amp;crop=1\"alt = \"mural-cultura-artistica Reconstru\u00e7\u00e3o do teatro da Cultura Art\u00edstica trava na burocracia\" class=\"lazyload media\"><span class=\"category hide-l\"><\/span><span class=\"title\">&#8216;Tom e Jerry&#8217; sai do Cartoon Network por ser &#8216;politicamente incorreto&#8217;; f\u00e3s do desenho protestam na web<\/span><\/a><\/div>\n<div class=\"col-s-12 col-l-3\"><a href=\"https:\/\/vejasp.abril.com.br\/cidades\/anderson-maylon-acusacao-estupro\/\" class=\"card\"><span class=\"category hide-s\">Cidades<\/span><img title = \"[Tags]\"data-src=\"https:\/\/vejasp.abril.com.br\/wp-content\/uploads\/2021\/02\/captura-de-tela-2021-02-03-as-23.10.56.jpg?quality=70&amp;strip=info&amp;crop=0px%2C0px%2C984px%2C669px&amp;resize=680%2C453\"alt = \"mural-cultura-artistica Reconstru\u00e7\u00e3o do teatro da Cultura Art\u00edstica trava na burocracia\" class=\"lazyload media\"><span class=\"category hide-l\">Cidades<\/span><span class=\"title\">Cantor acusa Anderson, do Molejo, de estupro; vocalista nega<\/span><\/a><\/div>\n<div class=\"col-s-12 col-l-3\"><a href=\"https:\/\/vejasp.abril.com.br\/cidades\/previsao-tempo-sao-paulo-sexta\/\" class=\"card\"><span class=\"category hide-s\">Cidades<\/span><img title = \"[Tags]\"data-src=\"https:\/\/vejasp.abril.com.br\/wp-content\/uploads\/2019\/12\/chuva-marcelopinheiro.jpg?quality=70&amp;strip=info&amp;crop=0px%2C110px%2C506px%2C344px&amp;resize=680%2C453\"alt = \"mural-cultura-artistica Reconstru\u00e7\u00e3o do teatro da Cultura Art\u00edstica trava na burocracia\" class=\"lazyload media\"><span class=\"category hide-l\">Cidades<\/span><span class=\"title\">Com frente fria, tempo em S\u00e3o Paulo deve virar na sexta-feira (5)<\/span><\/a><\/div>\n<\/div>\n<\/div>\n<\/div>\n<div class=\"ads post-ads\"><span class=\"title\">Continua ap\u00f3s a publicidade<\/span><\/p>\n<div id=\"abrAD_rectangle3\" class=\"abrAD\" data-ad-><\/div>\n<\/div>\n<p><br \/>\n<br \/><a href=\"https:\/\/vejasp.abril.com.br\/blog\/sao-paulo-nas-alturas\/teatro-cultura-artistica-burocracia\/\">Fonte do Artigo <\/a><br \/>\nTags:<br \/>\n#loterias #loteriascaixa #megasena #resultadoapostas#noticias #noticiario  #noticia #brasil #noticiascolombia #mundo #esporte #colombia #noticiadeld #ltimasnoticias  #noticiario #noticiasregionales #noticiasdepartamentales #noticiashoy #esportes #noticiaahora #elinformantenoticias #noticiasdeboyac  #esporteinterativo #esportivo #diariodosesportes  #noticiero  #jogodefutebol #jogos #loto #apostas<\/p>\n","protected":false},"excerpt":{"rendered":"<p>Depois de treze anos do inc\u00eandio que destruiu a sede projetada por Rino Levi, finalmente a reconstru\u00e7\u00e3o do teatro da Cultura Art\u00edstica come\u00e7a a ganhar uma (bela) cara. O mural de Di Cavalcanti, salvo a tempo pelos bombeiros, em 2008, foi restaurado e continua como o emblema da fachada curva que contorna a Rua Nestor [&hellip;]<\/p>\n","protected":false},"author":1,"featured_media":65754,"comment_status":"open","ping_status":"open","sticky":false,"template":"","format":"standard","meta":{"footnotes":""},"categories":[1],"tags":[],"class_list":["post-65753","post","type-post","status-publish","format-standard","has-post-thumbnail","hentry","category-curso-de-copy"],"_links":{"self":[{"href":"https:\/\/wiy.com.br\/noticias\/wp-json\/wp\/v2\/posts\/65753","targetHints":{"allow":["GET"]}}],"collection":[{"href":"https:\/\/wiy.com.br\/noticias\/wp-json\/wp\/v2\/posts"}],"about":[{"href":"https:\/\/wiy.com.br\/noticias\/wp-json\/wp\/v2\/types\/post"}],"author":[{"embeddable":true,"href":"https:\/\/wiy.com.br\/noticias\/wp-json\/wp\/v2\/users\/1"}],"replies":[{"embeddable":true,"href":"https:\/\/wiy.com.br\/noticias\/wp-json\/wp\/v2\/comments?post=65753"}],"version-history":[{"count":0,"href":"https:\/\/wiy.com.br\/noticias\/wp-json\/wp\/v2\/posts\/65753\/revisions"}],"wp:featuredmedia":[{"embeddable":true,"href":"https:\/\/wiy.com.br\/noticias\/wp-json\/wp\/v2\/media\/65754"}],"wp:attachment":[{"href":"https:\/\/wiy.com.br\/noticias\/wp-json\/wp\/v2\/media?parent=65753"}],"wp:term":[{"taxonomy":"category","embeddable":true,"href":"https:\/\/wiy.com.br\/noticias\/wp-json\/wp\/v2\/categories?post=65753"},{"taxonomy":"post_tag","embeddable":true,"href":"https:\/\/wiy.com.br\/noticias\/wp-json\/wp\/v2\/tags?post=65753"}],"curies":[{"name":"wp","href":"https:\/\/api.w.org\/{rel}","templated":true}]}}