{"id":65739,"date":"2023-02-26T15:02:47","date_gmt":"2023-02-26T18:02:47","guid":{"rendered":"https:\/\/wiy.com.br\/noticias\/sobe-para-47-numero-de-infectados-com-a-covid-em-escola-de-campinas\/"},"modified":"2021-02-04T20:00:11","modified_gmt":"2021-02-04T22:00:11","slug":"sobe-para-47-numero-de-infectados-com-a-covid-em-escola-de-campinas","status":"publish","type":"post","link":"https:\/\/wiy.com.br\/noticias\/sobe-para-47-numero-de-infectados-com-a-covid-em-escola-de-campinas\/","title":{"rendered":"Sobe para 47 n\u00famero de infectados com a Covid em escola de Campinas"},"content":{"rendered":"<p> <br \/>\n<\/p>\n<div class=\"mc-column content-text active-extra-styles \" data-block-type=\"unstyled\" data-block-weight=\"36\" data-block-id=\"2\">\n<p data-track-category=\"Link no Texto\" data-track-links=\"\">Subiu para 47 o n\u00famero de pessoas que contra\u00edram a<strong> Covid-19<\/strong> no <a href=\"https:\/\/vejasp.abril.com.br\/cidades\/escola-campinas-surto-covid-19\/\">Instituto Educacional Jaime Kratz, em Campinas<\/a>, no interior de S\u00e3o Paulo. De acordo com a escola, s\u00e3o <span class=\"highlight highlighted\">39 funcion\u00e1rios e oito alunos infectados<\/span>.<\/p>\n<p data-track-category=\"Link no Texto\" data-track-links=\"\">A institui\u00e7\u00e3o de ensino anunciou na segunda-feira (1\u00ba) que havia suspendido as aulas presenciais at\u00e9 o dia 18 de fevereiro. Na ocasi\u00e3o, havia 34 colaboradores e um aluno com a Covid-19. Uma professora precisou ser hospitalizada e o estado de sa\u00fade \u00e9 est\u00e1vel.<\/p>\n<\/div>\n<div class=\"wall protected-content\">\n<div class=\"mc-column content-text active-extra-styles \" data-block-type=\"unstyled\" data-block-weight=\"54\" data-block-id=\"4\">\n<p data-track-category=\"Link no Texto\" data-track-links=\"\">As aulas na escola foram retomadas presencialmente no dia 25 de janeiro com capacidade de 35% dos alunos em cada sala.<\/p>\n<p data-track-category=\"Link no Texto\" data-track-links=\"\">Em coletiva de imprensa, a diretora do Departamento de Vigil\u00e2ncia em Sa\u00fade (Devisa) de Campinas, Andrea Von Zuben, disse que o caso relacionado do Instituto Educacional Jaime Kratz envolve uma\u00a0<span class=\"highlight highlighted\">&#8220;quebra de barreira sanit\u00e1ria&#8221;, ressaltando que o surto de Covid-19 na escola n\u00e3o tem a ver com a volta \u00e0s aulas presenciais.\u00a0<\/span><\/p>\n<div class=\"mc-column content-text active-extra-styles \" data-block-type=\"unstyled\" data-block-weight=\"40\" data-block-id=\"12\">\n<p data-track-category=\"Link no Texto\" data-track-links=\"\">&#8220;Antes de come\u00e7arem as aulas, eles fizeram um dia de planejamento em um local fora da escola. Identificamos fotos de muitas pessoas aglomeradas, sem uso de m\u00e1scara. Quando n\u00e3o houver distanciamento, n\u00e3o houver uso de m\u00e1scara, vai acontecer mesmo&#8221;, disse.<\/p>\n<\/div>\n<\/div>\n<div class=\"mc-column content-text active-extra-styles \" data-block-type=\"unstyled\" data-block-weight=\"62\" data-block-id=\"13\">\n<div id=\"relacionadas\" class=\"block related-posts three_columns\">\n<ul class=\"block-menu\">\n<li data-tab=\"tab-1\" class=\"active\">Relacionadas<\/li>\n<\/ul>\n<div id=\"tab-1\" class=\"block-content active\">\n<div class=\"row\">\n<li class=\"widget-news-item without-thumb with-border\">\n<div class=\"widget-news-info\"><a href=\"http:\/\/vejasp.abril.com.br\/cidades\">Cidades<\/a><span class=\"widget-news-item-title\"><a href=\"https:\/\/vejasp.abril.com.br\/cidades\/escola-campinas-surto-covid-19\/\">Em Campinas, escola suspende aulas presenciais ap\u00f3s surto de Covid-19<\/a><\/span><span class=\"widget-news-item-date\">2 fev 2021 &#8211; 09h02<\/span><\/div>\n<\/li>\n<li class=\"widget-news-item without-thumb with-border\">\n<div class=\"widget-news-info\"><a href=\"http:\/\/vejasp.abril.com.br\/saude\">Sa\u00fade<\/a><span class=\"widget-news-item-title\"><a href=\"https:\/\/vejasp.abril.com.br\/saude\/vacina-covaxin-india-teste-brasil\/\">Vacina Covaxin, da \u00cdndia, ser\u00e1 testada no Brasil<\/a><\/span><span class=\"widget-news-item-date\">4 fev 2021 &#8211; 17h02<\/span><\/div>\n<\/li>\n<li class=\"widget-news-item without-thumb with-border\">\n<div class=\"widget-news-info\"><a href=\"http:\/\/vejasp.abril.com.br\/cultura-lazer\">Cultura &amp; Lazer<\/a><span class=\"widget-news-item-title\"><a href=\"https:\/\/vejasp.abril.com.br\/cultura-lazer\/morre-fernando-barba-barbatuque\/\">Fernando Barba, criador do grupo Barbatuques, morre aos 49 anos<\/a><\/span><span class=\"widget-news-item-date\">4 fev 2021 &#8211; 16h02<\/span><\/div>\n<\/li>\n<\/div>\n<\/div>\n<\/div>\n<\/div>\n<div class=\"mc-column content-text active-extra-styles \" data-block-type=\"unstyled\" data-block-weight=\"31\" data-block-id=\"5\"><\/div>\n<\/div>\n<div id=\"mais_lidas\" class=\"block related-posts mais-lidas\">\n<ul class=\"block-menu\">\n<li data-tab=\"tab-1\" class=\"active\">Mais lidas<\/li>\n<\/ul>\n<div id=\"tab-1\" class=\"block-content active\">\n<div class=\"row\">\n<div class=\"col-s-12 col-l-3\"><a href=\"https:\/\/vejasp.abril.com.br\/blog\/pop\/8216-tom-e-jerry-8217-sai-do-cartoon-network-por-ser-8216-politicamente-incorreto-fas-do-desenho-protestam-na-web\/\" class=\"card\"><span class=\"category hide-s\"><\/span><img title = \"[Tags]\"data-src=\"https:\/\/vejasp.abril.com.br\/wp-content\/uploads\/2016\/12\/tom-e-jerry-cancelamento-abre.jpeg?quality=70&amp;strip=info&amp;w=424&amp;h=253&amp;crop=1\"alt = \"tom-e-jerry-cancelamento-abre Sobe para 47 n\u00famero de infectados com a Covid em escola de Campinas\" class=\"lazyload media\"><span class=\"category hide-l\"><\/span><span class=\"title\">&#8216;Tom e Jerry&#8217; sai do Cartoon Network por ser &#8216;politicamente incorreto&#8217;; f\u00e3s do desenho protestam na web<\/span><\/a><\/div>\n<div class=\"col-s-12 col-l-3\"><a href=\"https:\/\/vejasp.abril.com.br\/cidades\/governo-de-sp-revoga-fase-vermelha\/\" class=\"card\"><span class=\"category hide-s\">Cidades<\/span><img title = \"[Tags]\"data-src=\"https:\/\/vejasp.abril.com.br\/wp-content\/uploads\/2020\/12\/Jo\u00e3o-Doria-coletiva-07-12.jpg?quality=70&amp;strip=info&amp;w=680&amp;h=453&amp;crop=1\"alt = \"tom-e-jerry-cancelamento-abre Sobe para 47 n\u00famero de infectados com a Covid em escola de Campinas\" class=\"lazyload media\"><span class=\"category hide-l\">Cidades<\/span><span class=\"title\">Jo\u00e3o Doria revoga Fase Vermelha em per\u00edodos espec\u00edficos no estado<\/span><\/a><\/div>\n<div class=\"col-s-12 col-l-3\"><a href=\"https:\/\/vejasp.abril.com.br\/saude\/mae-de-luciano-hang-morre-em-sao-paulo-apos-contrair-covid-19\/\" class=\"card\"><span class=\"category hide-s\">Sa\u00fade<\/span><img title = \"[Tags]\"data-src=\"https:\/\/vejasp.abril.com.br\/wp-content\/uploads\/2021\/02\/luciano-hang-e-a-mae-regina-hang-estao-internados-com-covid-19-estado-de-saude-da-idosa-e-grave.jpg?quality=70&amp;strip=info&amp;w=600&amp;h=338&amp;crop=1\"alt = \"tom-e-jerry-cancelamento-abre Sobe para 47 n\u00famero de infectados com a Covid em escola de Campinas\" class=\"lazyload media\"><span class=\"category hide-l\">Sa\u00fade<\/span><span class=\"title\">M\u00e3e de Luciano Hang morre em S\u00e3o Paulo ap\u00f3s contrair Covid-19<\/span><\/a><\/div>\n<div class=\"col-s-12 col-l-3\"><a href=\"https:\/\/vejasp.abril.com.br\/cidades\/mae-filha-enterradas-sao-paulo\/\" class=\"card\"><span class=\"category hide-s\">Cidades<\/span><img title = \"[Tags]\"data-src=\"https:\/\/vejasp.abril.com.br\/wp-content\/uploads\/2021\/02\/M\u00e3e-filha-enterradas-pompeia.jpg?quality=70&amp;strip=info&amp;crop=0px%2C0px%2C984px%2C669px&amp;resize=680%2C453\"alt = \"tom-e-jerry-cancelamento-abre Sobe para 47 n\u00famero de infectados com a Covid em escola de Campinas\" class=\"lazyload media\"><span class=\"category hide-l\">Cidades<\/span><span class=\"title\">M\u00e3e e filha s\u00e3o encontradas enterradas em casa no interior<\/span><\/a><\/div>\n<\/div>\n<\/div>\n<\/div>\n<div class=\"ads post-ads\"><span class=\"title\">Continua ap\u00f3s a publicidade<\/span><\/p>\n<div id=\"abrAD_rectangle3\" class=\"abrAD\" data-ad-><\/div>\n<\/div>\n<p><br \/>\n<br \/><a href=\"https:\/\/vejasp.abril.com.br\/cidades\/escola-campinas-covid-19\/\">Fonte do Artigo <\/a><br \/>\nTags:<br \/>\n#loterias #loteriascaixa #megasena #resultadoapostas#noticias #noticiario  #noticia #brasil #noticiascolombia #mundo #esporte #colombia #noticiadeld #ltimasnoticias  #noticiario #noticiasregionales #noticiasdepartamentales #noticiashoy #esportes #noticiaahora #elinformantenoticias #noticiasdeboyac  #esporteinterativo #esportivo #diariodosesportes  #noticiero  #jogodefutebol #jogos #loto #apostas<\/p>\n","protected":false},"excerpt":{"rendered":"<p>Subiu para 47 o n\u00famero de pessoas que contra\u00edram a Covid-19 no Instituto Educacional Jaime Kratz, em Campinas, no interior de S\u00e3o Paulo. De acordo com a escola, s\u00e3o 39 funcion\u00e1rios e oito alunos infectados. A institui\u00e7\u00e3o de ensino anunciou na segunda-feira (1\u00ba) que havia suspendido as aulas presenciais at\u00e9 o dia 18 de fevereiro. [&hellip;]<\/p>\n","protected":false},"author":1,"featured_media":64751,"comment_status":"open","ping_status":"open","sticky":false,"template":"","format":"standard","meta":{"footnotes":""},"categories":[1],"tags":[],"class_list":["post-65739","post","type-post","status-publish","format-standard","has-post-thumbnail","hentry","category-curso-de-copy"],"_links":{"self":[{"href":"https:\/\/wiy.com.br\/noticias\/wp-json\/wp\/v2\/posts\/65739","targetHints":{"allow":["GET"]}}],"collection":[{"href":"https:\/\/wiy.com.br\/noticias\/wp-json\/wp\/v2\/posts"}],"about":[{"href":"https:\/\/wiy.com.br\/noticias\/wp-json\/wp\/v2\/types\/post"}],"author":[{"embeddable":true,"href":"https:\/\/wiy.com.br\/noticias\/wp-json\/wp\/v2\/users\/1"}],"replies":[{"embeddable":true,"href":"https:\/\/wiy.com.br\/noticias\/wp-json\/wp\/v2\/comments?post=65739"}],"version-history":[{"count":0,"href":"https:\/\/wiy.com.br\/noticias\/wp-json\/wp\/v2\/posts\/65739\/revisions"}],"wp:featuredmedia":[{"embeddable":true,"href":"https:\/\/wiy.com.br\/noticias\/wp-json\/wp\/v2\/media\/64751"}],"wp:attachment":[{"href":"https:\/\/wiy.com.br\/noticias\/wp-json\/wp\/v2\/media?parent=65739"}],"wp:term":[{"taxonomy":"category","embeddable":true,"href":"https:\/\/wiy.com.br\/noticias\/wp-json\/wp\/v2\/categories?post=65739"},{"taxonomy":"post_tag","embeddable":true,"href":"https:\/\/wiy.com.br\/noticias\/wp-json\/wp\/v2\/tags?post=65739"}],"curies":[{"name":"wp","href":"https:\/\/api.w.org\/{rel}","templated":true}]}}