{"id":6568,"date":"2023-02-26T15:04:10","date_gmt":"2023-02-26T18:04:10","guid":{"rendered":"https:\/\/wiy.com.br\/noticias\/venezuela-anuncia-fechamento-total-da-fronteira-com-a-colombia\/"},"modified":"2019-02-23T01:56:58","modified_gmt":"2019-02-23T04:56:58","slug":"venezuela-anuncia-fechamento-total-da-fronteira-com-a-colombia","status":"publish","type":"post","link":"https:\/\/wiy.com.br\/noticias\/venezuela-anuncia-fechamento-total-da-fronteira-com-a-colombia\/","title":{"rendered":"Venezuela anuncia fechamento total da fronteira com a Col\u00f4mbia"},"content":{"rendered":"<p> <br \/>\n<br \/>CARACAS &#8211; O governo de Nicol\u00e1s Maduro anunciou no final da noite desta sexta-feira o fechamento total da fronteira da Venezuela com a Col\u00f4mbia, de onde o l\u00edder opositor Juan Guaid\u00f3 havia anunciado que come\u00e7aria a enviar para o territ\u00f3rio venezuelano&#8230;<br \/>\n<br \/><br \/>\n<br \/><a href=\"https:\/\/oglobo.globo.com\/mundo\/venezuela-anuncia-fechamento-total-da-fronteira-com-colombia-23476092\">Fonte do Artigo <\/a><\/p>\n<p>#noticias #news #o #brasil #venezuela #n #jornalismo #a #love #like #bbb #musica #colombia #tv #blog #fofoca #mexico #gay #caracas #saopaulo #instagram #follow #not #cias #famosos #m #brazil #politica #pol #jeansobrinho<\/p>\n","protected":false},"excerpt":{"rendered":"<p>CARACAS &#8211; O governo de Nicol\u00e1s Maduro anunciou no final da noite desta sexta-feira o fechamento total da fronteira da Venezuela com a Col\u00f4mbia, de onde o l\u00edder opositor Juan Guaid\u00f3 havia anunciado que come\u00e7aria a enviar para o territ\u00f3rio venezuelano&#8230; Fonte do Artigo #noticias #news #o #brasil #venezuela #n #jornalismo #a #love #like #bbb [&hellip;]<\/p>\n","protected":false},"author":1,"featured_media":0,"comment_status":"open","ping_status":"open","sticky":false,"template":"","format":"standard","meta":{"footnotes":""},"categories":[339],"tags":[],"class_list":["post-6568","post","type-post","status-publish","format-standard","hentry","category-negocios"],"_links":{"self":[{"href":"https:\/\/wiy.com.br\/noticias\/wp-json\/wp\/v2\/posts\/6568","targetHints":{"allow":["GET"]}}],"collection":[{"href":"https:\/\/wiy.com.br\/noticias\/wp-json\/wp\/v2\/posts"}],"about":[{"href":"https:\/\/wiy.com.br\/noticias\/wp-json\/wp\/v2\/types\/post"}],"author":[{"embeddable":true,"href":"https:\/\/wiy.com.br\/noticias\/wp-json\/wp\/v2\/users\/1"}],"replies":[{"embeddable":true,"href":"https:\/\/wiy.com.br\/noticias\/wp-json\/wp\/v2\/comments?post=6568"}],"version-history":[{"count":0,"href":"https:\/\/wiy.com.br\/noticias\/wp-json\/wp\/v2\/posts\/6568\/revisions"}],"wp:attachment":[{"href":"https:\/\/wiy.com.br\/noticias\/wp-json\/wp\/v2\/media?parent=6568"}],"wp:term":[{"taxonomy":"category","embeddable":true,"href":"https:\/\/wiy.com.br\/noticias\/wp-json\/wp\/v2\/categories?post=6568"},{"taxonomy":"post_tag","embeddable":true,"href":"https:\/\/wiy.com.br\/noticias\/wp-json\/wp\/v2\/tags?post=6568"}],"curies":[{"name":"wp","href":"https:\/\/api.w.org\/{rel}","templated":true}]}}