{"id":65586,"date":"2023-02-26T15:50:42","date_gmt":"2023-02-26T18:50:42","guid":{"rendered":"https:\/\/wiy.com.br\/noticias\/pesquisa-demonstra-que-covid-19-pode-afetar-funcoes-do-cerebro\/"},"modified":"2021-02-01T22:52:17","modified_gmt":"2021-02-02T00:52:17","slug":"pesquisa-demonstra-que-covid-19-pode-afetar-funcoes-do-cerebro","status":"publish","type":"post","link":"https:\/\/wiy.com.br\/noticias\/pesquisa-demonstra-que-covid-19-pode-afetar-funcoes-do-cerebro\/","title":{"rendered":"Pesquisa demonstra que Covid-19 pode afetar fun\u00e7\u00f5es do c\u00e9rebro"},"content":{"rendered":"<p> <br \/>\n<\/p>\n<p>Dores de cabe\u00e7a, perda de olfato, altera\u00e7\u00f5es no paladar, tontura, sonol\u00eancia, confus\u00e3o mental&#8230; Todos esses sintomas neurol\u00f3gicos s\u00e3o associados \u00e0 Covid-19. Para os cientistas, isso sugere que o <a href=\"https:\/\/olhardigital.com.br\/2021\/01\/27\/coronavirus\/variante-do-coronavirus-descoberta-em-manaus-ja-foi-encontrada-em-8-paises\/\">novo coronav\u00edrus<\/a> afeta o c\u00e9rebro.<\/p>\n<p>Para confirmar a hip\u00f3tese, pesquisadores da Universidade Estadual de Campinasa, a Unicamp, decidiram investigar. E a descoberta foi que o novo coronav\u00edrus infecta <a href=\"https:\/\/olhardigital.com.br\/2020\/12\/02\/noticias\/virus-da-covid-19-pode-atacar-o-cerebro-pelas-narinas-diz-estudo\/\">c\u00e9lulas cerebrais<\/a> e afeta suas fun\u00e7\u00f5es. O Olhar Digital conversou com a pesquisadora Fernanda Crunfli, uma das autoras do estudo, que \u00e9 p\u00f3s-doutoranda do laborat\u00f3rio de neuroprote\u00f4mica da Unicamp.<\/p>\n<p>A pesquisa foi feita em duas frentes. Um grupo analisou c\u00e9lulas do c\u00e9rebro de doentes que morreram de Covid-19 enquanto outra equipe atuou na observa\u00e7\u00e3o do c\u00f3rtex cerebral de pacientes que tiveram a doen\u00e7a com sintomas leves e se recuperaram sem precisar de interna\u00e7\u00e3o. Em ambos os casos, foram encontradas altera\u00e7\u00f5es.<\/p>\n<p>Como a obten\u00e7\u00e3o de c\u00e9lulas cerebrais de pacientes vivos requer o uso de t\u00e9cnicas invasivas, a an\u00e1lise delas s\u00f3 \u00e9 vi\u00e1vel na aut\u00f3psia dos indiv\u00edduos mortos. Nos pacientes que se recuperaram, o exame do c\u00f3rtex cerebral foi feito a partir de uma resson\u00e2ncia magn\u00e9tica funcional.<\/p>\n<p>As varia\u00e7\u00f5es na espessura dessa membrana mais externa do c\u00e9rebro preocupam os pesquisadores. Eles esperam que, com o tempo, o pr\u00f3prio organismo trate de regenerar essas les\u00f5es, mas o que se sabe, por enquanto, \u00e9 que pacientes com doen\u00e7as neurodegenerativas, como os males de <a href=\"https:\/\/olhardigital.com.br\/2021\/01\/12\/coronavirus\/covid-19-pode-aumentar-riscos-de-doencas-como-alzheimer-e-parkinson\/\">Alzheimer<\/a> e <a href=\"https:\/\/olhardigital.com.br\/2020\/12\/04\/noticias\/proteina-cerebral-pode-ajudar-a-tratar-mal-de-parkinson\/\">Parkinson<\/a>, apresentam altera\u00e7\u00f5es semelhantes.<\/p>\n<p>Em outras palavras, os resultados encontrados at\u00e9 agora pelo estudo servem como alerta, j\u00e1 que n\u00e3o se sabe ainda o que essas complica\u00e7\u00f5es neurol\u00f3gicas podem representar no futuro. Entre os pacientes vivos avaliados, foram encontrados sintomas de depress\u00e3o, ansiedade e dist\u00farbios cognitivos.<\/p>\n<p>Segundo Fernanda, o v\u00edrus mexe com a maneira como o c\u00e9rebro produz energia. Isso porque ele infecta e se multiplica nos astr\u00f3citos, as c\u00e9lulas mais numerosas do sistema nervoso central, que servem para nutrir os neur\u00f4nios.<\/p>\n<p>Os pesquisadores ainda n\u00e3o sabem como o v\u00edrus chega ao c\u00e9rebro, j\u00e1 que existe uma barreira natural para proteger o \u00f3rg\u00e3o \u2013 a barreira hematoencef\u00e1lica. Esse \u00e9 o pr\u00f3ximo passo da pesquisa em andamento na Unicamp.<\/p>\n<p>Al\u00e9m disso, os pacientes que se recuperaram da doen\u00e7a ser\u00e3o acompanhados por tr\u00eas anos pela equipe para determinar quais ser\u00e3o as sequelas deixadas pela passagem do novo coronav\u00edrus no corpo. Isso quer dizer que pegar a doen\u00e7a, mesmo que em sua forma leve, pode ter consequ\u00eancias desagrad\u00e1veis no futuro.<\/p>\n<p>Outra d\u00favida dos cientistas \u00e9 se os efeitos identificados no c\u00e9rebro est\u00e3o ligados \u00e0 chegada do novo coronav\u00edrus ao \u00f3rg\u00e3o ou se s\u00e3o algo secund\u00e1rio, decorrente da inflama\u00e7\u00e3o generalizada do organismo. Enquanto n\u00e3o se sabe tudo o que a Covid-19 pode causar no c\u00e9rebro, \u00e9 melhor n\u00e3o ter a doen\u00e7a.<\/p>\n<p>Com a chegada das vacinas, espera-se que o controle da doen\u00e7a seja poss\u00edvel. Mesmo assim, ainda vai demorar para que um percentual grande da popula\u00e7\u00e3o esteja imune. Por enquanto, ent\u00e3o, s\u00f3 temos mesmo as medidas de preven\u00e7\u00e3o: distanciamento social, <a href=\"https:\/\/olhardigital.com.br\/2020\/04\/30\/coronavirus\/mascara-veja-qual-e-a-forma-correta-de-usa-las\/\">uso de m\u00e1scara<\/a> e higieniza\u00e7\u00e3o das m\u00e3os s\u00e3o ainda a melhor forma de se manter livre da Covid-19.<\/p>\n<p>O post <a rel=\"nofollow\" href=\"https:\/\/olhardigital.com.br\/2021\/02\/01\/videos\/pesquisa-demonstra-que-covid-19-pode-afetar-funcoes-do-cerebro\/\">Pesquisa demonstra que Covid-19 pode afetar fun\u00e7\u00f5es do c\u00e9rebro<\/a> apareceu primeiro em <a rel=\"nofollow\" href=\"https:\/\/olhardigital.com.br\">Olhar Digital<\/a>.<\/p>\n<p><br \/>\n<br \/><a href=\"https:\/\/olhardigital.com.br\/2021\/02\/01\/videos\/pesquisa-demonstra-que-covid-19-pode-afetar-funcoes-do-cerebro\/\">Fonte do Artigo <\/a><br \/>\nTags:<\/p>\n<p><a href=\"https:\/\/wiy.com.br\/noticias\/categoria\/tecnologia\/\">#tecnologia<\/a> <a href=\"https:\/\/wiy.com.br\/noticias\/categoria\/tecnologia\/\">#tecnologias<\/a> <a href=\"https:\/\/wiy.com.br\/noticias\/categoria\/tecnologia\/\">#technology<\/a> <a href=\"https:\/\/wiy.com.br\/noticias\/categoria\/tecnologia\/\">#tecnolog<\/a> <a href=\"https:\/\/wiy.com.br\/noticias\/categoria\/tecnologia\/\">#iphone<\/a> <a href=\"https:\/\/wiy.com.br\/noticias\/categoria\/tecnologia\/\">#informatica<\/a> <a href=\"https:\/\/wiy.com.br\/noticias\/categoria\/tecnologia\/\">#tech<\/a> <a href=\"https:\/\/wiy.com.br\/noticias\/categoria\/tecnologia\/\">#design<\/a> <a href=\"https:\/\/wiy.com.br\/noticias\/categoria\/tecnologia\/\">#samsung<\/a> <a href=\"https:\/\/wiy.com.br\/noticias\/categoria\/tecnologia\/\">#internet<\/a> <a href=\"https:\/\/wiy.com.br\/noticias\/categoria\/tecnologia\/\">#apple<\/a> <a href=\"https:\/\/wiy.com.br\/noticias\/categoria\/tecnologia\/\">#smartphone<\/a> <a href=\"https:\/\/wiy.com.br\/noticias\/categoria\/tecnologia\/\">#seguranca<\/a> <a href=\"https:\/\/wiy.com.br\/noticias\/categoria\/tecnologia\/\">#venezuela<\/a> <a href=\"https:\/\/wiy.com.br\/noticias\/categoria\/tecnologia\/\">#celular<\/a> <a href=\"https:\/\/wiy.com.br\/noticias\/categoria\/tecnologia\/\">#celulares<\/a> <a href=\"https:\/\/wiy.com.br\/noticias\/categoria\/tecnologia\/\">#inovar<\/a> <a href=\"https:\/\/wiy.com.br\/noticias\/categoria\/tecnologia\/\">#qualidade<\/a> <a href=\"https:\/\/wiy.com.br\/noticias\/categoria\/tecnologia\/\">#software<\/a> <a href=\"https:\/\/wiy.com.br\/noticias\/categoria\/tecnologia\/\">#empresas<\/a> <a href=\"https:\/\/wiy.com.br\/noticias\/categoria\/tecnologia\/\">#cursos<\/a> <a href=\"https:\/\/wiy.com.br\/noticias\/categoria\/tecnologia\/\">#engenharia<\/a> <a href=\"https:\/\/wiy.com.br\/noticias\/categoria\/tecnologia\/\">#industria<\/a> <a href=\"https:\/\/wiy.com.br\/noticias\/categoria\/tecnologia\/\">#marketing<\/a> <a href=\"https:\/\/wiy.com.br\/noticias\/categoria\/tecnologia\/\">#ti<\/a> <a href=\"https:\/\/wiy.com.br\/noticias\/categoria\/tecnologia\/\">#tecnoblog<\/a> <a href=\"https:\/\/wiy.com.br\/noticias\/categoria\/tecnologia\/\">#veja<\/a> <a href=\"https:\/\/wiy.com.br\/noticias\/categoria\/tecnologia\/\">#olhardigital<\/a> <a href=\"https:\/\/wiy.com.br\/noticias\/categoria\/tecnologia\/\">#mundodigital<\/a> <a href=\"https:\/\/wiy.com.br\/noticias\/categoria\/tecnologia\/\">#inteligenciaartificial<\/a> <a href=\"https:\/\/wiy.com.br\/criacao-de-sites\/\">#criar site<\/a> <a href=\"https:\/\/wiy.com.br\/criacao-de-sites\/\">#criar site curitiba<\/a> <a href=\"https:\/\/wiy.com.br\/criacao-de-sites\/\">#wiysolutions<\/a><\/p>\n","protected":false},"excerpt":{"rendered":"<p>Dores de cabe\u00e7a, perda de olfato, altera\u00e7\u00f5es no paladar, tontura, sonol\u00eancia, confus\u00e3o mental&#8230; Todos esses sintomas neurol\u00f3gicos s\u00e3o associados \u00e0 Covid-19. Para os cientistas, isso sugere que o novo coronav\u00edrus afeta o c\u00e9rebro. Para confirmar a hip\u00f3tese, pesquisadores da Universidade Estadual de Campinasa, a Unicamp, decidiram investigar. E a descoberta foi que o novo coronav\u00edrus [&hellip;]<\/p>\n","protected":false},"author":1,"featured_media":65587,"comment_status":"open","ping_status":"open","sticky":false,"template":"","format":"standard","meta":{"footnotes":""},"categories":[5],"tags":[],"class_list":["post-65586","post","type-post","status-publish","format-standard","has-post-thumbnail","hentry","category-tecnologia"],"_links":{"self":[{"href":"https:\/\/wiy.com.br\/noticias\/wp-json\/wp\/v2\/posts\/65586","targetHints":{"allow":["GET"]}}],"collection":[{"href":"https:\/\/wiy.com.br\/noticias\/wp-json\/wp\/v2\/posts"}],"about":[{"href":"https:\/\/wiy.com.br\/noticias\/wp-json\/wp\/v2\/types\/post"}],"author":[{"embeddable":true,"href":"https:\/\/wiy.com.br\/noticias\/wp-json\/wp\/v2\/users\/1"}],"replies":[{"embeddable":true,"href":"https:\/\/wiy.com.br\/noticias\/wp-json\/wp\/v2\/comments?post=65586"}],"version-history":[{"count":0,"href":"https:\/\/wiy.com.br\/noticias\/wp-json\/wp\/v2\/posts\/65586\/revisions"}],"wp:featuredmedia":[{"embeddable":true,"href":"https:\/\/wiy.com.br\/noticias\/wp-json\/wp\/v2\/media\/65587"}],"wp:attachment":[{"href":"https:\/\/wiy.com.br\/noticias\/wp-json\/wp\/v2\/media?parent=65586"}],"wp:term":[{"taxonomy":"category","embeddable":true,"href":"https:\/\/wiy.com.br\/noticias\/wp-json\/wp\/v2\/categories?post=65586"},{"taxonomy":"post_tag","embeddable":true,"href":"https:\/\/wiy.com.br\/noticias\/wp-json\/wp\/v2\/tags?post=65586"}],"curies":[{"name":"wp","href":"https:\/\/api.w.org\/{rel}","templated":true}]}}