{"id":65472,"date":"2023-02-26T15:23:41","date_gmt":"2023-02-26T18:23:41","guid":{"rendered":"https:\/\/wiy.com.br\/noticias\/morre-de-covid-19-idosa-que-criou-varal-solidario-de-mascaras-para-doacao\/"},"modified":"2021-01-29T19:36:09","modified_gmt":"2021-01-29T21:36:09","slug":"morre-de-covid-19-idosa-que-criou-varal-solidario-de-mascaras-para-doacao","status":"publish","type":"post","link":"https:\/\/wiy.com.br\/noticias\/morre-de-covid-19-idosa-que-criou-varal-solidario-de-mascaras-para-doacao\/","title":{"rendered":"Morre de Covid-19 idosa que criou varal solid\u00e1rio de m\u00e1scaras para doa\u00e7\u00e3o"},"content":{"rendered":"<p> <br \/>\n<\/p>\n<p><span>A costureira <strong>Maria Ruiz Vertuan<\/strong>, 72, perdeu seu trabalho durante a pandemia <\/span>e, para ocupar seu tempo, havia decidido ajudar pessoas que n\u00e3o tinham condi\u00e7\u00f5es financeiras de comprar a prote\u00e7\u00e3o facial.<\/p>\n<p>A idosa expunha as m\u00e1scaras costuradas por ela mesma em seu port\u00e3o em um bairro de Ja\u00fa, no interior de S\u00e3o Paulo, e as colocava \u00e0 disposi\u00e7\u00e3o de qualquer pedestre desde maio do ano passado.<\/p>\n<figure><img title = \"[Tags]\"alt = \"jau-maasc-tiago-dos-santos-silva Morre de Covid-19 idosa que criou varal solid\u00e1rio de m\u00e1scaras para doa\u00e7\u00e3o\"decoding=\"async\" src=\"https:\/\/vejasp.abril.com.br\/wp-content\/uploads\/2021\/01\/jau-maasc-tiago-dos-santos-silva.jpg\" \/><figcaption>&lt;span class=&quot;hidden&quot;&gt;&#8211;&lt;\/span&gt;<span class=\"copyright\">Tiago dos Santos Silva\/Reprodu\u00e7\u00e3o<\/span><\/figcaption><\/figure>\n<p><span>De acordo com o filho de Maria, <\/span><strong>Carlos Roberto Vertuan<\/strong>, 46, a m\u00e3e contraiu <strong>Covid-19<\/strong>, <span>teve evolu\u00e7\u00e3o r\u00e1pida da doen\u00e7a e acabou falecendo na \u00faltima ter\u00e7a-feira (26), menos de uma semana ap\u00f3s apresentar os primeiros sintomas.<\/span><\/p>\n<p><span>\u201cDesde que come\u00e7ou essa pandemia minha m\u00e3e ficava s\u00f3 com a gente, eu, minha esposa e minha filha, que moramos ao lado. Ela n\u00e3o sa\u00eda para quase nada, apenas para ir ao m\u00e9dico, a uma farm\u00e1cia. N\u00e3o acreditamos que aconteceu com a gente\u201d, disse o filho em entrevista ao <strong>G1<\/strong>. <\/span><\/p>\n<p>\u201cEla sempre falava da vacina, agora que come\u00e7ou a chegar ela estava esperan\u00e7osa, sempre repetindo pra sua neta frases como \u2018logo t\u00f4 vacinada\u2019. Mas n\u00e3o deu tempo\u201d, lamenta.<\/p>\n<p>Maria trabalhava desde os 12 anos como costureira e produzia entre 30 a 40 m\u00e1scaras de tecido por dia para serem doadas.<\/p>\n<p><strong>+<a href=\"https:\/\/abr.ai\/assine-vejasp\" target=\"_blank\" data-saferedirecturl=\"https:\/\/www.google.com\/url?q=https:\/\/abr.ai\/assine-vejasp&amp;source=gmail&amp;ust=1612036934443000&amp;usg=AFQjCNGhXX7AvovpHP_nVwZzjk78RTHV2Q\" rel=\"noopener noreferrer\">Assine a Vejinha a partir de 6,90<\/a><\/strong><span>\u00a0<\/span><\/p>\n<div id=\"relacionadas\" class=\"block related-posts three_columns\">\n<ul class=\"block-menu\">\n<li data-tab=\"tab-1\" class=\"active\">Relacionadas<\/li>\n<\/ul>\n<div id=\"tab-1\" class=\"block-content active\">\n<div class=\"row\">\n<li class=\"widget-news-item without-thumb with-border\">\n<div class=\"widget-news-info\"><a href=\"http:\/\/vejasp.abril.com.br\/cidades\">Cidades<\/a><span class=\"widget-news-item-title\"><a href=\"https:\/\/vejasp.abril.com.br\/cidades\/startup-instala-mercados-dentro-de-condominios-comerciais-e-residenciais\/\">Startup instala mercadinho dentro de condom\u00ednios comerciais e residenciais<\/a><\/span><span class=\"widget-news-item-date\">29 jan 2021 &#8211; 02h01<\/span><\/div>\n<\/li>\n<li class=\"widget-news-item without-thumb with-border\">\n<div class=\"widget-news-info\"><a href=\"http:\/\/vejasp.abril.com.br\/cidades\">Cidades<\/a><span class=\"widget-news-item-title\"><a href=\"https:\/\/vejasp.abril.com.br\/cidades\/escritores-perifericos-alcancam-mais-gente-o-povao-vem-com-nois\/\">\u201cEscritores perif\u00e9ricos alcan\u00e7am mais gente. O pov\u00e3o vem com n\u00f3is\u201d, diz Ferr\u00e9z<\/a><\/span><span class=\"widget-news-item-date\">29 jan 2021 &#8211; 02h01<\/span><\/div>\n<\/li>\n<li class=\"widget-news-item without-thumb with-border\">\n<div class=\"widget-news-info\"><a href=\"http:\/\/vejasp.abril.com.br\/cidades\">Cidades<\/a><span class=\"widget-news-item-title\"><a href=\"https:\/\/vejasp.abril.com.br\/cidades\/capa-fase-vermelha-fiscalizacao-sp\/\">Fase vermelha: sem fiscaliza\u00e7\u00e3o adequada, aumento de restri\u00e7\u00f5es n\u00e3o \u00e9 eficiente<\/a><\/span><span class=\"widget-news-item-date\">29 jan 2021 &#8211; 01h01<\/span><\/div>\n<\/li>\n<\/div>\n<\/div>\n<\/div>\n<div id=\"mais_lidas\" class=\"block related-posts mais-lidas\">\n<ul class=\"block-menu\">\n<li data-tab=\"tab-1\" class=\"active\">Mais lidas<\/li>\n<\/ul>\n<div id=\"tab-1\" class=\"block-content active\">\n<div class=\"row\">\n<div class=\"col-s-12 col-l-3\"><a href=\"https:\/\/vejasp.abril.com.br\/cultura-lazer\/marcos-mion-a-fazenda-record\/\" class=\"card\"><span class=\"category hide-s\">Cultura &amp; Lazer<\/span><img title = \"[Tags]\"data-src=\"https:\/\/vejasp.abril.com.br\/wp-content\/uploads\/2021\/01\/a-fazenda-12-marcos-mion-04122020211148348.jpeg?quality=70&amp;strip=info&amp;w=680&amp;h=420&amp;crop=1\"alt = \"jau-maasc-tiago-dos-santos-silva Morre de Covid-19 idosa que criou varal solid\u00e1rio de m\u00e1scaras para doa\u00e7\u00e3o\" class=\"lazyload media\"><span class=\"category hide-l\">Cultura &amp; Lazer<\/span><span class=\"title\">Marcos Mion deixa a Record e &#8216;A Fazenda&#8217; ganha novo apresentador<\/span><\/a><\/div>\n<div class=\"col-s-12 col-l-3\"><a href=\"https:\/\/vejasp.abril.com.br\/cidades\/feriado-carnaval-2021\/\" class=\"card\"><span class=\"category hide-s\">Cidades<\/span><img title = \"[Tags]\"data-src=\"https:\/\/vejasp.abril.com.br\/wp-content\/uploads\/2020\/07\/50083231048_4a3a3ca912_o.jpg?quality=70&amp;strip=info&amp;w=680&amp;h=453&amp;crop=1\"alt = \"jau-maasc-tiago-dos-santos-silva Morre de Covid-19 idosa que criou varal solid\u00e1rio de m\u00e1scaras para doa\u00e7\u00e3o\" class=\"lazyload media\"><span class=\"category hide-l\">Cidades<\/span><span class=\"title\">S\u00e3o Paulo cancela ponto facultativo do Carnaval<\/span><\/a><\/div>\n<div class=\"col-s-12 col-l-3\"><a href=\"https:\/\/vejasp.abril.com.br\/cultura-lazer\/morre-ygona-moura-covid-19\/\" class=\"card\"><span class=\"category hide-s\">Cultura &amp; Lazer<\/span><img title = \"[Tags]\"data-src=\"https:\/\/vejasp.abril.com.br\/wp-content\/uploads\/2021\/01\/photo-by-ygona-moura-on-december.jpg?quality=70&amp;strip=info&amp;crop=0px%2C11px%2C984px%2C669px&amp;resize=680%2C453\"alt = \"jau-maasc-tiago-dos-santos-silva Morre de Covid-19 idosa que criou varal solid\u00e1rio de m\u00e1scaras para doa\u00e7\u00e3o\" class=\"lazyload media\"><span class=\"category hide-l\">Cultura &amp; Lazer<\/span><span class=\"title\">Morre influenciadora Ygona Moura por complica\u00e7\u00f5es da Covid-19<\/span><\/a><\/div>\n<div class=\"col-s-12 col-l-3\"><a href=\"https:\/\/vejasp.abril.com.br\/blog\/pop\/britto-jr-marcos-mion-record-diretor\/\" class=\"card\"><span class=\"category hide-s\">Cultura &amp; Lazer<\/span><img title = \"[Tags]\"data-src=\"https:\/\/vejasp.abril.com.br\/wp-content\/uploads\/2016\/12\/bri1.jpg?quality=70&amp;strip=info&amp;w=500&amp;h=321&amp;crop=1\"alt = \"jau-maasc-tiago-dos-santos-silva Morre de Covid-19 idosa que criou varal solid\u00e1rio de m\u00e1scaras para doa\u00e7\u00e3o\" class=\"lazyload media\"><span class=\"category hide-l\">Cultura &amp; Lazer<\/span><span class=\"title\">Britto Jr. detona diretor e fala sobre sa\u00edda de Mion da Record: &#8216;Eu avisei&#8217;<\/span><\/a><\/div>\n<\/div>\n<\/div>\n<\/div>\n<div class=\"ads post-ads\"><span class=\"title\">Continua ap\u00f3s a publicidade<\/span><\/p>\n<div id=\"abrAD_rectangle3\" class=\"abrAD\" data-ad-><\/div>\n<\/div>\n<p><br \/>\n<br \/><a href=\"https:\/\/vejasp.abril.com.br\/cidades\/idosa-varal-mascaras-covid-19\/\">Fonte do Artigo <\/a><br \/>\nTags:<br \/>\n#loterias #loteriascaixa #megasena #resultadoapostas#noticias #noticiario  #noticia #brasil #noticiascolombia #mundo #esporte #colombia #noticiadeld #ltimasnoticias  #noticiario #noticiasregionales #noticiasdepartamentales #noticiashoy #esportes #noticiaahora #elinformantenoticias #noticiasdeboyac  #esporteinterativo #esportivo #diariodosesportes  #noticiero  #jogodefutebol #jogos #loto #apostas<\/p>\n","protected":false},"excerpt":{"rendered":"<p>A costureira Maria Ruiz Vertuan, 72, perdeu seu trabalho durante a pandemia e, para ocupar seu tempo, havia decidido ajudar pessoas que n\u00e3o tinham condi\u00e7\u00f5es financeiras de comprar a prote\u00e7\u00e3o facial. A idosa expunha as m\u00e1scaras costuradas por ela mesma em seu port\u00e3o em um bairro de Ja\u00fa, no interior de S\u00e3o Paulo, e as [&hellip;]<\/p>\n","protected":false},"author":1,"featured_media":65473,"comment_status":"open","ping_status":"open","sticky":false,"template":"","format":"standard","meta":{"footnotes":""},"categories":[1],"tags":[],"class_list":["post-65472","post","type-post","status-publish","format-standard","has-post-thumbnail","hentry","category-curso-de-copy"],"_links":{"self":[{"href":"https:\/\/wiy.com.br\/noticias\/wp-json\/wp\/v2\/posts\/65472","targetHints":{"allow":["GET"]}}],"collection":[{"href":"https:\/\/wiy.com.br\/noticias\/wp-json\/wp\/v2\/posts"}],"about":[{"href":"https:\/\/wiy.com.br\/noticias\/wp-json\/wp\/v2\/types\/post"}],"author":[{"embeddable":true,"href":"https:\/\/wiy.com.br\/noticias\/wp-json\/wp\/v2\/users\/1"}],"replies":[{"embeddable":true,"href":"https:\/\/wiy.com.br\/noticias\/wp-json\/wp\/v2\/comments?post=65472"}],"version-history":[{"count":0,"href":"https:\/\/wiy.com.br\/noticias\/wp-json\/wp\/v2\/posts\/65472\/revisions"}],"wp:featuredmedia":[{"embeddable":true,"href":"https:\/\/wiy.com.br\/noticias\/wp-json\/wp\/v2\/media\/65473"}],"wp:attachment":[{"href":"https:\/\/wiy.com.br\/noticias\/wp-json\/wp\/v2\/media?parent=65472"}],"wp:term":[{"taxonomy":"category","embeddable":true,"href":"https:\/\/wiy.com.br\/noticias\/wp-json\/wp\/v2\/categories?post=65472"},{"taxonomy":"post_tag","embeddable":true,"href":"https:\/\/wiy.com.br\/noticias\/wp-json\/wp\/v2\/tags?post=65472"}],"curies":[{"name":"wp","href":"https:\/\/api.w.org\/{rel}","templated":true}]}}