{"id":65357,"date":"2023-02-26T15:11:25","date_gmt":"2023-02-26T18:11:25","guid":{"rendered":"https:\/\/wiy.com.br\/noticias\/instituto-sou-da-paz-lanca-plataforma-com-mapas-sobre-a-violencia-em-sp\/"},"modified":"2021-01-27T20:47:09","modified_gmt":"2021-01-27T22:47:09","slug":"instituto-sou-da-paz-lanca-plataforma-com-mapas-sobre-a-violencia-em-sp","status":"publish","type":"post","link":"https:\/\/wiy.com.br\/noticias\/instituto-sou-da-paz-lanca-plataforma-com-mapas-sobre-a-violencia-em-sp\/","title":{"rendered":"Instituto Sou da Paz lan\u00e7a plataforma com mapas sobre a viol\u00eancia em SP"},"content":{"rendered":"<p> <br \/>\n<\/p>\n<p>O <strong>Instituto Sou da Paz<\/strong> lan\u00e7ou\u00a0em S\u00e3o Paulo a<span>\u00a0<\/span>plataforma<span>\u00a0<\/span>Sou da Paz Analisa &#8211; Dados Online (link ao final da mat\u00e9ria), desenvolvida para viabilizar o acesso de jornalistas, pesquisadores e p\u00fablico aos dados sobre a viol\u00eancia no estado.<img title = \"[Tags]\"alt = \"ebc Instituto Sou da Paz lan\u00e7a plataforma com mapas sobre a viol\u00eancia em SP\"decoding=\"async\" src=\"https:\/\/agenciabrasil.ebc.com.br\/ebc.png?id=1399864&amp;o=node\" border=\"0\" \/><img title = \"[Tags]\"alt = \"ebc Instituto Sou da Paz lan\u00e7a plataforma com mapas sobre a viol\u00eancia em SP\"decoding=\"async\" src=\"https:\/\/agenciabrasil.ebc.com.br\/ebc.gif?id=1399864&amp;o=node\" border=\"0\" \/><\/p>\n<p>\u201cPara o instituto, a transpar\u00eancia das estat\u00edsticas de seguran\u00e7a p\u00fablica sobre viol\u00eancia e criminalidade s\u00e3o fundamentais para o fortalecimento da democracia e para a constru\u00e7\u00e3o de pol\u00edticas de preven\u00e7\u00e3o da viol\u00eancia\u201d, disse Carolina Ricardo, diretora-executiva do Sou da Paz, sobre a ferramenta, lan\u00e7ada\u00a0nesta\u00a0ter\u00e7a-feira\u00a0(27).<\/p>\n<p>Segundo Carolina, os dados precisam ser utilizados pela sociedade e, para isso, \u00e9 necess\u00e1rio criar plataformas amig\u00e1veis, para que a popula\u00e7\u00e3o possa acompanhar as estat\u00edsticas criminais sem a necessidade de conhecimento t\u00e9cnico.<\/p>\n<p>Por meio de uma interface que n\u00e3o demanda conhecimento t\u00e9cnico para navega\u00e7\u00e3o, o portal permite que os usu\u00e1rios acessem mapas tem\u00e1ticos e gr\u00e1ficos, cruzando diferentes crimes ou regi\u00f5es e se informem, de maneira intuitiva e simples, sobre os \u00edndices de homic\u00eddios, roubos e outros crimes violentos em suas cidades e regi\u00f5es.<\/p>\n<p>Al\u00e9m disso, \u00e9 poss\u00edvel acessar dados de letalidade e mortalidade policial do estado que s\u00e3o publicados mensalmente pela Secretaria da Seguran\u00e7a P\u00fablica de S\u00e3o Paulo (SSP-SP) e por\u00a0 Corregedorias das Pol\u00edcias Civil e Militar do estado. Isso\u00a0permite acesso a\u00a0um \u00fanico ambiente a informa\u00e7\u00f5es que s\u00e3o disponibilizadas em diferentes sites oficiais.<\/p>\n<p>\u201cRecebemos muitos pedidos de ajuda sobre os dados criminais de S\u00e3o Paulo. A maior parte deles est\u00e1\u00a0dispon\u00edvel\u00a0no site da Secretaria de Seguran\u00e7a p\u00fablica,\u00a0mas as pessoas n\u00e3o conseguem encontr\u00e1-los. Para resolver o problema, desenvolvemos uma plataforma que entrega os dados\u00a0de forma intuitiva, junto \u00e0s an\u00e1lises desenvolvidas pelo Sou da Paz\u201d, disse Leonardo de Carvalho, coordenador de projetos do Instituto Sou da Paz.<\/p>\n<p>Com a plataforma, pessoas que n\u00e3o acompanham regularmente as estat\u00edsticas criminais,\u00a0ter\u00e3o menos dificuldades em se informar sobre os \u00edndices em seus munic\u00edpios. Entre as funcionalidades, \u00e9 poss\u00edvel que, com uma busca por nome da rua, o usu\u00e1rio saiba qual \u00e9 a delegacia mais pr\u00f3xima e que tamb\u00e9m consulte estat\u00edsticas de ocorr\u00eancias registradas no Distrito Policial de sua regi\u00e3o.<\/p>\n<p>Conhe\u00e7a o site <a href=\"http:\/\/dadosonline.soudapaz.org\/\">aqui.<\/a><\/p>\n<div id=\"mais_lidas\" class=\"block related-posts mais-lidas\">\n<ul class=\"block-menu\">\n<li data-tab=\"tab-1\" class=\"active\">Mais lidas<\/li>\n<\/ul>\n<div id=\"tab-1\" class=\"block-content active\">\n<div class=\"row\">\n<div class=\"col-s-12 col-l-3\"><a href=\"https:\/\/vejasp.abril.com.br\/blog\/pop\/governo-federal-r-15-milhoes-leite-condensado\/\" class=\"card\"><span class=\"category hide-s\">Cultura &amp; Lazer<\/span><img title = \"[Tags]\"data-src=\"https:\/\/vejasp.abril.com.br\/wp-content\/uploads\/2021\/01\/EsqzYNQXEAA_JNf.jpg?quality=70&amp;strip=info&amp;w=680&amp;h=453&amp;crop=1\"alt = \"ebc Instituto Sou da Paz lan\u00e7a plataforma com mapas sobre a viol\u00eancia em SP\" class=\"lazyload media\"><span class=\"category hide-l\">Cultura &amp; Lazer<\/span><span class=\"title\">Governo gasta R$ 15 milh\u00f5es em leite condensado e internet n\u00e3o perdoa<\/span><\/a><\/div>\n<div class=\"col-s-12 col-l-3\"><a href=\"https:\/\/vejasp.abril.com.br\/cultura-lazer\/marcos-mion-a-fazenda-record\/\" class=\"card\"><span class=\"category hide-s\">Cultura &amp; Lazer<\/span><img title = \"[Tags]\"data-src=\"https:\/\/vejasp.abril.com.br\/wp-content\/uploads\/2021\/01\/a-fazenda-12-marcos-mion-04122020211148348.jpeg?quality=70&amp;strip=info&amp;w=680&amp;h=420&amp;crop=1\"alt = \"ebc Instituto Sou da Paz lan\u00e7a plataforma com mapas sobre a viol\u00eancia em SP\" class=\"lazyload media\"><span class=\"category hide-l\">Cultura &amp; Lazer<\/span><span class=\"title\">Marcos Mion deixa a Record e &#8216;A Fazenda&#8217; ganha novo apresentador<\/span><\/a><\/div>\n<div class=\"col-s-12 col-l-3\"><a href=\"https:\/\/vejasp.abril.com.br\/cultura-lazer\/faustao-saida-globo\/\" class=\"card\"><span class=\"category hide-s\">Cultura &amp; Lazer<\/span><img title = \"[Tags]\"data-src=\"https:\/\/vejasp.abril.com.br\/wp-content\/uploads\/2020\/05\/faustc3a3o.jpg?quality=70&amp;strip=info&amp;w=680&amp;h=412&amp;crop=1\"alt = \"ebc Instituto Sou da Paz lan\u00e7a plataforma com mapas sobre a viol\u00eancia em SP\" class=\"lazyload media\"><span class=\"category hide-l\">Cultura &amp; Lazer<\/span><span class=\"title\">Faust\u00e3o deixa a Globo ap\u00f3s 32 anos; &#8216;Doming\u00e3o&#8217; vai at\u00e9 dezembro<\/span><\/a><\/div>\n<div class=\"col-s-12 col-l-3\"><a href=\"https:\/\/vejasp.abril.com.br\/cidades\/grupo-mulekada\/\" class=\"card\"><span class=\"category hide-s\">Cidades<\/span><img title = \"[Tags]\"data-src=\"https:\/\/vejasp.abril.com.br\/wp-content\/uploads\/2016\/11\/6083_mulekada.jpeg?quality=70&amp;strip=info&amp;w=620&amp;h=397&amp;crop=1\"alt = \"ebc Instituto Sou da Paz lan\u00e7a plataforma com mapas sobre a viol\u00eancia em SP\" class=\"lazyload media\"><span class=\"category hide-l\">Cidades<\/span><span class=\"title\">Jacarezinho e mini Sheilas: por onde andam as crian\u00e7as do Mulekada<\/span><\/a><\/div>\n<\/div>\n<\/div>\n<\/div>\n<div class=\"ads post-ads\"><span class=\"title\">Continua ap\u00f3s a publicidade<\/span><\/p>\n<div id=\"abrAD_rectangle3\" class=\"abrAD\" data-ad-><\/div>\n<\/div>\n<p><br \/>\n<br \/><a href=\"https:\/\/vejasp.abril.com.br\/cidades\/instituto-sou-da-paz-mapas-violencia-sp\/\">Fonte do Artigo <\/a><br \/>\nTags:<br \/>\n#loterias #loteriascaixa #megasena #resultadoapostas#noticias #noticiario  #noticia #brasil #noticiascolombia #mundo #esporte #colombia #noticiadeld #ltimasnoticias  #noticiario #noticiasregionales #noticiasdepartamentales #noticiashoy #esportes #noticiaahora #elinformantenoticias #noticiasdeboyac  #esporteinterativo #esportivo #diariodosesportes  #noticiero  #jogodefutebol #jogos #loto #apostas<\/p>\n","protected":false},"excerpt":{"rendered":"<p>O Instituto Sou da Paz lan\u00e7ou\u00a0em S\u00e3o Paulo a\u00a0plataforma\u00a0Sou da Paz Analisa &#8211; Dados Online (link ao final da mat\u00e9ria), desenvolvida para viabilizar o acesso de jornalistas, pesquisadores e p\u00fablico aos dados sobre a viol\u00eancia no estado. \u201cPara o instituto, a transpar\u00eancia das estat\u00edsticas de seguran\u00e7a p\u00fablica sobre viol\u00eancia e criminalidade s\u00e3o fundamentais para o [&hellip;]<\/p>\n","protected":false},"author":1,"featured_media":64003,"comment_status":"open","ping_status":"open","sticky":false,"template":"","format":"standard","meta":{"footnotes":""},"categories":[1],"tags":[],"class_list":["post-65357","post","type-post","status-publish","format-standard","has-post-thumbnail","hentry","category-curso-de-copy"],"_links":{"self":[{"href":"https:\/\/wiy.com.br\/noticias\/wp-json\/wp\/v2\/posts\/65357","targetHints":{"allow":["GET"]}}],"collection":[{"href":"https:\/\/wiy.com.br\/noticias\/wp-json\/wp\/v2\/posts"}],"about":[{"href":"https:\/\/wiy.com.br\/noticias\/wp-json\/wp\/v2\/types\/post"}],"author":[{"embeddable":true,"href":"https:\/\/wiy.com.br\/noticias\/wp-json\/wp\/v2\/users\/1"}],"replies":[{"embeddable":true,"href":"https:\/\/wiy.com.br\/noticias\/wp-json\/wp\/v2\/comments?post=65357"}],"version-history":[{"count":0,"href":"https:\/\/wiy.com.br\/noticias\/wp-json\/wp\/v2\/posts\/65357\/revisions"}],"wp:featuredmedia":[{"embeddable":true,"href":"https:\/\/wiy.com.br\/noticias\/wp-json\/wp\/v2\/media\/64003"}],"wp:attachment":[{"href":"https:\/\/wiy.com.br\/noticias\/wp-json\/wp\/v2\/media?parent=65357"}],"wp:term":[{"taxonomy":"category","embeddable":true,"href":"https:\/\/wiy.com.br\/noticias\/wp-json\/wp\/v2\/categories?post=65357"},{"taxonomy":"post_tag","embeddable":true,"href":"https:\/\/wiy.com.br\/noticias\/wp-json\/wp\/v2\/tags?post=65357"}],"curies":[{"name":"wp","href":"https:\/\/api.w.org\/{rel}","templated":true}]}}