{"id":65242,"date":"2023-02-26T15:06:05","date_gmt":"2023-02-26T18:06:05","guid":{"rendered":"https:\/\/wiy.com.br\/noticias\/onibus-tomba-e-deixa-ao-menos-19-mortos-em-rodovia-do-parana\/"},"modified":"2021-01-25T16:46:10","modified_gmt":"2021-01-25T18:46:10","slug":"onibus-tomba-e-deixa-ao-menos-19-mortos-em-rodovia-do-parana","status":"publish","type":"post","link":"https:\/\/wiy.com.br\/noticias\/onibus-tomba-e-deixa-ao-menos-19-mortos-em-rodovia-do-parana\/","title":{"rendered":"\u00d4nibus tomba e deixa ao menos 19 mortos em rodovia do Paran\u00e1"},"content":{"rendered":"<p> <br \/>\n<\/p>\n<p>Um <strong>\u00f4nibus<\/strong> tombou na manh\u00e3 desta segunda-feira (25) na <span>BR-376 em Guaratuba, no litoral do <strong>Paran\u00e1.<\/strong> At\u00e9 o momento, foram confirmadas 19 mortes e 7 v\u00edtimas graves entre os 55 passageiros. <\/span>As v\u00edtimas foram levadas a hospitais da regi\u00e3o e as mais graves foram de helic\u00f3ptero at\u00e9 Curitiba e Joinville.<\/p>\n<p>O acidente aconteceu por voltas das 8h30, segundo a <span>Arteris, concession\u00e1ria que administra a via. O \u00f4nibus, com placa de Bel\u00e9m, partiu na sexta-feira da cidade paraense com destino a Balne\u00e1rio Cambori\u00fa.\u00a0<\/span><span>De acordo a Pol\u00edcia Rodovi\u00e1ria Federal, o ve\u00edculo seguiria para S\u00e3o Jos\u00e9 ap\u00f3s uma parada. <\/span>A empresa <span> TC Pires da Cruz diz que o \u00f4nibus foi fretado por uma pessoa respons\u00e1vel pelo grupo.\u00a0<\/span><\/p>\n<p>A porta-voz do Corpo de Bombeiros, t<span>enente Ana Paula In\u00e1cio de Oliveira, diz que, apesar de ser uma via com grande fluxo, a passagem estava normal pela manh\u00e3 e n\u00e3o chovia. &#8220;Tivemos v\u00e1rios dias de fortes chuvas, contundo hoje essa situa\u00e7\u00e3o n\u00e3o acontecia. A pista, a princ\u00edpio, estava dentro da normalidade e tivemos acidente&#8221;, disse \u00e0 CNN Brasil.\u00a0<\/span><\/p>\n<p>O motivo do acidente est\u00e1 em investiga\u00e7\u00e3o.<\/p>\n<h3><span>Leia a nota da empresa TC Pires da Cruz <\/span><\/h3>\n<p><em>&#8220;A empresa de turismo TC Pires da Cruz, com sede em Ananindeua-PA, vem informar a todos, que hoje segunda-feira (25), por volta das 09h recebeu a not\u00edcia sobre um acidente com o \u00f4nibus da empresa, na cidade de Guaratuba no Paran\u00e1. Ainda n\u00e3o se sabe as causas do acidente e nem o n\u00famero real de \u00f3bitos e feridos. O respons\u00e1vel pela TC Turismo est\u00e1 a caminho do local do acidente para prestar aux\u00edlio \u00e0s v\u00edtimas. O \u00f4nibus que saiu de Bel\u00e9m na sexta-feira (22) \u00e0s 18h com destino \u00e0 Santa Catarina, foi fretado por uma terceira pessoa, respons\u00e1vel pelo grupo, que tamb\u00e9m estava no \u00f4nibus que capotou. De acordo com a lista de passageiros fornecida pelo contratante da viagem, haviam 50 pessoas a bordo do \u00f4nibus. A empresa est\u00e1 providenciando um meio de comunica\u00e7\u00e3o para prestar informa\u00e7\u00f5es aos familiares. A TC Pires da Cruz informa que prestar\u00e1 todo apoio necess\u00e1rio \u00e0s v\u00edtimas e familiares e n\u00e3o medir\u00e1 esfor\u00e7os para amenizar a dor de cada um dos paraenses envolvidos no acidente, assim como a dos seus entes queridos, neste momento t\u00e3o dif\u00edcil para todos&#8221;.<\/em><\/p>\n<div id=\"relacionadas\" class=\"block related-posts three_columns\">\n<ul class=\"block-menu\">\n<li data-tab=\"tab-1\" class=\"active\">Relacionadas<\/li>\n<\/ul>\n<div id=\"tab-1\" class=\"block-content active\">\n<div class=\"row\">\n<li class=\"widget-news-item without-thumb with-border\">\n<div class=\"widget-news-info\"><a href=\"http:\/\/vejasp.abril.com.br\/cidades\">Cidades<\/a><span class=\"widget-news-item-title\"><a href=\"https:\/\/vejasp.abril.com.br\/cidades\/sao-paulo-memorial-vitimas-covid-19\/\">S\u00e3o Paulo inaugura memorial em homenagem \u00e0s v\u00edtimas da Covid-19<\/a><\/span><span class=\"widget-news-item-date\">25 jan 2021 &#8211; 13h01<\/span><\/div>\n<\/li>\n<li class=\"widget-news-item without-thumb with-border\">\n<div class=\"widget-news-info\"><a href=\"http:\/\/vejasp.abril.com.br\/cultura-lazer\">Cultura &amp; Lazer<\/a><span class=\"widget-news-item-title\"><a href=\"https:\/\/vejasp.abril.com.br\/cultura-lazer\/faustao-saida-globo\/\">Faust\u00e3o deixa a Globo ap\u00f3s 32 anos e encerra &#8216;Doming\u00e3o&#8217;, diz colunista<\/a><\/span><span class=\"widget-news-item-date\">25 jan 2021 &#8211; 12h01<\/span><\/div>\n<\/li>\n<li class=\"widget-news-item without-thumb with-border\">\n<div class=\"widget-news-info\"><a href=\"http:\/\/vejasp.abril.com.br\/cidades\">Cidades<\/a><span class=\"widget-news-item-title\"><a href=\"https:\/\/vejasp.abril.com.br\/cidades\/mudanca-fase-vermelha-sao-paulo\/\">S\u00e3o Paulo entra em per\u00edodo mais restritivo; veja o que abre e fecha<\/a><\/span><span class=\"widget-news-item-date\">25 jan 2021 &#8211; 11h01<\/span><\/div>\n<\/li>\n<\/div>\n<\/div>\n<\/div>\n<p>&nbsp;<\/p>\n<div id=\"mais_lidas\" class=\"block related-posts mais-lidas\">\n<ul class=\"block-menu\">\n<li data-tab=\"tab-1\" class=\"active\">Mais lidas<\/li>\n<\/ul>\n<div id=\"tab-1\" class=\"block-content active\">\n<div class=\"row\">\n<div class=\"col-s-12 col-l-3\"><a href=\"https:\/\/vejasp.abril.com.br\/cultura-lazer\/faustao-saida-globo\/\" class=\"card\"><span class=\"category hide-s\">Cultura &amp; Lazer<\/span><img title = \"[Tags]\"data-src=\"https:\/\/vejasp.abril.com.br\/wp-content\/uploads\/2020\/05\/faustc3a3o.jpg?quality=70&amp;strip=info&amp;w=680&amp;h=412&amp;crop=1\"alt = \"faustc3a3o \u00d4nibus tomba e deixa ao menos 19 mortos em rodovia do Paran\u00e1\" class=\"lazyload media\"><span class=\"category hide-l\">Cultura &amp; Lazer<\/span><span class=\"title\">Faust\u00e3o deixa a Globo ap\u00f3s 32 anos e encerra &#8216;Doming\u00e3o&#8217;, diz colunista<\/span><\/a><\/div>\n<div class=\"col-s-12 col-l-3\"><a href=\"https:\/\/vejasp.abril.com.br\/cidades\/mudanca-fase-vermelha-sao-paulo\/\" class=\"card\"><span class=\"category hide-s\">Cidades<\/span><img title = \"[Tags]\"data-src=\"https:\/\/vejasp.abril.com.br\/wp-content\/uploads\/2020\/04\/sao_paulo_quarentena_covid_-_19_coronavirus2403209978.jpg?quality=70&amp;strip=info&amp;w=680&amp;h=453&amp;crop=1\"alt = \"faustc3a3o \u00d4nibus tomba e deixa ao menos 19 mortos em rodovia do Paran\u00e1\" class=\"lazyload media\"><span class=\"category hide-l\">Cidades<\/span><span class=\"title\">S\u00e3o Paulo entra em per\u00edodo mais restritivo; veja o que abre e fecha<\/span><\/a><\/div>\n<div class=\"col-s-12 col-l-3\"><a href=\"https:\/\/vejasp.abril.com.br\/blog\/terraco-paulistano\/nao-no-meu-quintal-moradores-reclamam-de-novos-predios-no-morumbi\/\" class=\"card\"><span class=\"category hide-s\">Cidades<\/span><img title = \"[Tags]\"data-src=\"https:\/\/vejasp.abril.com.br\/wp-content\/uploads\/2021\/01\/Il-Faro-Il-Bosco-DIVULGA\u00c7\u00c3O.jpg.jpg?quality=70&amp;strip=info&amp;w=680&amp;h=453&amp;crop=1\"alt = \"faustc3a3o \u00d4nibus tomba e deixa ao menos 19 mortos em rodovia do Paran\u00e1\" class=\"lazyload media\"><span class=\"category hide-l\">Cidades<\/span><span class=\"title\">N\u00e3o no meu quintal: moradores reclamam de novos pr\u00e9dios no Morumbi<\/span><\/a><\/div>\n<div class=\"col-s-12 col-l-3\"><a href=\"https:\/\/vejasp.abril.com.br\/blog\/pop\/felipe-neto-critica-leitura-forcada-de-machado-de-assis-por-jovens\/\" class=\"card\"><span class=\"category hide-s\">Cultura &amp; Lazer<\/span><img title = \"[Tags]\"data-src=\"https:\/\/vejasp.abril.com.br\/wp-content\/uploads\/2020\/11\/felipe-neto-posa-diante-de-estante-de-livros-1600823230345_v2_900x506.jpg?quality=70&amp;strip=info&amp;w=680&amp;h=453&amp;crop=1\"alt = \"faustc3a3o \u00d4nibus tomba e deixa ao menos 19 mortos em rodovia do Paran\u00e1\" class=\"lazyload media\"><span class=\"category hide-l\">Cultura &amp; Lazer<\/span><span class=\"title\">Felipe Neto critica leitura &#8220;for\u00e7ada&#8221; de Machado de Assis por jovens<\/span><\/a><\/div>\n<\/div>\n<\/div>\n<\/div>\n<div class=\"ads post-ads\"><span class=\"title\">Continua ap\u00f3s a publicidade<\/span><\/p>\n<div id=\"abrAD_rectangle3\" class=\"abrAD\" data-ad-><\/div>\n<\/div>\n<p><br \/>\n<br \/><a href=\"https:\/\/vejasp.abril.com.br\/cidades\/onibus-acidente-parana\/\">Fonte do Artigo <\/a><br \/>\nTags:<br \/>\n#loterias #loteriascaixa #megasena #resultadoapostas#noticias #noticiario  #noticia #brasil #noticiascolombia #mundo #esporte #colombia #noticiadeld #ltimasnoticias  #noticiario #noticiasregionales #noticiasdepartamentales #noticiashoy #esportes #noticiaahora #elinformantenoticias #noticiasdeboyac  #esporteinterativo #esportivo #diariodosesportes  #noticiero  #jogodefutebol #jogos #loto #apostas<\/p>\n","protected":false},"excerpt":{"rendered":"<p>Um \u00f4nibus tombou na manh\u00e3 desta segunda-feira (25) na BR-376 em Guaratuba, no litoral do Paran\u00e1. At\u00e9 o momento, foram confirmadas 19 mortes e 7 v\u00edtimas graves entre os 55 passageiros. As v\u00edtimas foram levadas a hospitais da regi\u00e3o e as mais graves foram de helic\u00f3ptero at\u00e9 Curitiba e Joinville. O acidente aconteceu por voltas [&hellip;]<\/p>\n","protected":false},"author":1,"featured_media":65243,"comment_status":"open","ping_status":"open","sticky":false,"template":"","format":"standard","meta":{"footnotes":""},"categories":[1],"tags":[],"class_list":["post-65242","post","type-post","status-publish","format-standard","has-post-thumbnail","hentry","category-curso-de-copy"],"_links":{"self":[{"href":"https:\/\/wiy.com.br\/noticias\/wp-json\/wp\/v2\/posts\/65242","targetHints":{"allow":["GET"]}}],"collection":[{"href":"https:\/\/wiy.com.br\/noticias\/wp-json\/wp\/v2\/posts"}],"about":[{"href":"https:\/\/wiy.com.br\/noticias\/wp-json\/wp\/v2\/types\/post"}],"author":[{"embeddable":true,"href":"https:\/\/wiy.com.br\/noticias\/wp-json\/wp\/v2\/users\/1"}],"replies":[{"embeddable":true,"href":"https:\/\/wiy.com.br\/noticias\/wp-json\/wp\/v2\/comments?post=65242"}],"version-history":[{"count":0,"href":"https:\/\/wiy.com.br\/noticias\/wp-json\/wp\/v2\/posts\/65242\/revisions"}],"wp:featuredmedia":[{"embeddable":true,"href":"https:\/\/wiy.com.br\/noticias\/wp-json\/wp\/v2\/media\/65243"}],"wp:attachment":[{"href":"https:\/\/wiy.com.br\/noticias\/wp-json\/wp\/v2\/media?parent=65242"}],"wp:term":[{"taxonomy":"category","embeddable":true,"href":"https:\/\/wiy.com.br\/noticias\/wp-json\/wp\/v2\/categories?post=65242"},{"taxonomy":"post_tag","embeddable":true,"href":"https:\/\/wiy.com.br\/noticias\/wp-json\/wp\/v2\/tags?post=65242"}],"curies":[{"name":"wp","href":"https:\/\/api.w.org\/{rel}","templated":true}]}}