{"id":6502,"date":"2023-02-26T15:28:34","date_gmt":"2023-02-26T18:28:34","guid":{"rendered":"https:\/\/wiy.com.br\/noticias\/doria-anuncia-corujao-da-educacao-para-frear-evasao-do-ensino-medio\/"},"modified":"2019-02-22T18:32:02","modified_gmt":"2019-02-22T21:32:02","slug":"doria-anuncia-corujao-da-educacao-para-frear-evasao-do-ensino-medio","status":"publish","type":"post","link":"https:\/\/wiy.com.br\/noticias\/doria-anuncia-corujao-da-educacao-para-frear-evasao-do-ensino-medio\/","title":{"rendered":"Doria anuncia \u201cCoruj\u00e3o da Educa\u00e7\u00e3o\u201d para frear evas\u00e3o do ensino m\u00e9dio"},"content":{"rendered":"<p> <br \/>\n<\/p>\n<p>S\u00e3o Paulo \u2014 O <strong><a href=\"https:\/\/exame.abril.com.br\/noticias-sobre\/joao-doria-junior\/\" target=\"_blank\" rel=\"noopener noreferrer\">governo de S\u00e3o Paulo<\/a><\/strong> anunciou nesta sexta-feira (22) o lan\u00e7amento de uma consulta p\u00fablica para universidades p\u00fablicas e privadas visando criar programas de atendimento a alunos do ensino m\u00e9dio das <strong><a href=\"https:\/\/exame.abril.com.br\/noticias-sobre\/escolas\/\" target=\"_blank\" rel=\"noopener noreferrer\">escolas<\/a><\/strong> estaduais do Estado, no contra turno escolar, para desenvolvimento de atividades complementares.<\/p>\n<p>O objetivo do governo com a iniciativa \u00e9 melhorar a aprendizagem e reduzir a evas\u00e3o escolar. A ideia \u00e9 que um projeto-piloto seja desenvolvido ainda a partir do primeiro semestre, com at\u00e9 30 mil alunos da rede do ensino m\u00e9dio, mas que evolua para atendimento de n\u00famero maior de jovens nos pr\u00f3ximos anos, para at\u00e9 um total de 300 mil.<\/p>\n<p>&#8220;O nosso programa come\u00e7a no m\u00eas de maio nas universidades de S\u00e3o Paulo. De certa forma, \u00e9 um &#8216;Coruj\u00e3o da Educa\u00e7\u00e3o&#8217;, porque ele vai ocupar os hor\u00e1rios dispon\u00edveis nas salas de aula de universidades, garantindo com isso melhor qualidade de ensino e principalmente uma motiva\u00e7\u00e3o adicional para os alunos da rede do ensino m\u00e9dio&#8221;, disse o governador de S\u00e3o Paulo, Jo\u00e3o Doria.<\/p>\n<div class=\"widget-news widget-box no-margin no-border\"><span class=\"widget-news-title content-box-title\">Veja tamb\u00e9m<\/span><\/p>\n<ul class=\"widget-news-list\">\n<li class=\"widget-news-item without-thumb with-border\">\n<div class=\"widget-news-info\"><a href=\"http:\/\/exame.abril.com.br\/brasil\">BRASIL<\/a><span class=\"widget-news-item-title\"><a href=\"https:\/\/exame.abril.com.br\/brasil\/mec-analisa-proposta-de-mudanca-na-formacao-de-professores-feita-por-temer\/\">MEC analisa proposta de mudan\u00e7a na forma\u00e7\u00e3o de professores feita por Temer<\/a><\/span><span class=\"widget-news-item-date\">20 fev 2019 &#8211; 09h02<\/span><\/div>\n<\/li>\n<\/ul>\n<\/div>\n<p>O secret\u00e1rio da Educa\u00e7\u00e3o do Estado de S\u00e3o Paulo, Rossieli Soares, lembrou que dados recentes apontam um crescente abandono da escola pelos estudantes no Estado e a iniciativa visa reverter a situa\u00e7\u00e3o, al\u00e9m de colaborar para dar uma perspectiva de futuro aos jovens.<\/p>\n<p>&#8220;25% dos jovens n\u00e3o est\u00e3o o ensino m\u00e9dio, isso se refere \u00e0 atratividade, e dos que v\u00e3o at\u00e9 o ensino superior, muitos n\u00e3o sabem nem como escolher os cursos do seu itiner\u00e1rio, o seu projeto de vida&#8221;, disse.<\/p>\n<p>Segundo ele, as universidades p\u00fablicas e privadas do Estado teriam capacidade de atendimento de at\u00e9 600 mil estudantes sem refor\u00e7o de infraestrutura, e o projeto j\u00e1 teria despertado interesse das universidades, tendo em vista a possibilidade de se aproximar do seu p\u00fablico-alvo e ocupar espa\u00e7os ociosos.<\/p>\n<p>Na consulta p\u00fablica, as universidades apresentar\u00e3o seus projetos pedag\u00f3gicos, com base na estrutura j\u00e1 dispon\u00edvel. As atividades propostas passar\u00e3o pelo crivo da Secretaria Estadual da Educa\u00e7\u00e3o.<\/p>\n<p>Os cursos ter\u00e3o dura\u00e7\u00e3o de 200 horas e estar\u00e3o em conson\u00e2ncia com a Base Nacional Comum Curricular (BNCC). O custo, para o Estado, ser\u00e1 de cerca de R$ 500 por aluno por ano.<\/p>\n<p>A ades\u00e3o dos alunos ao programa ser\u00e1 volunt\u00e1ria e o per\u00edodo de inscri\u00e7\u00e3o est\u00e1 programado para ocorrer a partir do final de abril.<\/p>\n<p>O certificado estar\u00e1 atrelado \u00e0 conclus\u00e3o do ensino m\u00e9dio e a carga hor\u00e1ria do curso n\u00e3o vai substituir as aulas regulares, que continuar\u00e3o obrigat\u00f3rias.<\/p>\n<p><br \/>\n<br \/><a href=\"https:\/\/exame.abril.com.br\/brasil\/doria-anuncia-corujao-da-educacao-para-frear-evasao-do-ensino-medio\/\">Source link <\/a><\/p>\n","protected":false},"excerpt":{"rendered":"<p>S\u00e3o Paulo \u2014 O governo de S\u00e3o Paulo anunciou nesta sexta-feira (22) o lan\u00e7amento de uma consulta p\u00fablica para universidades p\u00fablicas e privadas visando criar programas de atendimento a alunos do ensino m\u00e9dio das escolas estaduais do Estado, no contra turno escolar, para desenvolvimento de atividades complementares. O objetivo do governo com a iniciativa \u00e9 [&hellip;]<\/p>\n","protected":false},"author":1,"featured_media":6503,"comment_status":"open","ping_status":"open","sticky":false,"template":"","format":"standard","meta":{"footnotes":""},"categories":[337],"tags":[],"class_list":["post-6502","post","type-post","status-publish","format-standard","has-post-thumbnail","hentry","category-noticias"],"_links":{"self":[{"href":"https:\/\/wiy.com.br\/noticias\/wp-json\/wp\/v2\/posts\/6502","targetHints":{"allow":["GET"]}}],"collection":[{"href":"https:\/\/wiy.com.br\/noticias\/wp-json\/wp\/v2\/posts"}],"about":[{"href":"https:\/\/wiy.com.br\/noticias\/wp-json\/wp\/v2\/types\/post"}],"author":[{"embeddable":true,"href":"https:\/\/wiy.com.br\/noticias\/wp-json\/wp\/v2\/users\/1"}],"replies":[{"embeddable":true,"href":"https:\/\/wiy.com.br\/noticias\/wp-json\/wp\/v2\/comments?post=6502"}],"version-history":[{"count":0,"href":"https:\/\/wiy.com.br\/noticias\/wp-json\/wp\/v2\/posts\/6502\/revisions"}],"wp:featuredmedia":[{"embeddable":true,"href":"https:\/\/wiy.com.br\/noticias\/wp-json\/wp\/v2\/media\/6503"}],"wp:attachment":[{"href":"https:\/\/wiy.com.br\/noticias\/wp-json\/wp\/v2\/media?parent=6502"}],"wp:term":[{"taxonomy":"category","embeddable":true,"href":"https:\/\/wiy.com.br\/noticias\/wp-json\/wp\/v2\/categories?post=6502"},{"taxonomy":"post_tag","embeddable":true,"href":"https:\/\/wiy.com.br\/noticias\/wp-json\/wp\/v2\/tags?post=6502"}],"curies":[{"name":"wp","href":"https:\/\/api.w.org\/{rel}","templated":true}]}}