{"id":64965,"date":"2023-02-26T15:23:34","date_gmt":"2023-02-26T18:23:34","guid":{"rendered":"https:\/\/wiy.com.br\/noticias\/gilmar-mendes-suspende-inquerito-contra-desembargador-que-humilhou-guarda\/"},"modified":"2021-01-19T12:13:31","modified_gmt":"2021-01-19T14:13:31","slug":"gilmar-mendes-suspende-inquerito-contra-desembargador-que-humilhou-guarda","status":"publish","type":"post","link":"https:\/\/wiy.com.br\/noticias\/gilmar-mendes-suspende-inquerito-contra-desembargador-que-humilhou-guarda\/","title":{"rendered":"Gilmar Mendes suspende inqu\u00e9rito contra desembargador que humilhou guarda"},"content":{"rendered":"<p> <br \/>\n<\/p>\n<p><strong>Gilmar Mendes<\/strong>, ministro do Supremo Tribunal Federal (STF), decidiu suspender o inqu\u00e9rito que investiga o <strong>desembargador Eduardo Siqueira, <\/strong>revelou o jornal <em>Folha de S. Paulo<\/em>. Ele foi flagrado no ano passado <a href=\"https:\/\/vejasp.abril.com.br\/cidades\/desembargador-sem-mascara-ofende-guarda-e-rasga-multa\/\">humilhando um guarda civil em Santos<\/a> ap\u00f3s ser multado por n\u00e3o respeitar medidas de preven\u00e7\u00e3o contra a <strong>Covid-19.\u00a0<\/strong><\/p>\n<p>De acordo com o entendimento de Gilmar Mendes, a corte violou o direito de defesa de Eduardo Siqueira por n\u00e3o ter notificado os advogados sobre julgamento que determinou a instaura\u00e7\u00e3o do inqu\u00e9rito. A apura\u00e7\u00e3o ser\u00e1 suspensa at\u00e9 o &#8220;julgamento final&#8221; do recurso de Siqueira no Supremo.<\/p>\n<p>A edi\u00e7\u00e3o desta semana de <strong>VEJA S\u00e3o Paulo<\/strong> mostra que o desembargador <a href=\"https:\/\/vejasp.abril.com.br\/blog\/terraco-paulistano\/desembargador-que-humilhou-guarda-em-santos-ainda-recebe-salario\/\">continua recebendo o sal\u00e1rio de quase R$ 35 000<\/a>. Em um processo civil, Siqueira afirma ter sido v\u00edtima de arma\u00e7\u00e3o e alega fazer tratamento para problemas psicol\u00f3gicos.<\/p>\n<p>Segundo seu advogado Marco Barone, ele est\u00e1 afastado de suas fun\u00e7\u00f5es, mas \u201crecebe vencimentos de acordo com a lei\u201d. Em nota, o Tribunal de Justi\u00e7a refor\u00e7a que as normas atuais garantem o pagamento integral at\u00e9 a decis\u00e3o final de processo administrativo disciplinar.<\/p>\n<p>\u201cDeixei de fazer horas extras ap\u00f3s esse epis\u00f3dio, as pessoas me reconhecem muito na rua agora. Quando saio de casa, saio preocupado\u201d, lamenta o guarda C\u00edcero Hil\u00e1rio Roza.<\/p>\n<div id=\"relacionadas\" class=\"block related-posts three_columns\">\n<ul class=\"block-menu\">\n<li data-tab=\"tab-1\" class=\"active\">Relacionadas<\/li>\n<\/ul>\n<div id=\"tab-1\" class=\"block-content active\">\n<div class=\"row\">\n<li class=\"widget-news-item without-thumb with-border\">\n<div class=\"widget-news-info\"><a href=\"http:\/\/vejasp.abril.com.br\/cidades\">Cidades<\/a><span class=\"widget-news-item-title\"><a href=\"https:\/\/vejasp.abril.com.br\/cidades\/filha-jogador-futebol-morre-armario\/\">Filha de 4 anos do jogador Luiz Paulo morre em acidente dom\u00e9stico<\/a><\/span><span class=\"widget-news-item-date\">19 jan 2021 &#8211; 09h01<\/span><\/div>\n<\/li>\n<li class=\"widget-news-item without-thumb with-border\">\n<div class=\"widget-news-info\"><a href=\"http:\/\/vejasp.abril.com.br\/cidades\">Cidades<\/a><span class=\"widget-news-item-title\"><a href=\"https:\/\/vejasp.abril.com.br\/cidades\/terremoto-argentina-sao-paulo\/\">Terremoto na Argentina foi sentido em S\u00e3o Paulo, relatam moradores<\/a><\/span><span class=\"widget-news-item-date\">19 jan 2021 &#8211; 02h01<\/span><\/div>\n<\/li>\n<li class=\"widget-news-item without-thumb with-border\">\n<div class=\"widget-news-info\"><a href=\"http:\/\/vejasp.abril.com.br\/saude\">Sa\u00fade<\/a><span class=\"widget-news-item-title\"><a href=\"https:\/\/vejasp.abril.com.br\/saude\/pazuello-vacinas-india\/\">Pazuello culpa fuso hor\u00e1rio e n\u00e3o d\u00e1 data para chegada de vacinas da \u00cdndia<\/a><\/span><span class=\"widget-news-item-date\">18 jan 2021 &#8211; 18h01<\/span><\/div>\n<\/li>\n<\/div>\n<\/div>\n<\/div>\n<p>&nbsp;<\/p>\n<div id=\"mais_lidas\" class=\"block related-posts mais-lidas\">\n<ul class=\"block-menu\">\n<li data-tab=\"tab-1\" class=\"active\">Mais lidas<\/li>\n<\/ul>\n<div id=\"tab-1\" class=\"block-content active\">\n<div class=\"row\">\n<div class=\"col-s-12 col-l-3\"><a href=\"https:\/\/vejasp.abril.com.br\/saude\/pre-cadastro-vacinacao-site-sp\/\" class=\"card\"><span class=\"category hide-s\">Sa\u00fade<\/span><img title = \"[Tags]\"data-src=\"https:\/\/vejasp.abril.com.br\/wp-content\/uploads\/2021\/01\/50522094172_6a46c456bb_c-1.jpg?quality=70&amp;strip=info&amp;w=680&amp;h=453&amp;crop=1\"alt = \"50522094172_6a46c456bb_c-1 Gilmar Mendes suspende inqu\u00e9rito contra desembargador que humilhou guarda\" class=\"lazyload media\"><span class=\"category hide-l\">Sa\u00fade<\/span><span class=\"title\">SP lan\u00e7a site &#8216;Vacina J\u00e1&#8217; de pr\u00e9-cadastro para vacina\u00e7\u00e3o contra Covid<\/span><\/a><\/div>\n<div class=\"col-s-12 col-l-3\"><a href=\"https:\/\/vejasp.abril.com.br\/cultura-lazer\/agressores-henri-castelli-lesao-grave\/\" class=\"card\"><span class=\"category hide-s\">Cultura &amp; Lazer<\/span><img title = \"[Tags]\"data-src=\"https:\/\/vejasp.abril.com.br\/wp-content\/uploads\/2021\/01\/Design-sem-nome-20.png?w=680&amp;h=453&amp;crop=1\"alt = \"50522094172_6a46c456bb_c-1 Gilmar Mendes suspende inqu\u00e9rito contra desembargador que humilhou guarda\" class=\"lazyload media\"><span class=\"category hide-l\">Cultura &amp; Lazer<\/span><span class=\"title\">Henri Castelli: o que se sabe sobre agress\u00e3o que desfigurou rosto do ator<\/span><\/a><\/div>\n<div class=\"col-s-12 col-l-3\"><a href=\"https:\/\/vejasp.abril.com.br\/cidades\/terremoto-argentina-sao-paulo\/\" class=\"card\"><span class=\"category hide-s\">Cidades<\/span><img title = \"[Tags]\"data-src=\"https:\/\/vejasp.abril.com.br\/wp-content\/uploads\/2021\/01\/Design-sem-nome-27.png?w=680&amp;h=452&amp;crop=1\"alt = \"50522094172_6a46c456bb_c-1 Gilmar Mendes suspende inqu\u00e9rito contra desembargador que humilhou guarda\" class=\"lazyload media\"><span class=\"category hide-l\">Cidades<\/span><span class=\"title\">Terremoto na Argentina foi sentido em S\u00e3o Paulo, relatam moradores<\/span><\/a><\/div>\n<div class=\"col-s-12 col-l-3\"><a href=\"https:\/\/vejasp.abril.com.br\/cidades\/controverso-uso-da-ibogaina-tratamento-contra-o-vicio-em-drogas\/\" class=\"card\"><span class=\"category hide-s\">Cidades<\/span><img title = \"[Tags]\"data-src=\"https:\/\/vejasp.abril.com.br\/wp-content\/uploads\/2016\/11\/24177_rodrigo002-jpg.jpeg?quality=70&amp;strip=info&amp;crop=0px%2C219px%2C800px%2C545px&amp;resize=680%2C453\"alt = \"50522094172_6a46c456bb_c-1 Gilmar Mendes suspende inqu\u00e9rito contra desembargador que humilhou guarda\" class=\"lazyload media\"><span class=\"category hide-l\">Cidades<\/span><span class=\"title\">O controverso uso da iboga\u00edna no tratamento contra o v\u00edcio em drogas<\/span><\/a><\/div>\n<\/div>\n<\/div>\n<\/div>\n<div class=\"ads post-ads\"><span class=\"title\">Continua ap\u00f3s a publicidade<\/span><\/p>\n<div id=\"abrAD_rectangle3\" class=\"abrAD\" data-ad-><\/div>\n<\/div>\n<p><br \/>\n<br \/><a href=\"https:\/\/vejasp.abril.com.br\/cidades\/inquerito-desembargador-eduardo-siqueira\/\">Fonte do Artigo <\/a><br \/>\nTags:<br \/>\n#loterias #loteriascaixa #megasena #resultadoapostas#noticias #noticiario  #noticia #brasil #noticiascolombia #mundo #esporte #colombia #noticiadeld #ltimasnoticias  #noticiario #noticiasregionales #noticiasdepartamentales #noticiashoy #esportes #noticiaahora #elinformantenoticias #noticiasdeboyac  #esporteinterativo #esportivo #diariodosesportes  #noticiero  #jogodefutebol #jogos #loto #apostas<\/p>\n","protected":false},"excerpt":{"rendered":"<p>Gilmar Mendes, ministro do Supremo Tribunal Federal (STF), decidiu suspender o inqu\u00e9rito que investiga o desembargador Eduardo Siqueira, revelou o jornal Folha de S. Paulo. Ele foi flagrado no ano passado humilhando um guarda civil em Santos ap\u00f3s ser multado por n\u00e3o respeitar medidas de preven\u00e7\u00e3o contra a Covid-19.\u00a0 De acordo com o entendimento de [&hellip;]<\/p>\n","protected":false},"author":1,"featured_media":64816,"comment_status":"open","ping_status":"open","sticky":false,"template":"","format":"standard","meta":{"footnotes":""},"categories":[1],"tags":[],"class_list":["post-64965","post","type-post","status-publish","format-standard","has-post-thumbnail","hentry","category-curso-de-copy"],"_links":{"self":[{"href":"https:\/\/wiy.com.br\/noticias\/wp-json\/wp\/v2\/posts\/64965","targetHints":{"allow":["GET"]}}],"collection":[{"href":"https:\/\/wiy.com.br\/noticias\/wp-json\/wp\/v2\/posts"}],"about":[{"href":"https:\/\/wiy.com.br\/noticias\/wp-json\/wp\/v2\/types\/post"}],"author":[{"embeddable":true,"href":"https:\/\/wiy.com.br\/noticias\/wp-json\/wp\/v2\/users\/1"}],"replies":[{"embeddable":true,"href":"https:\/\/wiy.com.br\/noticias\/wp-json\/wp\/v2\/comments?post=64965"}],"version-history":[{"count":0,"href":"https:\/\/wiy.com.br\/noticias\/wp-json\/wp\/v2\/posts\/64965\/revisions"}],"wp:featuredmedia":[{"embeddable":true,"href":"https:\/\/wiy.com.br\/noticias\/wp-json\/wp\/v2\/media\/64816"}],"wp:attachment":[{"href":"https:\/\/wiy.com.br\/noticias\/wp-json\/wp\/v2\/media?parent=64965"}],"wp:term":[{"taxonomy":"category","embeddable":true,"href":"https:\/\/wiy.com.br\/noticias\/wp-json\/wp\/v2\/categories?post=64965"},{"taxonomy":"post_tag","embeddable":true,"href":"https:\/\/wiy.com.br\/noticias\/wp-json\/wp\/v2\/tags?post=64965"}],"curies":[{"name":"wp","href":"https:\/\/api.w.org\/{rel}","templated":true}]}}