{"id":64964,"date":"2023-02-26T15:28:12","date_gmt":"2023-02-26T18:28:12","guid":{"rendered":"https:\/\/wiy.com.br\/noticias\/buscas-por-vacina-e-termos-relacionados-disparam-diz-google\/"},"modified":"2021-01-19T11:25:08","modified_gmt":"2021-01-19T13:25:08","slug":"buscas-por-vacina-e-termos-relacionados-disparam-diz-google","status":"publish","type":"post","link":"https:\/\/wiy.com.br\/noticias\/buscas-por-vacina-e-termos-relacionados-disparam-diz-google\/","title":{"rendered":"Buscas por \u201cvacina\u201d e termos relacionados disparam, diz Google"},"content":{"rendered":"<p> <br \/>\n<\/p>\n<p>O <a href=\"https:\/\/olhardigital.com.br\/2021\/01\/18\/videos\/google-bane-apps-maliciosos-que-afetaram-mais-de-10-milhoes-de-usuarios-2\/\" target=\"_blank\" rel=\"noreferrer noopener\">Google<\/a> anunciou nesta segunda-feira (18) a cria\u00e7\u00e3o de uma \u201ccentral de insights\u201d sobre a vacina\u00e7\u00e3o contra a <a href=\"https:\/\/olhardigital.com.br\/editorias\/coronavirus\/\" target=\"_blank\" rel=\"noreferrer noopener\">Covid-19<\/a>. A p\u00e1gina permite acompanhar tend\u00eancias nas buscas por termos relacionados, e a entender as principais d\u00favidas dos brasileiros sobre a chegada e uso imunizante no pa\u00eds, os planos de vacina\u00e7\u00e3o e os fabricantes mais buscados.<\/p>\n<p>Segundo a p\u00e1gina, entre as regi\u00f5es o sudeste lidera as buscas por \u201cvacina\u201d, mas entre os estados o com o maior interesse \u00e9 o Rio Grande do Norte, seguido por Minas Gerais, S\u00e3o Paulo, Distrito Federal e Amazonas. Globalmente, nunca se pesquisou tanto por \u201cvacina\u201d desde 2004, in\u00edcio da s\u00e9rie hist\u00f3rica do Google Trends.<\/p>\n<p>A vacina mais popular nas buscas \u00e9 a \u201cvacina Coronavac\u201d, desenvolvida pela empresa chinesa Sinovac e pelo <a href=\"https:\/\/olhardigital.com.br\/2021\/01\/15\/noticias\/coronavac-butantan-enviara-45-milhoes-de-doses-para-o-ministerio-da-saude\/\" target=\"_blank\" rel=\"noreferrer noopener\">Instituto Butantan<\/a>, que no domingo (17) teve seu uso emergencial aprovado pela Anvisa.<\/p>\n<p>A busca pelo termo chegou a ser 50 vezes mais alta que a pela \u00faltima colocada a \u201c<a href=\"https:\/\/olhardigital.com.br\/2020\/12\/21\/coronavirus\/covid-19-eua-aprovam-uso-emergencial-de-vacina-da-moderna\/\">vacina Moderna<\/a>\u201d, produzida por uma empresa do mesmo nome nos EUA. O interesse pela Coronavac, na verdade, \u00e9 ainda maior considerando que na terceira posi\u00e7\u00e3o do ranking est\u00e1 o termo \u201cvacina Butantan\u201d, que se refere ao mesmo imunizante.<\/p>\n<p>Entre as palavras-chave a que mais cresceu \u00e9 \u201cvacinaja\u201d, nome do portal criado pelo governo de SP para sua campanha de vacina\u00e7\u00e3o, que subiu 5.000% nos \u00faltimos sete dias. Outros termos, como \u201cvacin\u00f4metro\u201d, subiram 3.600% no mesmo per\u00edodo.<\/p>\n<p>J\u00e1 entre as perguntas, a que mais cresceu foi \u201cquando a fiocruz deve come\u00e7ar a produzir a vacina da universidade de oxford\u201d, com 5.000% em sete dias. A produ\u00e7\u00e3o, segundo o governo do Rio de Janeiro, deve come\u00e7ar nesta quarta-feira (20). A previs\u00e3o \u00e9 que a funda\u00e7\u00e3o entregue 100 milh\u00f5es de doses at\u00e9 julho.<\/p>\n<h2 id=\"h-vacina-o-em-s-o-paulo\">Vacina\u00e7\u00e3o em S\u00e3o Paulo<\/h2>\n<p>Em S\u00e3o Paulo, o governo estadual abriu o <a href=\"https:\/\/portal.vacinaja.sp.gov.br\/\">portal Vacina J\u00e1<\/a>, que permite aos membros dos grupos priorit\u00e1rios realizarem o cadastro para vacina\u00e7\u00e3o. O portal conta com um question\u00e1rio, no qual \u00e9 poss\u00edvel dar suas informa\u00e7\u00f5es pessoais e de contato para manifestar interesse na vacina.<\/p>\n<p>Como as doses s\u00e3o limitad\u00edssimas num primeiro momento, a distribui\u00e7\u00e3o ser\u00e1 feita por etapas. O plano estadual de S\u00e3o Paulo prev\u00ea a aplica\u00e7\u00e3o das doses dispon\u00edveis primeiramente em profissionais de sa\u00fade, grupos ind\u00edgenas e quilombolas.<\/p>\n<p>Na sequ\u00eancia, o governo passa a priorizar as faixas et\u00e1rias. Primeiro receber\u00e3o a vacina aqueles com mais de 75 anos, seguidos pela faixa entre 70 a 74, depois de 65 a 69 e depois para aqueles entre 60 a 64. Segundo o governo, 77% das mortes por Covid-19 acontecem em pacientes com estas idades, o que explica a prioridade.<\/p>\n<p>O plano prev\u00ea que 9 milh\u00f5es de pessoas possam ser imunizadas at\u00e9 28 de mar\u00e7o, ainda sem uma previs\u00e3o de quando o restante do estado poder\u00e1 se vacinar.<\/p>\n<p>O post <a rel=\"nofollow\" href=\"https:\/\/olhardigital.com.br\/2021\/01\/19\/noticias\/buscas-por-vacina-e-termos-relacionados-disparam-diz-google\/\">Buscas por \u201cvacina\u201d e termos relacionados disparam, diz Google<\/a> apareceu primeiro em <a rel=\"nofollow\" href=\"https:\/\/olhardigital.com.br\">Olhar Digital<\/a>.<\/p>\n<p><br \/>\n<br \/><a href=\"https:\/\/olhardigital.com.br\/2021\/01\/19\/noticias\/buscas-por-vacina-e-termos-relacionados-disparam-diz-google\/\">Fonte do Artigo <\/a><br \/>\nTags:<\/p>\n<p><a href=\"https:\/\/wiy.com.br\/noticias\/categoria\/tecnologia\/\">#tecnologia<\/a> <a href=\"https:\/\/wiy.com.br\/noticias\/categoria\/tecnologia\/\">#tecnologias<\/a> <a href=\"https:\/\/wiy.com.br\/noticias\/categoria\/tecnologia\/\">#technology<\/a> <a href=\"https:\/\/wiy.com.br\/noticias\/categoria\/tecnologia\/\">#tecnolog<\/a> <a href=\"https:\/\/wiy.com.br\/noticias\/categoria\/tecnologia\/\">#iphone<\/a> <a href=\"https:\/\/wiy.com.br\/noticias\/categoria\/tecnologia\/\">#informatica<\/a> <a href=\"https:\/\/wiy.com.br\/noticias\/categoria\/tecnologia\/\">#tech<\/a> <a href=\"https:\/\/wiy.com.br\/noticias\/categoria\/tecnologia\/\">#design<\/a> <a href=\"https:\/\/wiy.com.br\/noticias\/categoria\/tecnologia\/\">#samsung<\/a> <a href=\"https:\/\/wiy.com.br\/noticias\/categoria\/tecnologia\/\">#internet<\/a> <a href=\"https:\/\/wiy.com.br\/noticias\/categoria\/tecnologia\/\">#apple<\/a> <a href=\"https:\/\/wiy.com.br\/noticias\/categoria\/tecnologia\/\">#smartphone<\/a> <a href=\"https:\/\/wiy.com.br\/noticias\/categoria\/tecnologia\/\">#seguranca<\/a> <a href=\"https:\/\/wiy.com.br\/noticias\/categoria\/tecnologia\/\">#venezuela<\/a> <a href=\"https:\/\/wiy.com.br\/noticias\/categoria\/tecnologia\/\">#celular<\/a> <a href=\"https:\/\/wiy.com.br\/noticias\/categoria\/tecnologia\/\">#celulares<\/a> <a href=\"https:\/\/wiy.com.br\/noticias\/categoria\/tecnologia\/\">#inovar<\/a> <a href=\"https:\/\/wiy.com.br\/noticias\/categoria\/tecnologia\/\">#qualidade<\/a> <a href=\"https:\/\/wiy.com.br\/noticias\/categoria\/tecnologia\/\">#software<\/a> <a href=\"https:\/\/wiy.com.br\/noticias\/categoria\/tecnologia\/\">#empresas<\/a> <a href=\"https:\/\/wiy.com.br\/noticias\/categoria\/tecnologia\/\">#cursos<\/a> <a href=\"https:\/\/wiy.com.br\/noticias\/categoria\/tecnologia\/\">#engenharia<\/a> <a href=\"https:\/\/wiy.com.br\/noticias\/categoria\/tecnologia\/\">#industria<\/a> <a href=\"https:\/\/wiy.com.br\/noticias\/categoria\/tecnologia\/\">#marketing<\/a> <a href=\"https:\/\/wiy.com.br\/noticias\/categoria\/tecnologia\/\">#ti<\/a> <a href=\"https:\/\/wiy.com.br\/noticias\/categoria\/tecnologia\/\">#tecnoblog<\/a> <a href=\"https:\/\/wiy.com.br\/noticias\/categoria\/tecnologia\/\">#veja<\/a> <a href=\"https:\/\/wiy.com.br\/noticias\/categoria\/tecnologia\/\">#olhardigital<\/a> <a href=\"https:\/\/wiy.com.br\/noticias\/categoria\/tecnologia\/\">#mundodigital<\/a> <a href=\"https:\/\/wiy.com.br\/noticias\/categoria\/tecnologia\/\">#inteligenciaartificial<\/a> <a href=\"https:\/\/wiy.com.br\/criacao-de-sites\/\">#criar site<\/a> <a href=\"https:\/\/wiy.com.br\/criacao-de-sites\/\">#criar site curitiba<\/a> <a href=\"https:\/\/wiy.com.br\/criacao-de-sites\/\">#wiysolutions<\/a><\/p>\n","protected":false},"excerpt":{"rendered":"<p>O Google anunciou nesta segunda-feira (18) a cria\u00e7\u00e3o de uma \u201ccentral de insights\u201d sobre a vacina\u00e7\u00e3o contra a Covid-19. A p\u00e1gina permite acompanhar tend\u00eancias nas buscas por termos relacionados, e a entender as principais d\u00favidas dos brasileiros sobre a chegada e uso imunizante no pa\u00eds, os planos de vacina\u00e7\u00e3o e os fabricantes mais buscados. Segundo [&hellip;]<\/p>\n","protected":false},"author":1,"featured_media":64075,"comment_status":"open","ping_status":"open","sticky":false,"template":"","format":"standard","meta":{"footnotes":""},"categories":[5],"tags":[],"class_list":["post-64964","post","type-post","status-publish","format-standard","has-post-thumbnail","hentry","category-tecnologia"],"_links":{"self":[{"href":"https:\/\/wiy.com.br\/noticias\/wp-json\/wp\/v2\/posts\/64964","targetHints":{"allow":["GET"]}}],"collection":[{"href":"https:\/\/wiy.com.br\/noticias\/wp-json\/wp\/v2\/posts"}],"about":[{"href":"https:\/\/wiy.com.br\/noticias\/wp-json\/wp\/v2\/types\/post"}],"author":[{"embeddable":true,"href":"https:\/\/wiy.com.br\/noticias\/wp-json\/wp\/v2\/users\/1"}],"replies":[{"embeddable":true,"href":"https:\/\/wiy.com.br\/noticias\/wp-json\/wp\/v2\/comments?post=64964"}],"version-history":[{"count":0,"href":"https:\/\/wiy.com.br\/noticias\/wp-json\/wp\/v2\/posts\/64964\/revisions"}],"wp:featuredmedia":[{"embeddable":true,"href":"https:\/\/wiy.com.br\/noticias\/wp-json\/wp\/v2\/media\/64075"}],"wp:attachment":[{"href":"https:\/\/wiy.com.br\/noticias\/wp-json\/wp\/v2\/media?parent=64964"}],"wp:term":[{"taxonomy":"category","embeddable":true,"href":"https:\/\/wiy.com.br\/noticias\/wp-json\/wp\/v2\/categories?post=64964"},{"taxonomy":"post_tag","embeddable":true,"href":"https:\/\/wiy.com.br\/noticias\/wp-json\/wp\/v2\/tags?post=64964"}],"curies":[{"name":"wp","href":"https:\/\/api.w.org\/{rel}","templated":true}]}}