{"id":64606,"date":"2023-02-26T15:04:57","date_gmt":"2023-02-26T18:04:57","guid":{"rendered":"https:\/\/wiy.com.br\/noticias\/ford-fecha-suas-tres-fabricas-e-encerra-producao-no-brasil\/"},"modified":"2021-01-11T19:04:10","modified_gmt":"2021-01-11T21:04:10","slug":"ford-fecha-suas-tres-fabricas-e-encerra-producao-no-brasil","status":"publish","type":"post","link":"https:\/\/wiy.com.br\/noticias\/ford-fecha-suas-tres-fabricas-e-encerra-producao-no-brasil\/","title":{"rendered":"Ford fecha suas tr\u00eas f\u00e1bricas e encerra produ\u00e7\u00e3o no Brasil"},"content":{"rendered":"<p> <br \/>\n<\/p>\n<p>A montadora<strong> Ford<\/strong> anunciou nesta segunda-feira (11) que <strong>fechar\u00e1<\/strong> suas f\u00e1bricas no Brasil. Ser\u00e3o fechadas as plantas de Cama\u00e7ari (BA) e Taubat\u00e9 (SP). Ser\u00e1 mantida apenas por alguns meses a produ\u00e7\u00e3o de pe\u00e7as para suprir o estoque de p\u00f3s-venda. A f\u00e1brica da Troller, em Horizonte (CE), ser\u00e1 fechada no \u00faltimo trimestre de 2021.<img title = \"[Tags]\"alt = \"ebc Ford fecha suas tr\u00eas f\u00e1bricas e encerra produ\u00e7\u00e3o no Brasil\"decoding=\"async\" src=\"https:\/\/agenciabrasil.ebc.com.br\/ebc.png?id=1398391&amp;o=node\" border=\"0\" \/><img title = \"[Tags]\"alt = \"ebc Ford fecha suas tr\u00eas f\u00e1bricas e encerra produ\u00e7\u00e3o no Brasil\"decoding=\"async\" src=\"https:\/\/agenciabrasil.ebc.com.br\/ebc.gif?id=1398391&amp;o=node\" border=\"0\" \/><\/p>\n<p>O mercado nacional ser\u00e1 abastecido com ve\u00edculos produzidos, principalmente, na Argentina e no Uruguai, pa\u00edses cujas opera\u00e7\u00f5es da empresa n\u00e3o ser\u00e3o afetadas. A montadora encerrar\u00e1 as vendas dos modelos EcoSport, Ka e T4 assim que terminarem os estoques.<\/p>\n<p>A empresa manter\u00e1 apenas o Centro de Desenvolvimento de Produto, na Bahia; o Campo de Provas, em Tatu\u00ed (SP); e sua sede regional em S\u00e3o Paulo.<\/p>\n<p>A justificativa \u00e9 a crise gerada pela pandemia que atinge o mundo desde o in\u00edcio de 2020. Segundo a Ford, a pandemia da Covid-19 &#8220;amplia a persistente capacidade ociosa da ind\u00fastria e a redu\u00e7\u00e3o das vendas, resultando em anos de perdas significativas&#8221;.<\/p>\n<p>\u201cA Ford est\u00e1 presente h\u00e1 mais de um s\u00e9culo na Am\u00e9rica do Sul e no Brasil e sabemos que essas s\u00e3o a\u00e7\u00f5es muito dif\u00edceis, mas necess\u00e1rias, para a cria\u00e7\u00e3o de um neg\u00f3cio saud\u00e1vel e sustent\u00e1vel\u201d, disse Jim Farley, presidente e CEO da Ford.<\/p>\n<p>A companhia n\u00e3o informou qual ser\u00e1 o n\u00famero de funcion\u00e1rios demitidos, disse apenas que trabalhar\u00e1 &#8220;com os sindicatos, nossos funcion\u00e1rios e outros parceiros para desenvolver medidas que ajudem a enfrentar o dif\u00edcil impacto desse an\u00fancio\u201d.<\/p>\n<div id=\"relacionadas\" class=\"block related-posts three_columns\">\n<ul class=\"block-menu\">\n<li data-tab=\"tab-1\" class=\"active\">Relacionadas<\/li>\n<\/ul>\n<div id=\"tab-1\" class=\"block-content active\">\n<div class=\"row\">\n<li class=\"widget-news-item without-thumb with-border\">\n<div class=\"widget-news-info\"><a href=\"http:\/\/vejasp.abril.com.br\/saude\">Sa\u00fade<\/a><span class=\"widget-news-item-title\"><a href=\"https:\/\/vejasp.abril.com.br\/saude\/eficacia-coronavac-vacina\/\">Efic\u00e1cia geral da CoronaVac ficou abaixo dos 60%, diz site<\/a><\/span><span class=\"widget-news-item-date\">11 jan 2021 &#8211; 17h01<\/span><\/div>\n<\/li>\n<li class=\"widget-news-item without-thumb with-border\">\n<div class=\"widget-news-info\"><a href=\"http:\/\/vejasp.abril.com.br\/cidades\">Cidades<\/a><span class=\"widget-news-item-title\"><a href=\"https:\/\/vejasp.abril.com.br\/cidades\/mulher-morte-marido-foto-salvador\/\">Mulher suspeita de matar companheiro postou foto de casal horas antes<\/a><\/span><span class=\"widget-news-item-date\">11 jan 2021 &#8211; 16h01<\/span><\/div>\n<\/li>\n<li class=\"widget-news-item without-thumb with-border\">\n<div class=\"widget-news-info\"><a href=\"http:\/\/vejasp.abril.com.br\/cidades\">Cidades<\/a><span class=\"widget-news-item-title\"><a href=\"https:\/\/vejasp.abril.com.br\/cidades\/ubs-creche-interditados-explosao\/\">Defesa Civil interdita UBS e creche por risco de explos\u00e3o no interior<\/a><\/span><span class=\"widget-news-item-date\">11 jan 2021 &#8211; 15h01<\/span><\/div>\n<\/li>\n<\/div>\n<\/div>\n<\/div>\n<div id=\"mais_lidas\" class=\"block related-posts mais-lidas\">\n<ul class=\"block-menu\">\n<li data-tab=\"tab-1\" class=\"active\">Mais lidas<\/li>\n<\/ul>\n<div id=\"tab-1\" class=\"block-content active\">\n<div class=\"row\">\n<div class=\"col-s-12 col-l-3\"><a href=\"https:\/\/vejasp.abril.com.br\/blog\/arnaldo-lorencato\/dinhos-place-edificio-dolores-braga-nascimento\/\" class=\"card\"><span class=\"category hide-s\">Comida &amp; Bebida<\/span><img title = \"[Tags]\"data-src=\"https:\/\/vejasp.abril.com.br\/wp-content\/uploads\/2020\/12\/IMG_7730.jpeg?quality=70&amp;strip=info&amp;w=680&amp;h=453&amp;crop=1\"alt = \"ebc Ford fecha suas tr\u00eas f\u00e1bricas e encerra produ\u00e7\u00e3o no Brasil\" class=\"lazyload media\"><span class=\"category hide-l\">Comida &amp; Bebida<\/span><span class=\"title\">Im\u00f3vel da disc\u00f3rdia<\/span><\/a><\/div>\n<div class=\"col-s-12 col-l-3\"><a href=\"https:\/\/vejasp.abril.com.br\/cidades\/stanley-gusman-morre-covid\/\" class=\"card\"><span class=\"category hide-s\">Cidades<\/span><img title = \"[Tags]\"data-src=\"https:\/\/vejasp.abril.com.br\/wp-content\/uploads\/2021\/01\/stanley-gusman-no-set-do-alterosa-alerta-1610363708710_v2_450x600.jpg?quality=70&amp;strip=info&amp;w=450&amp;h=453&amp;crop=1\"alt = \"ebc Ford fecha suas tr\u00eas f\u00e1bricas e encerra produ\u00e7\u00e3o no Brasil\" class=\"lazyload media\"><span class=\"category hide-l\">Cidades<\/span><span class=\"title\">Morre Stanley Gusman, apresentador de afiliada do SBT, de Covid-19<\/span><\/a><\/div>\n<div class=\"col-s-12 col-l-3\"><a href=\"https:\/\/vejasp.abril.com.br\/cidades\/empresa-moveis-eletrodomesticos-usados\/\" class=\"card\"><span class=\"category hide-s\">Cidades<\/span><img title = \"[Tags]\"data-src=\"https:\/\/vejasp.abril.com.br\/wp-content\/uploads\/2021\/01\/vendeu_7.JPG.jpg?quality=70&amp;strip=info&amp;w=667&amp;h=453&amp;crop=1\"alt = \"ebc Ford fecha suas tr\u00eas f\u00e1bricas e encerra produ\u00e7\u00e3o no Brasil\" class=\"lazyload media\"><span class=\"category hide-l\">Cidades<\/span><span class=\"title\">Empresa retira, p\u00f5e \u00e0 venda e entrega m\u00f3veis e eletrodom\u00e9sticos usados<\/span><\/a><\/div>\n<div class=\"col-s-12 col-l-3\"><a href=\"https:\/\/vejasp.abril.com.br\/blog\/sao-paulo-nas-alturas\/morre-carol-bueno-arquiteta\/\" class=\"card\"><span class=\"category hide-s\">Cidades<\/span><img title = \"[Tags]\"data-src=\"https:\/\/vejasp.abril.com.br\/wp-content\/uploads\/2021\/01\/60296357_2602809056612452_713958944809286040_n.jpg?quality=70&amp;strip=info&amp;w=680&amp;h=453&amp;crop=1\"alt = \"ebc Ford fecha suas tr\u00eas f\u00e1bricas e encerra produ\u00e7\u00e3o no Brasil\" class=\"lazyload media\"><span class=\"category hide-l\">Cidades<\/span><span class=\"title\">Morre Carol Bueno, arquiteta e s\u00f3cia-fundadora do Triptyque, aos 46 anos<\/span><\/a><\/div>\n<\/div>\n<\/div>\n<\/div>\n<div class=\"ads post-ads\"><span class=\"title\">Continua ap\u00f3s a publicidade<\/span><\/p>\n<div id=\"abrAD_rectangle3\" class=\"abrAD\" data-ad-><\/div>\n<\/div>\n<p><br \/>\n<br \/><a href=\"https:\/\/vejasp.abril.com.br\/cidades\/ford-fecha-fabricas-brasil\/\">Fonte do Artigo <\/a><br \/>\nTags:<br \/>\n#loterias #loteriascaixa #megasena #resultadoapostas#noticias #noticiario  #noticia #brasil #noticiascolombia #mundo #esporte #colombia #noticiadeld #ltimasnoticias  #noticiario #noticiasregionales #noticiasdepartamentales #noticiashoy #esportes #noticiaahora #elinformantenoticias #noticiasdeboyac  #esporteinterativo #esportivo #diariodosesportes  #noticiero  #jogodefutebol #jogos #loto #apostas<\/p>\n","protected":false},"excerpt":{"rendered":"<p>A montadora Ford anunciou nesta segunda-feira (11) que fechar\u00e1 suas f\u00e1bricas no Brasil. Ser\u00e3o fechadas as plantas de Cama\u00e7ari (BA) e Taubat\u00e9 (SP). Ser\u00e1 mantida apenas por alguns meses a produ\u00e7\u00e3o de pe\u00e7as para suprir o estoque de p\u00f3s-venda. A f\u00e1brica da Troller, em Horizonte (CE), ser\u00e1 fechada no \u00faltimo trimestre de 2021. O mercado [&hellip;]<\/p>\n","protected":false},"author":1,"featured_media":64607,"comment_status":"open","ping_status":"open","sticky":false,"template":"","format":"standard","meta":{"footnotes":""},"categories":[1],"tags":[],"class_list":["post-64606","post","type-post","status-publish","format-standard","has-post-thumbnail","hentry","category-curso-de-copy"],"_links":{"self":[{"href":"https:\/\/wiy.com.br\/noticias\/wp-json\/wp\/v2\/posts\/64606","targetHints":{"allow":["GET"]}}],"collection":[{"href":"https:\/\/wiy.com.br\/noticias\/wp-json\/wp\/v2\/posts"}],"about":[{"href":"https:\/\/wiy.com.br\/noticias\/wp-json\/wp\/v2\/types\/post"}],"author":[{"embeddable":true,"href":"https:\/\/wiy.com.br\/noticias\/wp-json\/wp\/v2\/users\/1"}],"replies":[{"embeddable":true,"href":"https:\/\/wiy.com.br\/noticias\/wp-json\/wp\/v2\/comments?post=64606"}],"version-history":[{"count":0,"href":"https:\/\/wiy.com.br\/noticias\/wp-json\/wp\/v2\/posts\/64606\/revisions"}],"wp:featuredmedia":[{"embeddable":true,"href":"https:\/\/wiy.com.br\/noticias\/wp-json\/wp\/v2\/media\/64607"}],"wp:attachment":[{"href":"https:\/\/wiy.com.br\/noticias\/wp-json\/wp\/v2\/media?parent=64606"}],"wp:term":[{"taxonomy":"category","embeddable":true,"href":"https:\/\/wiy.com.br\/noticias\/wp-json\/wp\/v2\/categories?post=64606"},{"taxonomy":"post_tag","embeddable":true,"href":"https:\/\/wiy.com.br\/noticias\/wp-json\/wp\/v2\/tags?post=64606"}],"curies":[{"name":"wp","href":"https:\/\/api.w.org\/{rel}","templated":true}]}}