{"id":64580,"date":"2023-02-26T15:46:06","date_gmt":"2023-02-26T18:46:06","guid":{"rendered":"https:\/\/wiy.com.br\/noticias\/morre-stanley-gusman-apresentador-de-afiliada-do-sbt-de-covid-19\/"},"modified":"2021-01-11T10:56:11","modified_gmt":"2021-01-11T12:56:11","slug":"morre-stanley-gusman-apresentador-de-afiliada-do-sbt-de-covid-19","status":"publish","type":"post","link":"https:\/\/wiy.com.br\/noticias\/morre-stanley-gusman-apresentador-de-afiliada-do-sbt-de-covid-19\/","title":{"rendered":"Morre Stanley Gusman, apresentador de afiliada do SBT, de Covid-19"},"content":{"rendered":"<p> <br \/>\n<\/p>\n<div class=\"mc-column content-text active-extra-styles \" data-block-type=\"unstyled\" data-block-weight=\"42\" data-block-id=\"2\">\n<p data-track-category=\"Link no Texto\" data-track-links=\"\"><span class=\"highlight highlighted\"><strong> Stanley Gusman<\/strong>, de 49 anos, morreu por complica\u00e7\u00f5es da<strong> Covid-19<\/strong> no \u00faltimo domingo (10). Apresentador da TV Alterosa, afiliada do SBT, Gusman estava internado Hospital Vila da Serra, em Nova Lima, na Regi\u00e3o Metropolitana de Belo Horizonte.\u00a0<\/span><\/p>\n<p data-track-category=\"Link no Texto\" data-track-links=\"\">De acordo com a equipe m\u00e9dica, ele teve uma infec\u00e7\u00e3o decorrente da Covid. O apresentador foi diagnosticado com o coronav\u00edrus antes da virada do ano, mas o estado de sa\u00fade piorou no dia 4 de janeiro e ele precisou ir para a UTI.<\/p>\n<p data-track-category=\"Link no Texto\" data-track-links=\"\">Gusman costumava minimizar a Covid-19. Nas redes sociais, ele chegou a rebater o prefeito de Belo Horizonte, <span> Alexandre Kalil (PSD), que recomendava que as pessoas evitassem visitar parentes em meio \u00e0 pandemia.<\/span><\/p>\n<\/div>\n<div class=\"wall protected-content\">\n<div class=\"mc-column content-text active-extra-styles \" data-block-type=\"unstyled\" data-block-weight=\"34\" data-block-id=\"3\">\n<p data-track-category=\"Link no Texto\" data-track-links=\"\"><span>&#8220;Eu vou visitar meu pai, vou visitar minha m\u00e3e, e n\u00e3o vou mat\u00e1-los. Eu acho um desrespeito o senhor falar isso em p\u00fablico. Se fosse assim, n\u00f3s ter\u00edamos produzido, em outras circunst\u00e2ncias, muitos outros problemas&#8221;, disse ele, que se referia \u00e0s aglomera\u00e7\u00f5es durante campanhas eleitorais.<\/span><\/p>\n<p data-track-category=\"Link no Texto\" data-track-links=\"\"><span>&#8220;N\u00e3o mexam com a minha fam\u00edlia. Ningu\u00e9m! Absolutamente ningu\u00e9m! Pego pilha. Fico no veneno e meu veneno \u00e9 sem vacina. Perco a ponta da corda! Nas festas crist\u00e3s voc\u00ea vai matar seus pais de covid. J\u00e1 nas elei\u00e7\u00f5es n\u00e3o havia restri\u00e7\u00f5es!&#8221;, completou.<\/span><\/p>\n<blockquote class=\"instagram-media\" data-instgrm-captioned data-instgrm-permalink=\"https:\/\/www.instagram.com\/p\/CI9Vs6GA3Xt\/?utm_source=ig_embed&amp;utm_campaign=loading\" data-instgrm-version=\"13\">\n<div> <a href=\"https:\/\/www.instagram.com\/p\/CI9Vs6GA3Xt\/?utm_source=ig_embed&amp;utm_campaign=loading\" target=\"_blank\" rel=\"noopener noreferrer\"> <\/p>\n<div>\n<div><\/div>\n<div>\n<div><\/div>\n<div><\/div>\n<\/div>\n<\/div>\n<div><\/div>\n<div><\/div>\n<div>\n<div> View this post on Instagram<\/div>\n<\/div>\n<div><\/div>\n<div>\n<div>\n<div><\/div>\n<div><\/div>\n<div><\/div>\n<\/div>\n<div>\n<div><\/div>\n<div><\/div>\n<\/div>\n<div>\n<div><\/div>\n<div><\/div>\n<div><\/div>\n<\/div>\n<\/div>\n<div>\n<div><\/div>\n<div><\/div>\n<\/div>\n<p><\/a><\/p>\n<p><a href=\"https:\/\/www.instagram.com\/p\/CI9Vs6GA3Xt\/?utm_source=ig_embed&amp;utm_campaign=loading\" target=\"_blank\" rel=\"noopener noreferrer\">A post shared by Stanley Gusman (@stanleyoficialtv)<\/a><\/p>\n<\/div>\n<\/blockquote>\n<div id=\"relacionadas\" class=\"block related-posts three_columns\">\n<ul class=\"block-menu\">\n<li data-tab=\"tab-1\" class=\"active\">Relacionadas<\/li>\n<\/ul>\n<div id=\"tab-1\" class=\"block-content active\">\n<div class=\"row\">\n<li class=\"widget-news-item without-thumb with-border\">\n<div class=\"widget-news-info\"><a href=\"http:\/\/vejasp.abril.com.br\/cultura-lazer\">Cultura &amp; Lazer<\/a><span class=\"widget-news-item-title\"><a href=\"https:\/\/vejasp.abril.com.br\/cultura-lazer\/eva-wilma-internada-sao-paulo\/\">Eva Wilma, de 87 anos, \u00e9 internada em S\u00e3o Paulo com pneumonia<\/a><\/span><span class=\"widget-news-item-date\">11 jan 2021 &#8211; 09h01<\/span><\/div>\n<\/li>\n<li class=\"widget-news-item without-thumb with-border\">\n<div class=\"widget-news-info\"><a href=\"http:\/\/vejasp.abril.com.br\/saude\">Sa\u00fade<\/a><span class=\"widget-news-item-title\"><a href=\"https:\/\/vejasp.abril.com.br\/saude\/japao-detecta-nova-variante-de-coronavirus-em-viajantes-do-brasil\/\">Jap\u00e3o detecta nova variante de coronav\u00edrus em viajantes do Brasil<\/a><\/span><span class=\"widget-news-item-date\">10 jan 2021 &#8211; 16h01<\/span><\/div>\n<\/li>\n<li class=\"widget-news-item without-thumb with-border\">\n<div class=\"widget-news-info\"><a href=\"http:\/\/vejasp.abril.com.br\/saude\">Sa\u00fade<\/a><span class=\"widget-news-item-title\"><a href=\"https:\/\/vejasp.abril.com.br\/saude\/joao-doria-pede-senso-de-urgencia-da-anvisa\/\">Jo\u00e3o Doria pede &#8220;senso de urg\u00eancia&#8221; da Anvisa<\/a><\/span><span class=\"widget-news-item-date\">10 jan 2021 &#8211; 12h01<\/span><\/div>\n<\/li>\n<\/div>\n<\/div>\n<\/div>\n<\/div>\n<\/div>\n<div id=\"mais_lidas\" class=\"block related-posts mais-lidas\">\n<ul class=\"block-menu\">\n<li data-tab=\"tab-1\" class=\"active\">Mais lidas<\/li>\n<\/ul>\n<div id=\"tab-1\" class=\"block-content active\">\n<div class=\"row\">\n<div class=\"col-s-12 col-l-3\"><a href=\"https:\/\/vejasp.abril.com.br\/blog\/arnaldo-lorencato\/dinhos-place-edificio-dolores-braga-nascimento\/\" class=\"card\"><span class=\"category hide-s\">Comida &amp; Bebida<\/span><img title = \"[Tags]\"data-src=\"https:\/\/vejasp.abril.com.br\/wp-content\/uploads\/2020\/12\/IMG_7730.jpeg?quality=70&amp;strip=info&amp;w=680&amp;h=453&amp;crop=1\"alt = \"IMG_7730 Morre Stanley Gusman, apresentador de afiliada do SBT, de Covid-19\" class=\"lazyload media\"><span class=\"category hide-l\">Comida &amp; Bebida<\/span><span class=\"title\">Im\u00f3vel da disc\u00f3rdia<\/span><\/a><\/div>\n<div class=\"col-s-12 col-l-3\"><a href=\"https:\/\/vejasp.abril.com.br\/cidades\/empresa-moveis-eletrodomesticos-usados\/\" class=\"card\"><span class=\"category hide-s\">Cidades<\/span><img title = \"[Tags]\"data-src=\"https:\/\/vejasp.abril.com.br\/wp-content\/uploads\/2021\/01\/vendeu_7.JPG.jpg?quality=70&amp;strip=info&amp;w=667&amp;h=453&amp;crop=1\"alt = \"IMG_7730 Morre Stanley Gusman, apresentador de afiliada do SBT, de Covid-19\" class=\"lazyload media\"><span class=\"category hide-l\">Cidades<\/span><span class=\"title\">Empresa retira, p\u00f5e \u00e0 venda e entrega m\u00f3veis e eletrodom\u00e9sticos usados<\/span><\/a><\/div>\n<div class=\"col-s-12 col-l-3\"><a href=\"https:\/\/vejasp.abril.com.br\/blog\/sao-paulo-nas-alturas\/morre-carol-bueno-arquiteta\/\" class=\"card\"><span class=\"category hide-s\">Cidades<\/span><img title = \"[Tags]\"data-src=\"https:\/\/vejasp.abril.com.br\/wp-content\/uploads\/2021\/01\/60296357_2602809056612452_713958944809286040_n.jpg?quality=70&amp;strip=info&amp;w=680&amp;h=453&amp;crop=1\"alt = \"IMG_7730 Morre Stanley Gusman, apresentador de afiliada do SBT, de Covid-19\" class=\"lazyload media\"><span class=\"category hide-l\">Cidades<\/span><span class=\"title\">Morre Carol Bueno, arquiteta e s\u00f3cia-fundadora do Triptyque, aos 46 anos<\/span><\/a><\/div>\n<div class=\"col-s-12 col-l-3\"><a href=\"https:\/\/vejasp.abril.com.br\/cidades\/raul-gazolla-conta-que-amigo-planejou-matar-guilherme-de-padua\/\" class=\"card\"><span class=\"category hide-s\">Cidades<\/span><img title = \"[Tags]\"data-src=\"https:\/\/vejasp.abril.com.br\/wp-content\/uploads\/2021\/01\/gazolla.jpg?quality=70&amp;strip=info&amp;w=680&amp;h=453&amp;crop=1\"alt = \"IMG_7730 Morre Stanley Gusman, apresentador de afiliada do SBT, de Covid-19\" class=\"lazyload media\"><span class=\"category hide-l\">Cidades<\/span><span class=\"title\">Raul Gazolla conta que amigo planejou matar Guilherme de P\u00e1dua<\/span><\/a><\/div>\n<\/div>\n<\/div>\n<\/div>\n<div class=\"ads post-ads\"><span class=\"title\">Continua ap\u00f3s a publicidade<\/span><\/p>\n<div id=\"abrAD_rectangle3\" class=\"abrAD\" data-ad-><\/div>\n<\/div>\n<p><script async defer src=\"http:\/\/platform.instagram.com\/en_US\/embeds.js\"><\/script><br \/>\n<br \/><br \/>\n<br \/><a href=\"https:\/\/vejasp.abril.com.br\/cidades\/stanley-gusman-morre-covid\/\">Fonte do Artigo <\/a><br \/>\nTags:<br \/>\n#loterias #loteriascaixa #megasena #resultadoapostas#noticias #noticiario  #noticia #brasil #noticiascolombia #mundo #esporte #colombia #noticiadeld #ltimasnoticias  #noticiario #noticiasregionales #noticiasdepartamentales #noticiashoy #esportes #noticiaahora #elinformantenoticias #noticiasdeboyac  #esporteinterativo #esportivo #diariodosesportes  #noticiero  #jogodefutebol #jogos #loto #apostas<\/p>\n","protected":false},"excerpt":{"rendered":"<p>Stanley Gusman, de 49 anos, morreu por complica\u00e7\u00f5es da Covid-19 no \u00faltimo domingo (10). Apresentador da TV Alterosa, afiliada do SBT, Gusman estava internado Hospital Vila da Serra, em Nova Lima, na Regi\u00e3o Metropolitana de Belo Horizonte.\u00a0 De acordo com a equipe m\u00e9dica, ele teve uma infec\u00e7\u00e3o decorrente da Covid. O apresentador foi diagnosticado com [&hellip;]<\/p>\n","protected":false},"author":1,"featured_media":64581,"comment_status":"open","ping_status":"open","sticky":false,"template":"","format":"standard","meta":{"footnotes":""},"categories":[1],"tags":[],"class_list":["post-64580","post","type-post","status-publish","format-standard","has-post-thumbnail","hentry","category-curso-de-copy"],"_links":{"self":[{"href":"https:\/\/wiy.com.br\/noticias\/wp-json\/wp\/v2\/posts\/64580","targetHints":{"allow":["GET"]}}],"collection":[{"href":"https:\/\/wiy.com.br\/noticias\/wp-json\/wp\/v2\/posts"}],"about":[{"href":"https:\/\/wiy.com.br\/noticias\/wp-json\/wp\/v2\/types\/post"}],"author":[{"embeddable":true,"href":"https:\/\/wiy.com.br\/noticias\/wp-json\/wp\/v2\/users\/1"}],"replies":[{"embeddable":true,"href":"https:\/\/wiy.com.br\/noticias\/wp-json\/wp\/v2\/comments?post=64580"}],"version-history":[{"count":0,"href":"https:\/\/wiy.com.br\/noticias\/wp-json\/wp\/v2\/posts\/64580\/revisions"}],"wp:featuredmedia":[{"embeddable":true,"href":"https:\/\/wiy.com.br\/noticias\/wp-json\/wp\/v2\/media\/64581"}],"wp:attachment":[{"href":"https:\/\/wiy.com.br\/noticias\/wp-json\/wp\/v2\/media?parent=64580"}],"wp:term":[{"taxonomy":"category","embeddable":true,"href":"https:\/\/wiy.com.br\/noticias\/wp-json\/wp\/v2\/categories?post=64580"},{"taxonomy":"post_tag","embeddable":true,"href":"https:\/\/wiy.com.br\/noticias\/wp-json\/wp\/v2\/tags?post=64580"}],"curies":[{"name":"wp","href":"https:\/\/api.w.org\/{rel}","templated":true}]}}