{"id":64424,"date":"2023-02-26T15:04:42","date_gmt":"2023-02-26T18:04:42","guid":{"rendered":"https:\/\/wiy.com.br\/noticias\/centro-de-contingencia-quer-endurecer-regras-da-quarentena-em-sao-paulo\/"},"modified":"2021-01-07T11:16:30","modified_gmt":"2021-01-07T13:16:30","slug":"centro-de-contingencia-quer-endurecer-regras-da-quarentena-em-sao-paulo","status":"publish","type":"post","link":"https:\/\/wiy.com.br\/noticias\/centro-de-contingencia-quer-endurecer-regras-da-quarentena-em-sao-paulo\/","title":{"rendered":"Centro de Conting\u00eancia quer endurecer regras da quarentena em S\u00e3o Paulo"},"content":{"rendered":"<p> <br \/>\n<\/p>\n<p>O <strong>Centro de Conting\u00eancia do Coronav\u00edrus<\/strong> em S\u00e3o Paulo estuda um projeto para endurecer as restri\u00e7\u00f5es da<strong> quarentena<\/strong> no estado. Na avalia\u00e7\u00e3o dos membros, ela est\u00e1 muito flex\u00edvel, o que aumenta a propaga\u00e7\u00e3o da <strong>Covid-19.<\/strong> A informa\u00e7\u00e3o foi revelada pelo portal UOL.<\/p>\n<p>De acordo com a reportagem, a nova proposta ser\u00e1 encaminhada para an\u00e1lise de Jo\u00e3o Doria (PSDB) na pr\u00f3xima semana. Por causa das aglomera\u00e7\u00f5es em festas e praias durante o fim de ano, m\u00e9dicos acreditam que o n\u00famero de infectados pode disparar, resultando em alta na demanda de leitos de enfermaria e UTI nos hospitais.<\/p>\n<p>O clima de cansa\u00e7o em rela\u00e7\u00e3o \u00e0 pandemia, segundo os especialistas que integram o comit\u00ea, pode piorar a situa\u00e7\u00e3o da doen\u00e7a ao longo do ano. Sem restri\u00e7\u00f5es mais r\u00edgidas, as pessoas dificilmente respeitariam as regras sanit\u00e1rias. A ideia seria deixar o <span>&#8220;o plano mais \u00e1gil, sem ser t\u00e3o flex\u00edvel&#8221;.\u00a0<\/span><\/p>\n<p><span>&#8220;Quando a ocupa\u00e7\u00e3o dos leitos de UTI chega a 80%, \u00e9 estado terminal, a vaca j\u00e1 foi para o brejo. Temos de ter um indicador t\u00e9cnico que nos permita fechar a cidade, reduzir o contato e a circula\u00e7\u00e3o de pessoas, antes de a vaca ir para o brejo&#8221;, disse um deles ao portal.\u00a0<\/span><\/p>\n<p>Os membros disseram que o ideal seria um lockdown como vem acontecendo nos pa\u00edses europeus, mas afirmaram que no Brasil isso \u00e9 &#8220;imposs\u00edvel&#8221; devido \u00e0s &#8220;implica\u00e7\u00f5es econ\u00f4micas&#8221;. Tamb\u00e9m falaram sobre a vacina\u00e7\u00e3o: mesmo que se inicie em 25 de janeiro, como planeja a gest\u00e3o Doria, a pandemia s\u00f3 come\u00e7aria a ser freada em abril e maio.<\/p>\n<h3>Ano dif\u00edcil<\/h3>\n<p>Em encontro virtual com prefeitos, o governador Jo\u00e3o Doria afirmou na quarta (6) que o estado de S\u00e3o Paulo vive uma segunda onda de Covid-19. Segundo ele, <a href=\"https:\/\/vejasp.abril.com.br\/saude\/doria-segunda-onda-covid-19\/\">o ano contar\u00e1 com mais dificuldades do que o esperado em outubro de 2020<\/a>, quando havia sinais de melhora da pandemia.<\/p>\n<p>\u201cTenho que fazer um alerta e um apelo. Alerta \u00e9 a circunst\u00e2ncia de segunda onda da Covid-19, que chegou ao Brasil e mundo. N\u00e3o t\u00ednhamos essa expectativa at\u00e9 outubro, mas S\u00e3o Paulo, Brasil e 215 pa\u00edses lamentavelmente est\u00e3o vivendo a segunda onda deste v\u00edrus\u201d, disse o governador.<\/p>\n<div id=\"relacionadas\" class=\"block related-posts three_columns\">\n<ul class=\"block-menu\">\n<li data-tab=\"tab-1\" class=\"active\">Relacionadas<\/li>\n<\/ul>\n<div id=\"tab-1\" class=\"block-content active\">\n<div class=\"row\">\n<li class=\"widget-news-item without-thumb with-border\">\n<div class=\"widget-news-info\"><a href=\"http:\/\/vejasp.abril.com.br\/cultura-lazer\">Cultura &amp; Lazer<\/a><span class=\"widget-news-item-title\"><a href=\"https:\/\/vejasp.abril.com.br\/cultura-lazer\/genival-lacerda-morre\/\">Morre Genival Lacerda, aos 89 anos, v\u00edtima da Covid-19<\/a><\/span><span class=\"widget-news-item-date\">7 jan 2021 &#8211; 08h01<\/span><\/div>\n<\/li>\n<li class=\"widget-news-item without-thumb with-border\">\n<div class=\"widget-news-info\"><a href=\"http:\/\/vejasp.abril.com.br\/saude\">Sa\u00fade<\/a><span class=\"widget-news-item-title\"><a href=\"https:\/\/vejasp.abril.com.br\/saude\/doria-segunda-onda-covid-19\/\">Doria afirma que S\u00e3o Paulo enfrenta segunda onda da Covid-19\u00a0<\/a><\/span><span class=\"widget-news-item-date\">6 jan 2021 &#8211; 13h01<\/span><\/div>\n<\/li>\n<li class=\"widget-news-item without-thumb with-border\">\n<div class=\"widget-news-info\"><a href=\"http:\/\/vejasp.abril.com.br\/cidades\">Cidades<\/a><span class=\"widget-news-item-title\"><a href=\"https:\/\/vejasp.abril.com.br\/cidades\/anvisa-pedido-uso-emergencial-vacina\/\">Anvisa diz que n\u00e3o recebeu pedido de uso emergencial de vacina<\/a><\/span><span class=\"widget-news-item-date\">5 jan 2021 &#8211; 16h01<\/span><\/div>\n<\/li>\n<\/div>\n<\/div>\n<\/div>\n<div id=\"mais_lidas\" class=\"block related-posts mais-lidas\">\n<ul class=\"block-menu\">\n<li data-tab=\"tab-1\" class=\"active\">Mais lidas<\/li>\n<\/ul>\n<div id=\"tab-1\" class=\"block-content active\">\n<div class=\"row\">\n<div class=\"col-s-12 col-l-3\"><a href=\"https:\/\/vejasp.abril.com.br\/blog\/sao-paulo-nas-alturas\/morre-carol-bueno-arquiteta\/\" class=\"card\"><span class=\"category hide-s\">Cidades<\/span><img title = \"[Tags]\"data-src=\"https:\/\/vejasp.abril.com.br\/wp-content\/uploads\/2021\/01\/60296357_2602809056612452_713958944809286040_n.jpg?quality=70&amp;strip=info&amp;w=680&amp;h=453&amp;crop=1\"alt = \"60296357_2602809056612452_713958944809286040_n Centro de Conting\u00eancia quer endurecer regras da quarentena em S\u00e3o Paulo\" class=\"lazyload media\"><span class=\"category hide-l\">Cidades<\/span><span class=\"title\">Morre Carol Bueno, arquiteta e s\u00f3cia-fundadora do Triptyque, aos 46 anos<\/span><\/a><\/div>\n<div class=\"col-s-12 col-l-3\"><a href=\"https:\/\/vejasp.abril.com.br\/cultura-lazer\/gaucho-cinegrafista-faustao-covid\/\" class=\"card\"><span class=\"category hide-s\">Cultura &amp; Lazer<\/span><img title = \"[Tags]\"data-src=\"https:\/\/vejasp.abril.com.br\/wp-content\/uploads\/2021\/01\/globo-cinegrafista-domingao-do-faustao-ivalino-gaucho-foto-reproducao_fixed_large.jpg?quality=70&amp;strip=info&amp;w=680&amp;h=453&amp;crop=1\"alt = \"60296357_2602809056612452_713958944809286040_n Centro de Conting\u00eancia quer endurecer regras da quarentena em S\u00e3o Paulo\" class=\"lazyload media\"><span class=\"category hide-l\">Cultura &amp; Lazer<\/span><span class=\"title\">&#8216;Ga\u00facho&#8217;, cinegrafista que processou Faust\u00e3o, morre ap\u00f3s contrair Covid<\/span><\/a><\/div>\n<div class=\"col-s-12 col-l-3\"><a href=\"https:\/\/vejasp.abril.com.br\/cidades\/menina-trans-13-anos-espancada-ate-morte\/\" class=\"card\"><span class=\"category hide-s\">Cidades<\/span><img title = \"[Tags]\"data-src=\"https:\/\/vejasp.abril.com.br\/wp-content\/uploads\/2021\/01\/keron.jpeg?quality=70&amp;strip=info&amp;w=300&amp;h=200&amp;crop=1\"alt = \"60296357_2602809056612452_713958944809286040_n Centro de Conting\u00eancia quer endurecer regras da quarentena em S\u00e3o Paulo\" class=\"lazyload media\"><span class=\"category hide-l\">Cidades<\/span><span class=\"title\">Menina trans de 13 anos \u00e9 espancada at\u00e9 a morte<\/span><\/a><\/div>\n<div class=\"col-s-12 col-l-3\"><a href=\"https:\/\/vejasp.abril.com.br\/cidades\/pastor-thiago-andrade-covid-19\/\" class=\"card\"><span class=\"category hide-s\">Cidades<\/span><img title = \"[Tags]\"data-src=\"https:\/\/vejasp.abril.com.br\/wp-content\/uploads\/2021\/01\/thiago.jpg?quality=70&amp;strip=info&amp;w=680&amp;h=453&amp;crop=1\"alt = \"60296357_2602809056612452_713958944809286040_n Centro de Conting\u00eancia quer endurecer regras da quarentena em S\u00e3o Paulo\" class=\"lazyload media\"><span class=\"category hide-l\">Cidades<\/span><span class=\"title\">Pastor de 36 anos que defendia cloroquina morre v\u00edtima da Covid-19<\/span><\/a><\/div>\n<\/div>\n<\/div>\n<\/div>\n<div class=\"ads post-ads\"><span class=\"title\">Continua ap\u00f3s a publicidade<\/span><\/p>\n<div id=\"abrAD_rectangle3\" class=\"abrAD\" data-ad-><\/div>\n<\/div>\n<p><br \/>\n<br \/><a href=\"https:\/\/vejasp.abril.com.br\/cidades\/centro-contingencia-quarentena\/\">Fonte do Artigo <\/a><br \/>\nTags:<br \/>\n#loterias #loteriascaixa #megasena #resultadoapostas#noticias #noticiario  #noticia #brasil #noticiascolombia #mundo #esporte #colombia #noticiadeld #ltimasnoticias  #noticiario #noticiasregionales #noticiasdepartamentales #noticiashoy #esportes #noticiaahora #elinformantenoticias #noticiasdeboyac  #esporteinterativo #esportivo #diariodosesportes  #noticiero  #jogodefutebol #jogos #loto #apostas<\/p>\n","protected":false},"excerpt":{"rendered":"<p>O Centro de Conting\u00eancia do Coronav\u00edrus em S\u00e3o Paulo estuda um projeto para endurecer as restri\u00e7\u00f5es da quarentena no estado. Na avalia\u00e7\u00e3o dos membros, ela est\u00e1 muito flex\u00edvel, o que aumenta a propaga\u00e7\u00e3o da Covid-19. A informa\u00e7\u00e3o foi revelada pelo portal UOL. De acordo com a reportagem, a nova proposta ser\u00e1 encaminhada para an\u00e1lise de [&hellip;]<\/p>\n","protected":false},"author":1,"featured_media":61813,"comment_status":"open","ping_status":"open","sticky":false,"template":"","format":"standard","meta":{"footnotes":""},"categories":[1],"tags":[],"class_list":["post-64424","post","type-post","status-publish","format-standard","has-post-thumbnail","hentry","category-curso-de-copy"],"_links":{"self":[{"href":"https:\/\/wiy.com.br\/noticias\/wp-json\/wp\/v2\/posts\/64424","targetHints":{"allow":["GET"]}}],"collection":[{"href":"https:\/\/wiy.com.br\/noticias\/wp-json\/wp\/v2\/posts"}],"about":[{"href":"https:\/\/wiy.com.br\/noticias\/wp-json\/wp\/v2\/types\/post"}],"author":[{"embeddable":true,"href":"https:\/\/wiy.com.br\/noticias\/wp-json\/wp\/v2\/users\/1"}],"replies":[{"embeddable":true,"href":"https:\/\/wiy.com.br\/noticias\/wp-json\/wp\/v2\/comments?post=64424"}],"version-history":[{"count":0,"href":"https:\/\/wiy.com.br\/noticias\/wp-json\/wp\/v2\/posts\/64424\/revisions"}],"wp:featuredmedia":[{"embeddable":true,"href":"https:\/\/wiy.com.br\/noticias\/wp-json\/wp\/v2\/media\/61813"}],"wp:attachment":[{"href":"https:\/\/wiy.com.br\/noticias\/wp-json\/wp\/v2\/media?parent=64424"}],"wp:term":[{"taxonomy":"category","embeddable":true,"href":"https:\/\/wiy.com.br\/noticias\/wp-json\/wp\/v2\/categories?post=64424"},{"taxonomy":"post_tag","embeddable":true,"href":"https:\/\/wiy.com.br\/noticias\/wp-json\/wp\/v2\/tags?post=64424"}],"curies":[{"name":"wp","href":"https:\/\/api.w.org\/{rel}","templated":true}]}}