{"id":64116,"date":"2023-02-26T15:08:37","date_gmt":"2023-02-26T18:08:37","guid":{"rendered":"https:\/\/wiy.com.br\/noticias\/bruno-covas-anuncia-ultimos-secretarios-que-assumem-cargo-neste-sabado-1o\/"},"modified":"2020-12-30T23:08:59","modified_gmt":"2020-12-31T01:08:59","slug":"bruno-covas-anuncia-ultimos-secretarios-que-assumem-cargo-neste-sabado-1o","status":"publish","type":"post","link":"https:\/\/wiy.com.br\/noticias\/bruno-covas-anuncia-ultimos-secretarios-que-assumem-cargo-neste-sabado-1o\/","title":{"rendered":"Bruno Covas anuncia \u00faltimos secret\u00e1rios que assumem cargo neste s\u00e1bado (1\u00ba)"},"content":{"rendered":"<p> <br \/>\n<\/p>\n<p>O prefeito reeleito <strong>Bruno Covas<\/strong> (PSDB) divulgou nesta quarta (30) os cinco \u00faltimos nomes que faltavam para completar o secretariado que assumir\u00e1 a gest\u00e3o da cidade na sexta, 1\u00ba de janeiro.<\/p>\n<p>O tucano, quem <strong>enxugou quatro secretarias<\/strong> para o movo mandato, escolheu o advogado <span>Ricardo Tripoli para a Casa Civil, Thiago Milhim, presidente do Podemos, para Esportes, Orlando Faria, atual Casa Civil, para Habita\u00e7\u00e3o e Eduardo Castro para Verde e Meio Ambiente. A secret\u00e1ria dos Direitos Humanos e Cidadania, Claudia Carletto, foi mantida no cargo.<\/span><\/p>\n<p>Para 2021, deixam de existir as secretarias Especial de Comunica\u00e7\u00e3o, Rela\u00e7\u00f5es Sociais, Desenvolvimento Urbano e de Gest\u00e3o.<\/p>\n<p>Confira abaixo todas as indica\u00e7\u00f5es de Covas.<\/p>\n<p>&#8211; Assist\u00eancia e Desenvolvimento Social:\u00a0Berenice Gianella<br \/>\n&#8211; Casa Civil: Ricardo Tripoli<br \/>\n<span>&#8211; Controlador Geral do Munic\u00edpio: Jo\u00e3o Manoel Scudeler de Barros <\/span><br \/>\n&#8211; Cultura:\u00a0Ale Youssef<br \/>\n&#8211; Direitos Humanos e Cidadania: Claudia Carletto<br \/>\n&#8211; Desenvolvimento Econ\u00f4mico e Turismo:\u00a0Aline Cardoso<br \/>\n&#8211; Educa\u00e7\u00e3o:\u00a0Fernando Padula<br \/>\n&#8211; Esportes: Thiago Milhim<br \/>\n&#8211; Fazenda:\u00a0Guilherme Bueno de Camargo<br \/>\n&#8211; Governo:\u00a0Rubens Rizek Jr<br \/>\n&#8211; Habitac\u0327a\u0303o: Orlando Faria<br \/>\n&#8211; Inova\u00e7\u00e3o e Tecnologia:\u00a0Juan Quir\u00f3s<br \/>\n&#8211; Justi\u00e7a: Eunice Prudente<br \/>\n&#8211; Mobilidade e Transporte:\u00a0Levi Oliveira<br \/>\n&#8211; Obras e Infraestrutura: Marcos Monteiro<br \/>\n&#8211; Pessoa com Defici\u00eancia:\u00a0Silvia Grecco<br \/>\n<span>&#8211; Procuradora Geral do Munic\u00edpio: Marina Magro <\/span><br \/>\n&#8211; Rela\u00e7\u00f5es Internacionais:\u00a0Marta Suplicy<br \/>\n&#8211; Sa\u00fade:\u00a0Edson Aparecido<br \/>\n&#8211; Seguran\u00e7a Urbana:\u00a0Elza Paulino de Souza<br \/>\n&#8211; Subprefeituras:\u00a0Alexandre Modonezi<br \/>\n&#8211; Urbanismo e Licenciamento:\u00a0C\u00e9sar Azevedo<br \/>\n&#8211; Verde e Meio Ambiente: Eduardo de Castro<\/p>\n<p><b>+\u00a0<span><a href=\"http:\/\/assineabril.com.br\/assinevesp\" target=\"_blank\" rel=\"noopener noreferrer\">Assine a Vejinha<\/a><\/span>\u00a0a partir de 6,90 mensais<\/b><\/p>\n<div id=\"relacionadas\" class=\"block related-posts three_columns\">\n<ul class=\"block-menu\">\n<li data-tab=\"tab-1\" class=\"active\">Relacionadas<\/li>\n<\/ul>\n<div id=\"tab-1\" class=\"block-content active\">\n<div class=\"row\">\n<li class=\"widget-news-item without-thumb with-border\">\n<div class=\"widget-news-info\"><a href=\"http:\/\/vejasp.abril.com.br\/cidades\">Cidades<\/a><span class=\"widget-news-item-title\"><a href=\"https:\/\/vejasp.abril.com.br\/cidades\/bruno-covas-justifica-aumento-salarial-o-teto-de-r-24-00000-esta-defasado\/\">Bruno Covas justifica aumento salarial &#8220;O teto de R$ 24.000,00 est\u00e1 defasado&#8221;<\/a><\/span><span class=\"widget-news-item-date\">29 dez 2020 &#8211; 10h12<\/span><\/div>\n<\/li>\n<li class=\"widget-news-item without-thumb with-border\">\n<div class=\"widget-news-info\"><a href=\"http:\/\/vejasp.abril.com.br\/cidades\">Cidades<\/a><span class=\"widget-news-item-title\"><a href=\"https:\/\/vejasp.abril.com.br\/cidades\/posse-virtual-vereadores-sp-2021\/\">Vereadores ter\u00e3o posse virtual em 1\u00ba de janeiro<\/a><\/span><span class=\"widget-news-item-date\">29 dez 2020 &#8211; 15h12<\/span><\/div>\n<\/li>\n<li class=\"widget-news-item without-thumb with-border\">\n<div class=\"widget-news-info\"><a href=\"http:\/\/vejasp.abril.com.br\/cidades\">Cidades<\/a><span class=\"widget-news-item-title\"><a href=\"https:\/\/vejasp.abril.com.br\/cidades\/erika-hilton-disputara-a-presidencia-da-camara-de-sp\/\">Erika Hilton disputar\u00e1 a Presid\u00eancia da C\u00e2mara de SP<\/a><\/span><span class=\"widget-news-item-date\">30 dez 2020 &#8211; 14h12<\/span><\/div>\n<\/li>\n<li class=\"widget-news-item without-thumb with-border\">\n<div class=\"widget-news-info\"><a href=\"http:\/\/vejasp.abril.com.br\/cidades\">Cidades<\/a><span class=\"widget-news-item-title\"><a href=\"https:\/\/vejasp.abril.com.br\/cidades\/sem-mascara-bolsonaro-pega-crianca-no-colo-e-gera-aglomeracao-em-praia\/\">Sem m\u00e1scara, Bolsonaro pega crian\u00e7a no colo e gera aglomera\u00e7\u00e3o em praia<\/a><\/span><span class=\"widget-news-item-date\">30 dez 2020 &#8211; 12h12<\/span><\/div>\n<\/li>\n<\/div>\n<\/div>\n<\/div>\n<div id=\"mais_lidas\" class=\"block related-posts mais-lidas\">\n<ul class=\"block-menu\">\n<li data-tab=\"tab-1\" class=\"active\">Mais lidas<\/li>\n<\/ul>\n<div id=\"tab-1\" class=\"block-content active\">\n<div class=\"row\">\n<div class=\"col-s-12 col-l-3\"><a href=\"https:\/\/vejasp.abril.com.br\/saude\/alexandre-correa-marido-de-ana-hickmann-volta-a-ser-internado\/\" class=\"card\"><span class=\"category hide-s\">Sa\u00fade<\/span><img title = \"[Tags]\"data-src=\"https:\/\/vejasp.abril.com.br\/wp-content\/uploads\/2020\/12\/Alexandre-Correa.jpg?quality=70&amp;strip=info&amp;w=565&amp;h=307&amp;crop=1\"alt = \"Alexandre-Correa Bruno Covas anuncia \u00faltimos secret\u00e1rios que assumem cargo neste s\u00e1bado (1\u00ba)\" class=\"lazyload media\"><span class=\"category hide-l\">Sa\u00fade<\/span><span class=\"title\">Alexandre Correa, marido de Ana Hickmann, volta a ser internado<\/span><\/a><\/div>\n<div class=\"col-s-12 col-l-3\"><a href=\"https:\/\/vejasp.abril.com.br\/blog\/pop\/ana-maria-braga-se-emociona-ao-vivo-ao-falar-de-morte-de-cinegrafista\/\" class=\"card\"><span class=\"category hide-s\">Cidades<\/span><img title = \"[Tags]\"data-src=\"https:\/\/vejasp.abril.com.br\/wp-content\/uploads\/2020\/12\/mais_voc\u00ea.jpg?quality=70&amp;strip=info&amp;w=680&amp;h=453&amp;crop=1\"alt = \"Alexandre-Correa Bruno Covas anuncia \u00faltimos secret\u00e1rios que assumem cargo neste s\u00e1bado (1\u00ba)\" class=\"lazyload media\"><span class=\"category hide-l\">Cidades<\/span><span class=\"title\">Ana Maria Braga se emociona ao vivo ao falar de morte de cinegrafista<\/span><\/a><\/div>\n<div class=\"col-s-12 col-l-3\"><a href=\"https:\/\/vejasp.abril.com.br\/cultura-lazer\/nivea-stelmann-passa-por-cirurgia-de-emergencia-no-rio-de-janeiro\/\" class=\"card\"><span class=\"category hide-s\">Cultura &amp; Lazer<\/span><img title = \"[Tags]\"data-src=\"https:\/\/vejasp.abril.com.br\/wp-content\/uploads\/2020\/12\/Nivea-Stelman.jpg?quality=70&amp;strip=info&amp;w=503&amp;h=234&amp;crop=1\"alt = \"Alexandre-Correa Bruno Covas anuncia \u00faltimos secret\u00e1rios que assumem cargo neste s\u00e1bado (1\u00ba)\" class=\"lazyload media\"><span class=\"category hide-l\">Cultura &amp; Lazer<\/span><span class=\"title\">Nivea Stelmann passa por cirurgia de emerg\u00eancia no Rio de Janeiro<\/span><\/a><\/div>\n<div class=\"col-s-12 col-l-3\"><a href=\"https:\/\/vejasp.abril.com.br\/cultura-lazer\/marcius-melhem-famosos-assedio\/\" class=\"card\"><span class=\"category hide-s\">Cultura &amp; Lazer<\/span><img title = \"[Tags]\"data-src=\"https:\/\/vejasp.abril.com.br\/wp-content\/uploads\/2020\/12\/melhem-calabresa.jpg?quality=70&amp;strip=info&amp;w=680&amp;h=453&amp;crop=1\"alt = \"Alexandre-Correa Bruno Covas anuncia \u00faltimos secret\u00e1rios que assumem cargo neste s\u00e1bado (1\u00ba)\" class=\"lazyload media\"><span class=\"category hide-l\">Cultura &amp; Lazer<\/span><span class=\"title\">Famosos se manifestam em apoio a Dani Calabresa<\/span><\/a><\/div>\n<\/div>\n<\/div>\n<\/div>\n<div id=\"leia_mais\" class=\"block related-posts leia-mais\">\n<ul class=\"block-menu\">\n<li data-tab=\"tab-1\" class=\"active\">Leia mais<\/li>\n<\/ul>\n<div id=\"tab-1\" class=\"block-content active\">\n<div class=\"row\">\n<div class=\"col-s-12 col-l-3\"><a href=\"https:\/\/vejasp.abril.com.br\/cidades\/reveillon-praias-litoral-norte-sul-paulista\/\" class=\"card\"><span class=\"category hide-s\">Cidades<\/span><img title = \"[Tags]\"data-src=\"https:\/\/vejasp.abril.com.br\/wp-content\/uploads\/2017\/01\/rev.jpg?quality=70&amp;strip=info&amp;w=680&amp;h=453&amp;crop=1\"alt = \"Alexandre-Correa Bruno Covas anuncia \u00faltimos secret\u00e1rios que assumem cargo neste s\u00e1bado (1\u00ba)\" class=\"lazyload media\"><span class=\"category hide-l\">Cidades<\/span><span class=\"title\">Praias liberadas? Confira como ser\u00e1 o Ano-Novo no litoral paulista<\/span><\/a><\/div>\n<div class=\"col-s-12 col-l-3\"><a href=\"https:\/\/vejasp.abril.com.br\/cidades\/bolsonaro-disponibiliza-r-30-milhoes-para-investimentos-no-guaruja\/\" class=\"card\"><span class=\"category hide-s\">Cidades<\/span><img title = \"[Tags]\"data-src=\"https:\/\/vejasp.abril.com.br\/wp-content\/uploads\/2018\/02\/0110v304b-jpeg.jpg?quality=70&amp;strip=info&amp;w=680&amp;h=453&amp;crop=1\"alt = \"Alexandre-Correa Bruno Covas anuncia \u00faltimos secret\u00e1rios que assumem cargo neste s\u00e1bado (1\u00ba)\" class=\"lazyload media\"><span class=\"category hide-l\">Cidades<\/span><span class=\"title\">Bolsonaro disponibiliza R$ 30 milh\u00f5es para investimentos no Guaruj\u00e1<\/span><\/a><\/div>\n<div class=\"col-s-12 col-l-3\"><a href=\"https:\/\/vejasp.abril.com.br\/cidades\/policial-militar-morre-afogado-ao-tentar-salvar-criancas-em-itanhaem\/\" class=\"card\"><span class=\"category hide-s\">Cidades<\/span><img title = \"[Tags]\"data-src=\"https:\/\/vejasp.abril.com.br\/wp-content\/uploads\/2020\/12\/Diogo_melo_faleceu.jpg?quality=70&amp;strip=info&amp;w=680&amp;h=453&amp;crop=1\"alt = \"Alexandre-Correa Bruno Covas anuncia \u00faltimos secret\u00e1rios que assumem cargo neste s\u00e1bado (1\u00ba)\" class=\"lazyload media\"><span class=\"category hide-l\">Cidades<\/span><span class=\"title\">Policial Militar morre afogado ao tentar socorrer crian\u00e7as em Itanha\u00e9m<\/span><\/a><\/div>\n<div class=\"col-s-12 col-l-3\"><a href=\"https:\/\/vejasp.abril.com.br\/cidades\/rede-de-restaurantes-populares-tera-prazo-de-refeicoes-gratuitas\/\" class=\"card\"><span class=\"category hide-s\">Cidades<\/span><img title = \"[Tags]\"data-src=\"https:\/\/vejasp.abril.com.br\/wp-content\/uploads\/2020\/08\/0Z6A3361.jpg.jpg?quality=70&amp;strip=info&amp;w=680&amp;h=453&amp;crop=1\"alt = \"Alexandre-Correa Bruno Covas anuncia \u00faltimos secret\u00e1rios que assumem cargo neste s\u00e1bado (1\u00ba)\" class=\"lazyload media\"><span class=\"category hide-l\">Cidades<\/span><span class=\"title\">Rede de restaurantes populares ter\u00e1 prazo de refei\u00e7\u00f5es gratuitas prorrogado<\/span><\/a><\/div>\n<\/div>\n<\/div>\n<\/div>\n<div class=\"ads post-ads\"><span class=\"title\">Continua ap\u00f3s a publicidade<\/span><\/p>\n<div id=\"abrAD_rectangle3\" class=\"abrAD\" data-ad-><\/div>\n<\/div>\n<p><br \/>\n<br \/><a href=\"https:\/\/vejasp.abril.com.br\/cidades\/bruno-covas-anuncia-ultimos-secretarios-que-assumem-neste-sabado-1o\/\">Fonte do Artigo <\/a><br \/>\nTags:<br \/>\n#loterias #loteriascaixa #megasena #resultadoapostas#noticias #noticiario  #noticia #brasil #noticiascolombia #mundo #esporte #colombia #noticiadeld #ltimasnoticias  #noticiario #noticiasregionales #noticiasdepartamentales #noticiashoy #esportes #noticiaahora #elinformantenoticias #noticiasdeboyac  #esporteinterativo #esportivo #diariodosesportes  #noticiero  #jogodefutebol #jogos #loto #apostas<\/p>\n","protected":false},"excerpt":{"rendered":"<p>O prefeito reeleito Bruno Covas (PSDB) divulgou nesta quarta (30) os cinco \u00faltimos nomes que faltavam para completar o secretariado que assumir\u00e1 a gest\u00e3o da cidade na sexta, 1\u00ba de janeiro. O tucano, quem enxugou quatro secretarias para o movo mandato, escolheu o advogado Ricardo Tripoli para a Casa Civil, Thiago Milhim, presidente do Podemos, [&hellip;]<\/p>\n","protected":false},"author":1,"featured_media":63872,"comment_status":"open","ping_status":"open","sticky":false,"template":"","format":"standard","meta":{"footnotes":""},"categories":[1],"tags":[],"class_list":["post-64116","post","type-post","status-publish","format-standard","has-post-thumbnail","hentry","category-curso-de-copy"],"_links":{"self":[{"href":"https:\/\/wiy.com.br\/noticias\/wp-json\/wp\/v2\/posts\/64116","targetHints":{"allow":["GET"]}}],"collection":[{"href":"https:\/\/wiy.com.br\/noticias\/wp-json\/wp\/v2\/posts"}],"about":[{"href":"https:\/\/wiy.com.br\/noticias\/wp-json\/wp\/v2\/types\/post"}],"author":[{"embeddable":true,"href":"https:\/\/wiy.com.br\/noticias\/wp-json\/wp\/v2\/users\/1"}],"replies":[{"embeddable":true,"href":"https:\/\/wiy.com.br\/noticias\/wp-json\/wp\/v2\/comments?post=64116"}],"version-history":[{"count":0,"href":"https:\/\/wiy.com.br\/noticias\/wp-json\/wp\/v2\/posts\/64116\/revisions"}],"wp:featuredmedia":[{"embeddable":true,"href":"https:\/\/wiy.com.br\/noticias\/wp-json\/wp\/v2\/media\/63872"}],"wp:attachment":[{"href":"https:\/\/wiy.com.br\/noticias\/wp-json\/wp\/v2\/media?parent=64116"}],"wp:term":[{"taxonomy":"category","embeddable":true,"href":"https:\/\/wiy.com.br\/noticias\/wp-json\/wp\/v2\/categories?post=64116"},{"taxonomy":"post_tag","embeddable":true,"href":"https:\/\/wiy.com.br\/noticias\/wp-json\/wp\/v2\/tags?post=64116"}],"curies":[{"name":"wp","href":"https:\/\/api.w.org\/{rel}","templated":true}]}}