{"id":63809,"date":"2023-02-26T15:41:37","date_gmt":"2023-02-26T18:41:37","guid":{"rendered":"https:\/\/wiy.com.br\/noticias\/camara-aumento-de-salario-do-prefeito-e-aprovado-em-definitivo\/"},"modified":"2020-12-23T16:12:25","modified_gmt":"2020-12-23T18:12:25","slug":"camara-aumento-de-salario-do-prefeito-e-aprovado-em-definitivo","status":"publish","type":"post","link":"https:\/\/wiy.com.br\/noticias\/camara-aumento-de-salario-do-prefeito-e-aprovado-em-definitivo\/","title":{"rendered":"C\u00e2mara: aumento de sal\u00e1rio do prefeito \u00e9 aprovado em definitivo"},"content":{"rendered":"<p> <br \/>\n<\/p>\n<p>O legislativo paulistano aprovou em segunda vota\u00e7\u00e3o o <strong>aumento<\/strong> de 45% no <strong>sal\u00e1rio<\/strong> do <strong>prefeito<\/strong>, <strong>vice<\/strong> e <strong>secret\u00e1rios<\/strong> do Executivo da capital. Foram 34 votos favor\u00e1veis ao projeto, 17 contra e uma absten\u00e7\u00e3o. Agora o projeto segue para a san\u00e7\u00e3o de <strong>Bruno Covas<\/strong> (PSDB).<\/p>\n<p>Na segunda-feira (21) a C\u00e2mara Municipal realizou a primeira vota\u00e7\u00e3o, que tamb\u00e9m teve aprova\u00e7\u00e3o. Com o reajuste, que \u00e9 v\u00e1lido a partir de 2022, o teto do funcionalismo p\u00fablico municipal tamb\u00e9m sobe. O sal\u00e1rio atual do prefeito \u00e9 de 24.175,55 reais e passar\u00e1 para 35.462 reais. O vice-prefeito ganhava 21.700 reais e ter\u00e1 a renumera\u00e7\u00e3o de 31.915,80 reais. Os sal\u00e1rios dos secret\u00e1rios subiram 55%, de 19.340,40 para 30.142,70 reais.<\/p>\n<div class=\"wall protected-content\">\n<div class=\"mc-column content-text active-extra-styles \" data-block-type=\"unstyled\" data-block-weight=\"38\" data-block-id=\"7\">\n<p data-track-category=\"Link no Texto\" data-track-links=\"\">A C\u00e2mara disse, em nota, que o reajuste corrige subs\u00eddios \u201cdo prefeito, vice-prefeito e secret\u00e1rios em patamar abaixo da infla\u00e7\u00e3o acumulada no per\u00edodo\u201d dos \u00faltimos 8 anos. \u201cDesde a \u00faltima corre\u00e7\u00e3o, em 2012, a infla\u00e7\u00e3o acumulada chega a 63,11% pelo IPCA e 100,41% pelo IGP\u201d, afirma o vereador F\u00e1bio Riva (PSDB), l\u00edder do governo na C\u00e2mara.<\/p>\n<\/div>\n<\/div>\n<p data-track-category=\"Link no Texto\" data-track-links=\"\"><a href=\"https:\/\/vejasp.abril.com.br\/cidades\/boulos-justica-reajuste-prefeitura\/\">Em entrevista para a Vejinha na ter\u00e7a-feira (22),<\/a> o candidato derrotado nas elei\u00e7\u00f5es municipais, Guilherme Boulos (PSOL), afirmou que vai protocolar uma representa\u00e7\u00e3o no Minist\u00e9rio P\u00fablico contra o reajuste. \u201cEssa aprova\u00e7\u00e3o fere, ao menos, dois princ\u00edpios legais: o princ\u00edpio da razoabilidade e o princ\u00edpio da moralidade p\u00fablica, porque n\u00f3s estamos no meio de uma pandemia, com uma crise social aguda\u201d, disse.<\/p>\n<p data-track-category=\"Link no Texto\" data-track-links=\"\">\n<div id=\"mais_lidas\" class=\"block related-posts mais-lidas\">\n<ul class=\"block-menu\">\n<li data-tab=\"tab-1\" class=\"active\">Mais lidas<\/li>\n<\/ul>\n<div id=\"tab-1\" class=\"block-content active\">\n<div class=\"row\">\n<div class=\"col-s-12 col-l-3\"><a href=\"https:\/\/vejasp.abril.com.br\/cidades\/sao-paulo-fase-vermelha\/\" class=\"card\"><span class=\"category hide-s\">Cidades<\/span><img title = \"[Tags]\"data-src=\"https:\/\/vejasp.abril.com.br\/wp-content\/uploads\/2020\/12\/test-tube-5065424_1920.jpg?quality=70&amp;strip=info&amp;w=680&amp;h=453&amp;crop=1\"alt = \"test-tube-5065424_1920 C\u00e2mara: aumento de sal\u00e1rio do prefeito \u00e9 aprovado em definitivo\" class=\"lazyload media\"><span class=\"category hide-l\">Cidades<\/span><span class=\"title\">S\u00e3o Paulo regride para a Fase Vermelha durante Natal e Ano Novo<\/span><\/a><\/div>\n<div class=\"col-s-12 col-l-3\"><a href=\"https:\/\/vejasp.abril.com.br\/cultura-lazer\/era-de-aquario-significado\/\" class=\"card\"><span class=\"category hide-s\">Cultura &amp; Lazer<\/span><img title = \"[Tags]\"data-src=\"https:\/\/vejasp.abril.com.br\/wp-content\/uploads\/2020\/01\/aquariovjsp.jpg?quality=70&amp;strip=info&amp;w=680&amp;h=453&amp;crop=1\"alt = \"test-tube-5065424_1920 C\u00e2mara: aumento de sal\u00e1rio do prefeito \u00e9 aprovado em definitivo\" class=\"lazyload media\"><span class=\"category hide-l\">Cultura &amp; Lazer<\/span><span class=\"title\">A Era de Aqu\u00e1rio come\u00e7a nesta segunda (21); o que isso quer dizer?<\/span><\/a><\/div>\n<div class=\"col-s-12 col-l-3\"><a href=\"https:\/\/vejasp.abril.com.br\/cultura-lazer\/lucas-matheus-morre-covid\/\" class=\"card\"><span class=\"category hide-s\">Cultura &amp; Lazer<\/span><img title = \"[Tags]\"data-src=\"https:\/\/vejasp.abril.com.br\/wp-content\/uploads\/2020\/12\/matheus-2.jpg?quality=70&amp;strip=info&amp;w=680&amp;h=453&amp;crop=1\"alt = \"test-tube-5065424_1920 C\u00e2mara: aumento de sal\u00e1rio do prefeito \u00e9 aprovado em definitivo\" class=\"lazyload media\"><span class=\"category hide-l\">Cultura &amp; Lazer<\/span><span class=\"title\">Matheus, da dupla Lucas e Matheus, morre ap\u00f3s contrair Covid-19<\/span><\/a><\/div>\n<div class=\"col-s-12 col-l-3\"><a href=\"https:\/\/vejasp.abril.com.br\/cidades\/ipva-2021-sao-paulo\/\" class=\"card\"><span class=\"category hide-s\">Cidades<\/span><img title = \"[Tags]\"data-src=\"https:\/\/vejasp.abril.com.br\/wp-content\/uploads\/2020\/12\/rodovia.jpg?quality=70&amp;strip=info&amp;w=680&amp;h=453&amp;crop=1\"alt = \"test-tube-5065424_1920 C\u00e2mara: aumento de sal\u00e1rio do prefeito \u00e9 aprovado em definitivo\" class=\"lazyload media\"><span class=\"category hide-l\">Cidades<\/span><span class=\"title\">Paulistas podem consultar valor do IPVA 2021 a partir desta ter\u00e7a (22)<\/span><\/a><\/div>\n<\/div>\n<\/div>\n<\/div>\n<div id=\"leia_mais\" class=\"block related-posts leia-mais\">\n<ul class=\"block-menu\">\n<li data-tab=\"tab-1\" class=\"active\">Leia mais<\/li>\n<\/ul>\n<div id=\"tab-1\" class=\"block-content active\">\n<div class=\"row\">\n<div class=\"col-s-12 col-l-3\"><a href=\"https:\/\/vejasp.abril.com.br\/cidades\/doria-cancela-viagem-miami\/\" class=\"card\"><span class=\"category hide-s\">Cidades<\/span><img title = \"[Tags]\"data-src=\"https:\/\/vejasp.abril.com.br\/wp-content\/uploads\/2019\/12\/doria.jpg?quality=70&amp;strip=info&amp;crop=225px%2C188px%2C659px%2C449px&amp;resize=680%2C453\"alt = \"test-tube-5065424_1920 C\u00e2mara: aumento de sal\u00e1rio do prefeito \u00e9 aprovado em definitivo\" class=\"lazyload media\"><span class=\"category hide-l\">Cidades<\/span><span class=\"title\">Doria cancela viagem para Miami ap\u00f3s vice testar positivo para Covid-19<\/span><\/a><\/div>\n<div class=\"col-s-12 col-l-3\"><a href=\"https:\/\/vejasp.abril.com.br\/cidades\/aulas-presenciais-sao-paulo-2021\/\" class=\"card\"><span class=\"category hide-s\">Cidades<\/span><img title = \"[Tags]\"data-src=\"https:\/\/vejasp.abril.com.br\/wp-content\/uploads\/2020\/07\/Bruno-Caetano.jpg?quality=70&amp;strip=info&amp;w=680&amp;h=453&amp;crop=1\"alt = \"test-tube-5065424_1920 C\u00e2mara: aumento de sal\u00e1rio do prefeito \u00e9 aprovado em definitivo\" class=\"lazyload media\"><span class=\"category hide-l\">Cidades<\/span><span class=\"title\">Secret\u00e1rio d\u00e1 previs\u00e3o de data para volta \u00e0s aulas presenciais na capital<\/span><\/a><\/div>\n<div class=\"col-s-12 col-l-3\"><a href=\"https:\/\/vejasp.abril.com.br\/cidades\/joao-doria-ferias-miami\/\" class=\"card\"><span class=\"category hide-s\">Cidades<\/span><img title = \"[Tags]\"data-src=\"https:\/\/vejasp.abril.com.br\/wp-content\/uploads\/2018\/07\/22416508-160802.jpg?quality=70&amp;strip=info&amp;w=680&amp;h=453&amp;crop=1\"alt = \"test-tube-5065424_1920 C\u00e2mara: aumento de sal\u00e1rio do prefeito \u00e9 aprovado em definitivo\" class=\"lazyload media\"><span class=\"category hide-l\">Cidades<\/span><span class=\"title\">Jo\u00e3o Doria tira licen\u00e7a de dez dias e viaja com a esposa a Miami<\/span><\/a><\/div>\n<div class=\"col-s-12 col-l-3\"><a href=\"https:\/\/vejasp.abril.com.br\/cidades\/herdeiro-casas-bahia-estupro\/\" class=\"card\"><span class=\"category hide-s\">Cidades<\/span><img title = \"[Tags]\"data-src=\"https:\/\/vejasp.abril.com.br\/wp-content\/uploads\/2020\/12\/Saul-Klein-600x400-1.jpg?quality=70&amp;strip=info&amp;w=600&amp;h=400&amp;crop=1\"alt = \"test-tube-5065424_1920 C\u00e2mara: aumento de sal\u00e1rio do prefeito \u00e9 aprovado em definitivo\" class=\"lazyload media\"><span class=\"category hide-l\">Cidades<\/span><span class=\"title\">Mulheres acusam filho de fundador da Casas Bahia de estupro e aliciamento<\/span><\/a><\/div>\n<\/div>\n<\/div>\n<\/div>\n<div class=\"ads post-ads\"><span class=\"title\">Continua ap\u00f3s a publicidade<\/span><\/p>\n<div id=\"abrAD_rectangle3\" class=\"abrAD\" data-ad-><\/div>\n<\/div>\n<p><br \/>\n<br \/><a href=\"https:\/\/vejasp.abril.com.br\/cidades\/camara-sao-paulo-aprova-salario-aumento-covas\/\">Fonte do Artigo <\/a><br \/>\nTags:<br \/>\n#loterias #loteriascaixa #megasena #resultadoapostas#noticias #noticiario  #noticia #brasil #noticiascolombia #mundo #esporte #colombia #noticiadeld #ltimasnoticias  #noticiario #noticiasregionales #noticiasdepartamentales #noticiashoy #esportes #noticiaahora #elinformantenoticias #noticiasdeboyac  #esporteinterativo #esportivo #diariodosesportes  #noticiero  #jogodefutebol #jogos #loto #apostas<\/p>\n","protected":false},"excerpt":{"rendered":"<p>O legislativo paulistano aprovou em segunda vota\u00e7\u00e3o o aumento de 45% no sal\u00e1rio do prefeito, vice e secret\u00e1rios do Executivo da capital. Foram 34 votos favor\u00e1veis ao projeto, 17 contra e uma absten\u00e7\u00e3o. Agora o projeto segue para a san\u00e7\u00e3o de Bruno Covas (PSDB). Na segunda-feira (21) a C\u00e2mara Municipal realizou a primeira vota\u00e7\u00e3o, que [&hellip;]<\/p>\n","protected":false},"author":1,"featured_media":59027,"comment_status":"open","ping_status":"open","sticky":false,"template":"","format":"standard","meta":{"footnotes":""},"categories":[1],"tags":[],"class_list":["post-63809","post","type-post","status-publish","format-standard","has-post-thumbnail","hentry","category-curso-de-copy"],"_links":{"self":[{"href":"https:\/\/wiy.com.br\/noticias\/wp-json\/wp\/v2\/posts\/63809","targetHints":{"allow":["GET"]}}],"collection":[{"href":"https:\/\/wiy.com.br\/noticias\/wp-json\/wp\/v2\/posts"}],"about":[{"href":"https:\/\/wiy.com.br\/noticias\/wp-json\/wp\/v2\/types\/post"}],"author":[{"embeddable":true,"href":"https:\/\/wiy.com.br\/noticias\/wp-json\/wp\/v2\/users\/1"}],"replies":[{"embeddable":true,"href":"https:\/\/wiy.com.br\/noticias\/wp-json\/wp\/v2\/comments?post=63809"}],"version-history":[{"count":0,"href":"https:\/\/wiy.com.br\/noticias\/wp-json\/wp\/v2\/posts\/63809\/revisions"}],"wp:featuredmedia":[{"embeddable":true,"href":"https:\/\/wiy.com.br\/noticias\/wp-json\/wp\/v2\/media\/59027"}],"wp:attachment":[{"href":"https:\/\/wiy.com.br\/noticias\/wp-json\/wp\/v2\/media?parent=63809"}],"wp:term":[{"taxonomy":"category","embeddable":true,"href":"https:\/\/wiy.com.br\/noticias\/wp-json\/wp\/v2\/categories?post=63809"},{"taxonomy":"post_tag","embeddable":true,"href":"https:\/\/wiy.com.br\/noticias\/wp-json\/wp\/v2\/tags?post=63809"}],"curies":[{"name":"wp","href":"https:\/\/api.w.org\/{rel}","templated":true}]}}