{"id":63697,"date":"2023-02-26T15:01:41","date_gmt":"2023-02-26T18:01:41","guid":{"rendered":"https:\/\/wiy.com.br\/noticias\/ja-comecou-a-operacao-reveillon-e-verao-nas-rodovias-paulistas\/"},"modified":"2020-12-21T15:21:12","modified_gmt":"2020-12-21T17:21:12","slug":"ja-comecou-a-operacao-reveillon-e-verao-nas-rodovias-paulistas","status":"publish","type":"post","link":"https:\/\/wiy.com.br\/noticias\/ja-comecou-a-operacao-reveillon-e-verao-nas-rodovias-paulistas\/","title":{"rendered":"J\u00e1 come\u00e7ou a Opera\u00e7\u00e3o R\u00e9veillon e Ver\u00e3o nas rodovias paulistas"},"content":{"rendered":"<p> <br \/>\n<\/p>\n<p>Come\u00e7ou nesta segunda-feira (21) nas rodovias paulistas a<strong> Opera\u00e7\u00e3o\u00a0<em>R\u00e9veillon<\/em>\u00a0e Ver\u00e3o 2021<\/strong>, que vai at\u00e9 17 de fevereiro com a\u00e7\u00f5es operacionais conjuntas da Pol\u00edcia Rodovi\u00e1ria Estadual, do Departamento de Estradas de Rodagem (DER), da Ag\u00eancia de Transporte do Estado de S\u00e3o Paulo (Artesp) e das concession\u00e1rias. Mesmo com a opera\u00e7\u00e3o, o governo estadual ressalta a import\u00e2ncia de evitar viagens desnecess\u00e1rias e a exposi\u00e7\u00e3o ao risco de contamina\u00e7\u00e3o por <strong>Covid-19.<img title = \"[Tags]\"alt = \"ebc J\u00e1 come\u00e7ou a Opera\u00e7\u00e3o R\u00e9veillon e Ver\u00e3o nas rodovias paulistas\"decoding=\"async\" src=\"https:\/\/agenciabrasil.ebc.com.br\/ebc.png?id=1397006&amp;o=node\" border=\"0\" \/><img title = \"[Tags]\"alt = \"ebc J\u00e1 come\u00e7ou a Opera\u00e7\u00e3o R\u00e9veillon e Ver\u00e3o nas rodovias paulistas\"decoding=\"async\" src=\"https:\/\/agenciabrasil.ebc.com.br\/ebc.gif?id=1397006&amp;o=node\" border=\"0\" \/><\/strong><\/p>\n<p>Al\u00e9m dos refor\u00e7os operacionais e de fiscaliza\u00e7\u00e3o para atendimento aos usu\u00e1rios e do monitoramento das rodovias mais movimentadas, as medidas visam minimizar os impactos causados pelo aumento do fluxo de ve\u00edculos que ocorre no per\u00edodo. A previs\u00e3o \u00e9 que mais de 3,5 milh\u00f5es de ve\u00edculos circulem nas rodovias litor\u00e2neas do estado entre os dias 21 de dezembro e 4 de janeiro. Estima-se ainda que, durante toda a temporada, a movimenta\u00e7\u00e3o de ve\u00edculos fique em 700 mil por fim de semana.<\/p>\n<p>O uso de drones, que d\u00e3o \u00e0s equipes de campo um melhor tempo de resposta e tomadas de decis\u00e3o, refor\u00e7a os trabalhos, al\u00e9m das 1.818 c\u00e2meras de fiscaliza\u00e7\u00e3o, que abastecem os centros operacionais 24 horas por dia e dos 551 sensores de tr\u00e1fego existentes. Haver\u00e1 ainda refor\u00e7o de equipamentos e recursos, com apoio de viaturas e ve\u00edculos em campos estrat\u00e9gicos, caminhonetes de inspe\u00e7\u00e3o, guinchos leves e pesados, entre outros.<\/p>\n<p>Na fiscaliza\u00e7\u00e3o do transporte intermunicipal de passageiros, est\u00e3o previstas 1.400 a\u00e7\u00f5es em 110 munic\u00edpios com o objetivo de garantir seguran\u00e7a e conforto durante as viagens e combater o transporte clandestino, bem como a verificar o cumprimento do Protocolo Tempor\u00e1rio de Fiscaliza\u00e7\u00e3o durante a pandemia.<\/p>\n<p>O secret\u00e1rio Estadual de Log\u00edstica e Transportes, Jo\u00e3o Octaviano Machado Neto, diz que a opera\u00e7\u00e3o \u00e9 importante para garantir a qualidade das rodovias e a seguran\u00e7a da popula\u00e7\u00e3o neste ver\u00e3o. \u201cTodos os esfor\u00e7os com a Artesp, o DER e equipes da Pol\u00edcia Rodovi\u00e1ria t\u00eam este objetivo, sobretudo neste momento que estamos passando, em que menos acidentes de tr\u00e2nsito significam mais leitos livres para atender os pacientes do coronav\u00edrus.\u201d<\/p>\n<p>Nas redes sociais, os \u00f3rg\u00e3os do governo paulista v\u00e3o informar os melhores hor\u00e1rios para pegar a estrada e as condi\u00e7\u00f5es de tr\u00e1fego para permitir que os usu\u00e1rios se programem. Os pain\u00e9is de mensagens vari\u00e1veis espalhados pelas estradas de S\u00e3o Paulo tamb\u00e9m passar\u00e3o informa\u00e7\u00f5es e alertas aos motoristas.<\/p>\n<div class=\"ads post-ads\"><span class=\"title\">Continua ap\u00f3s a publicidade<\/span><\/p>\n<div id=\"abrAD_rectangle2\" class=\"abrAD\" data-ad-><\/div>\n<\/div>\n<h3>Melhores hor\u00e1rios<\/h3>\n<p>Hoje as estradas estar\u00e3o mais livres entre as 22h e a meia-noite. Na ter\u00e7a-feira (22) da 0h \u00e0s 8h e das 20h \u00e0 meia-noite. Na quarta-feira (23), entre a 0h e as 11h e entre as 22h e a meira-noite. Na quinta-feira (24), v\u00e9spera do natal, o melhor hor\u00e1rio para viajar ser\u00e1 entre a 0h e as 6h.\u00a0 J\u00e1 na sexta, dia do natal, a estrada estar\u00e1 mais livre entre as 2h e as 6h.<\/p>\n<p>Nos dias que antecedem o<span>\u00a0<\/span><em>R\u00e9veillon<\/em>, os melhores hor\u00e1rios para viajar ficam entre a 0h e as 7h e as 22h e a meia-noite. No dia 31, v\u00e9spera do ano-novo, o melhor hor\u00e1rio fica entre 0h e 5h. J\u00e1 no dia 1\u00ba, o ideal \u00e9 entre as 2h e as 6h. At\u00e9 o dia 4 de janeiro, os melhores hor\u00e1rios ficam entre a 0h e as 6h e das22h e a meia-noite.<\/p>\n<p>Em mensagens nos pain\u00e9is eletr\u00f4nicos das rodovias, a\u00a0Artesp e as concession\u00e1rias refor\u00e7am os alertas sobre a import\u00e2ncia do isolamento social como forma de conscientizar motoristas e passageiros a ficar em casa e contribuir de maneira decisiva para evitar a contamina\u00e7\u00e3o pela Covid-19.<\/p>\n<h3>Balsas: refor\u00e7o no litoral<\/h3>\n<p>Al\u00e9m das estradas, quem\u00a0 vai para o o litoral conta, a partir de hoje, com o refor\u00e7o de duas balsas neste ver\u00e3o. O Departamento Hidrovi\u00e1rio (DH) iniciou nesta segunda-feira a Opera\u00e7\u00e3o Ver\u00e3o+Seguro, com toda a frota dispon\u00edvel. Ao todo, o sistema contar\u00e1 com 31 embarca\u00e7\u00f5es distribu\u00eddas nos oito sistemas no litoral paulista.<\/p>\n<p>A travessia Santos\/Guaruj\u00e1 ter\u00e1 o refor\u00e7o de duas balsas, ampliando a capacidade transportada por hora em 38% na compara\u00e7\u00e3o a temporada do ano passado, informou o DH. No total, ser\u00e3o oito balsas na temporada. O sistema, que hoje opera com sete embarca\u00e7\u00f5es, receber\u00e1 a oitava at\u00e9 o feriado de<span>\u00a0<\/span><em>R\u00e9veillon<\/em>. A Travessia S\u00e3o Sebasti\u00e3o-Ilhabela contar\u00e1 com nove embarca\u00e7\u00f5es, sendo sete balsas e duas lanchas para passageiros, que foram adotadas pela primeira vez em 2019 e trouxeram mais agilidade e conforto aos usu\u00e1rios.<\/p>\n<p>No Litoral Sul, o DH concluiu a reforma no flutuante e na ponte que d\u00e3o acesso ao embarque e desembarque de balsas na Travessia Iguape-Jur\u00e9ia. Segundo o DH, o investimento garantiu mais seguran\u00e7a aos usu\u00e1rios.<\/p>\n<p>Moradores e turistas contam ainda com comunica\u00e7\u00e3o em tempo integral sobre o servi\u00e7o de travessias. Os pain\u00e9is de mensagem vari\u00e1vel est\u00e3o instalados em pontos estrat\u00e9gicos dos vi\u00e1rios de acesso, orientando os motoristas e fornecendo informa\u00e7\u00f5es importantes sobre os servi\u00e7os. Al\u00e9m disso, o aplicativo Travessias informa em tempo real a espera de cada travessia, as condi\u00e7\u00f5es clim\u00e1ticas e disponibiliza imagens 24 horas por dia.<\/p>\n<div id=\"relacionadas\" class=\"block related-posts three_columns\">\n<ul class=\"block-menu\">\n<li data-tab=\"tab-1\" class=\"active\">Relacionadas<\/li>\n<\/ul>\n<div id=\"tab-1\" class=\"block-content active\">\n<div class=\"row\">\n<li class=\"widget-news-item without-thumb with-border\">\n<div class=\"widget-news-info\"><a href=\"http:\/\/vejasp.abril.com.br\/cultura-lazer\">Cultura &amp; Lazer<\/a><span class=\"widget-news-item-title\"><a href=\"https:\/\/vejasp.abril.com.br\/cultura-lazer\/jupiter-saturno-conjuncao\/\">Estrela de Natal: conjun\u00e7\u00e3o entre J\u00fapiter e Saturno pode ser vista a olho nu<\/a><\/span><span class=\"widget-news-item-date\">21 dez 2020 &#8211; 12h12<\/span><\/div>\n<\/li>\n<li class=\"widget-news-item without-thumb with-border\">\n<div class=\"widget-news-info\"><a href=\"http:\/\/vejasp.abril.com.br\/cultura-lazer\">Cultura &amp; Lazer<\/a><span class=\"widget-news-item-title\"><a href=\"https:\/\/vejasp.abril.com.br\/cultura-lazer\/marcius-melhem-assedio-narrativa-falsa\/\">Marcius Melhem vai \u00e0 TV e diz que Calabresa move &#8220;processo de vingan\u00e7a&#8221;<\/a><\/span><span class=\"widget-news-item-date\">21 dez 2020 &#8211; 11h12<\/span><\/div>\n<\/li>\n<li class=\"widget-news-item without-thumb with-border\">\n<div class=\"widget-news-info\"><a href=\"http:\/\/vejasp.abril.com.br\/cultura-lazer\">Cultura &amp; Lazer<\/a><span class=\"widget-news-item-title\"><a href=\"https:\/\/vejasp.abril.com.br\/cultura-lazer\/beth-goulart-nicette-bruno\/\">Beth Goulart emociona com despedida a Nicette Bruno: &#8220;Amar n\u00e3o acaba&#8221;<\/a><\/span><span class=\"widget-news-item-date\">21 dez 2020 &#8211; 10h12<\/span><\/div>\n<\/li>\n<\/div>\n<\/div>\n<\/div>\n<div id=\"mais_lidas\" class=\"block related-posts mais-lidas\">\n<ul class=\"block-menu\">\n<li data-tab=\"tab-1\" class=\"active\">Mais lidas<\/li>\n<\/ul>\n<div id=\"tab-1\" class=\"block-content active\">\n<div class=\"row\">\n<div class=\"col-s-12 col-l-3\"><a href=\"https:\/\/vejasp.abril.com.br\/cidades\/mae-mata-filha-zona-sul-de-sp\/\" class=\"card\"><span class=\"category hide-s\">Cidades<\/span><img title = \"[Tags]\"data-src=\"https:\/\/vejasp.abril.com.br\/wp-content\/uploads\/2020\/12\/street-view.jpg?quality=70&amp;strip=info&amp;w=680&amp;h=453&amp;crop=1\"alt = \"ebc J\u00e1 come\u00e7ou a Opera\u00e7\u00e3o R\u00e9veillon e Ver\u00e3o nas rodovias paulistas\" class=\"lazyload media\"><span class=\"category hide-l\">Cidades<\/span><span class=\"title\">M\u00e3e mata filho durante discuss\u00e3o em bairro da zona sul de S\u00e3o Paulo<\/span><\/a><\/div>\n<div class=\"col-s-12 col-l-3\"><a href=\"https:\/\/vejasp.abril.com.br\/cidades\/trem-turistico-liga-cidades-do-interior-paulista\/\" class=\"card\"><span class=\"category hide-s\">Cidades<\/span><img title = \"[Tags]\"data-src=\"https:\/\/vejasp.abril.com.br\/wp-content\/uploads\/2020\/12\/trempaulistano.jpg?quality=70&amp;strip=info&amp;w=680&amp;h=453&amp;crop=1\"alt = \"ebc J\u00e1 come\u00e7ou a Opera\u00e7\u00e3o R\u00e9veillon e Ver\u00e3o nas rodovias paulistas\" class=\"lazyload media\"><span class=\"category hide-l\">Cidades<\/span><span class=\"title\">Trem tur\u00edstico liga cidades do interior paulista<\/span><\/a><\/div>\n<div class=\"col-s-12 col-l-3\"><a href=\"https:\/\/vejasp.abril.com.br\/cidades\/menina-cai-de-terceiro-andar-de-predio\/\" class=\"card\"><span class=\"category hide-s\">Cidades<\/span><img title = \"[Tags]\"data-src=\"https:\/\/vejasp.abril.com.br\/wp-content\/uploads\/2020\/12\/Menina-cai-de-pr\u00e9dio.jpg?quality=70&amp;strip=info&amp;w=680&amp;h=453&amp;crop=1\"alt = \"ebc J\u00e1 come\u00e7ou a Opera\u00e7\u00e3o R\u00e9veillon e Ver\u00e3o nas rodovias paulistas\" class=\"lazyload media\"><span class=\"category hide-l\">Cidades<\/span><span class=\"title\">Menina de 12 anos cai de terceiro andar de pr\u00e9dio na zona sul de SP<\/span><\/a><\/div>\n<div class=\"col-s-12 col-l-3\"><a href=\"https:\/\/vejasp.abril.com.br\/cidades\/previsao-do-tempo-verao-sao-paulo\/\" class=\"card\"><span class=\"category hide-s\">Cidades<\/span><img title = \"[Tags]\"data-src=\"https:\/\/vejasp.abril.com.br\/wp-content\/uploads\/2019\/02\/calor_reprod.jpg?quality=70&amp;strip=info&amp;w=640&amp;h=424&amp;crop=1\"alt = \"ebc J\u00e1 come\u00e7ou a Opera\u00e7\u00e3o R\u00e9veillon e Ver\u00e3o nas rodovias paulistas\" class=\"lazyload media\"><span class=\"category hide-l\">Cidades<\/span><span class=\"title\">Vai esquentar? Veja a previs\u00e3o do tempo para a primeira semana de ver\u00e3o<\/span><\/a><\/div>\n<\/div>\n<\/div>\n<\/div>\n<div id=\"leia_mais\" class=\"block related-posts leia-mais\">\n<ul class=\"block-menu\">\n<li data-tab=\"tab-1\" class=\"active\">Leia mais<\/li>\n<\/ul>\n<div id=\"tab-1\" class=\"block-content active\">\n<div class=\"row\">\n<div class=\"col-s-12 col-l-3\"><a href=\"https:\/\/vejasp.abril.com.br\/cidades\/giba-prisao-pensao-alimenticia\/\" class=\"card\"><span class=\"category hide-s\">Cidades<\/span><img title = \"[Tags]\"data-src=\"https:\/\/vejasp.abril.com.br\/wp-content\/uploads\/2016\/11\/22853_giba.jpeg?quality=70&amp;strip=info&amp;w=620&amp;h=453&amp;crop=1\"alt = \"ebc J\u00e1 come\u00e7ou a Opera\u00e7\u00e3o R\u00e9veillon e Ver\u00e3o nas rodovias paulistas\" class=\"lazyload media\"><span class=\"category hide-l\">Cidades<\/span><span class=\"title\">Justi\u00e7a decreta pris\u00e3o de Giba por d\u00edvida de pens\u00e3o aliment\u00edcia<\/span><\/a><\/div>\n<div class=\"col-s-12 col-l-3\"><a href=\"https:\/\/vejasp.abril.com.br\/cidades\/marco-ricca-alta-medica\/\" class=\"card\"><span class=\"category hide-s\">Cidades<\/span><img title = \"[Tags]\"data-src=\"https:\/\/vejasp.abril.com.br\/wp-content\/uploads\/2020\/12\/marcoricca.jpg?quality=70&amp;strip=info&amp;w=620&amp;h=420&amp;crop=1\"alt = \"ebc J\u00e1 come\u00e7ou a Opera\u00e7\u00e3o R\u00e9veillon e Ver\u00e3o nas rodovias paulistas\" class=\"lazyload media\"><span class=\"category hide-l\">Cidades<\/span><span class=\"title\">Marco Ricca recebe alta m\u00e9dica ap\u00f3s interna\u00e7\u00e3o por Covid-19<\/span><\/a><\/div>\n<div class=\"col-s-12 col-l-3\"><a href=\"https:\/\/vejasp.abril.com.br\/cidades\/mirthes-bernardes-morre\/\" class=\"card\"><span class=\"category hide-s\">Cidades<\/span><img title = \"[Tags]\"data-src=\"https:\/\/vejasp.abril.com.br\/wp-content\/uploads\/2020\/12\/Mirthes-Bernardes.jpg?quality=70&amp;strip=info&amp;w=680&amp;h=453&amp;crop=1\"alt = \"ebc J\u00e1 come\u00e7ou a Opera\u00e7\u00e3o R\u00e9veillon e Ver\u00e3o nas rodovias paulistas\" class=\"lazyload media\"><span class=\"category hide-l\">Cidades<\/span><span class=\"title\">Mirthes Bernardes, criadora de famosa cal\u00e7ada de SP, morre aos 87 anos<\/span><\/a><\/div>\n<div class=\"col-s-12 col-l-3\"><a href=\"https:\/\/vejasp.abril.com.br\/cidades\/nicette-bruno-morre-aos-87-anos\/\" class=\"card\"><span class=\"category hide-s\">Cidades<\/span><img title = \"[Tags]\"data-src=\"https:\/\/vejasp.abril.com.br\/wp-content\/uploads\/2020\/12\/8e05985407d63efbdaf4.png?w=630&amp;h=433&amp;crop=1\"alt = \"ebc J\u00e1 come\u00e7ou a Opera\u00e7\u00e3o R\u00e9veillon e Ver\u00e3o nas rodovias paulistas\" class=\"lazyload media\"><span class=\"category hide-l\">Cidades<\/span><span class=\"title\">Nicette Bruno morre aos 87 anos<\/span><\/a><\/div>\n<\/div>\n<\/div>\n<\/div>\n<div class=\"ads post-ads\"><span class=\"title\">Continua ap\u00f3s a publicidade<\/span><\/p>\n<div id=\"abrAD_rectangle3\" class=\"abrAD\" data-ad-><\/div>\n<\/div>\n<p><br \/>\n<br \/><a href=\"https:\/\/vejasp.abril.com.br\/cidades\/operacao-reveillon-rodovias-paulistas\/\">Fonte do Artigo <\/a><br \/>\nTags:<br \/>\n#loterias #loteriascaixa #megasena #resultadoapostas#noticias #noticiario  #noticia #brasil #noticiascolombia #mundo #esporte #colombia #noticiadeld #ltimasnoticias  #noticiario #noticiasregionales #noticiasdepartamentales #noticiashoy #esportes #noticiaahora #elinformantenoticias #noticiasdeboyac  #esporteinterativo #esportivo #diariodosesportes  #noticiero  #jogodefutebol #jogos #loto #apostas<\/p>\n","protected":false},"excerpt":{"rendered":"<p>Come\u00e7ou nesta segunda-feira (21) nas rodovias paulistas a Opera\u00e7\u00e3o\u00a0R\u00e9veillon\u00a0e Ver\u00e3o 2021, que vai at\u00e9 17 de fevereiro com a\u00e7\u00f5es operacionais conjuntas da Pol\u00edcia Rodovi\u00e1ria Estadual, do Departamento de Estradas de Rodagem (DER), da Ag\u00eancia de Transporte do Estado de S\u00e3o Paulo (Artesp) e das concession\u00e1rias. Mesmo com a opera\u00e7\u00e3o, o governo estadual ressalta a import\u00e2ncia [&hellip;]<\/p>\n","protected":false},"author":1,"featured_media":58780,"comment_status":"open","ping_status":"open","sticky":false,"template":"","format":"standard","meta":{"footnotes":""},"categories":[1],"tags":[],"class_list":["post-63697","post","type-post","status-publish","format-standard","has-post-thumbnail","hentry","category-curso-de-copy"],"_links":{"self":[{"href":"https:\/\/wiy.com.br\/noticias\/wp-json\/wp\/v2\/posts\/63697","targetHints":{"allow":["GET"]}}],"collection":[{"href":"https:\/\/wiy.com.br\/noticias\/wp-json\/wp\/v2\/posts"}],"about":[{"href":"https:\/\/wiy.com.br\/noticias\/wp-json\/wp\/v2\/types\/post"}],"author":[{"embeddable":true,"href":"https:\/\/wiy.com.br\/noticias\/wp-json\/wp\/v2\/users\/1"}],"replies":[{"embeddable":true,"href":"https:\/\/wiy.com.br\/noticias\/wp-json\/wp\/v2\/comments?post=63697"}],"version-history":[{"count":0,"href":"https:\/\/wiy.com.br\/noticias\/wp-json\/wp\/v2\/posts\/63697\/revisions"}],"wp:featuredmedia":[{"embeddable":true,"href":"https:\/\/wiy.com.br\/noticias\/wp-json\/wp\/v2\/media\/58780"}],"wp:attachment":[{"href":"https:\/\/wiy.com.br\/noticias\/wp-json\/wp\/v2\/media?parent=63697"}],"wp:term":[{"taxonomy":"category","embeddable":true,"href":"https:\/\/wiy.com.br\/noticias\/wp-json\/wp\/v2\/categories?post=63697"},{"taxonomy":"post_tag","embeddable":true,"href":"https:\/\/wiy.com.br\/noticias\/wp-json\/wp\/v2\/tags?post=63697"}],"curies":[{"name":"wp","href":"https:\/\/api.w.org\/{rel}","templated":true}]}}