{"id":63675,"date":"2023-02-26T15:50:42","date_gmt":"2023-02-26T18:50:42","guid":{"rendered":"https:\/\/wiy.com.br\/noticias\/nicette-bruno-morre-aos-87-anos\/"},"modified":"2020-12-20T14:57:24","modified_gmt":"2020-12-20T16:57:24","slug":"nicette-bruno-morre-aos-87-anos","status":"publish","type":"post","link":"https:\/\/wiy.com.br\/noticias\/nicette-bruno-morre-aos-87-anos\/","title":{"rendered":"Nicette Bruno morre aos 87 anos"},"content":{"rendered":"<p> <br \/>\n<\/p>\n<p>A atriz<strong> Nicette Bruno<\/strong> morreu na manh\u00e3 deste domingo (20), aos 87 anos. Ela estava internada com Covid-19 em um hospital na Zona Sul do Rio desde o final de novembro. Estava sedada e respirando com o aux\u00edlio de ventilador mec\u00e2nico, segundo boletim m\u00e9dico. Durante sua interna\u00e7\u00e3o, um movimento de apoio repercutiu nas redes sociais, com corrente de ora\u00e7\u00e3o todos os dias \u00e0s 18h.<\/p>\n<p>Vi\u00fava de<strong> Paulo Goulart<\/strong>, deixa tr\u00eas filhos, tamb\u00e9m artistas:\u00a0<span><strong>Paulo Goulart Filho<\/strong>,<strong> B\u00e1rbara Bruno<\/strong> e<strong> Beth Goulart.<\/strong><\/span><\/p>\n<p>Nascida em Niter\u00f3i, era filha de artistas e estreou na TV Tupi nos anos 1960. <span>Seu \u00faltimo papel foi Madre Joana, no remake da novela &#8220;\u00c9ramos Seis&#8221; (2020). Em 2019, era uma judia possessiva em &#8220;<strong>\u00d3rf\u00e3os da Terra<\/strong>&#8220;, tamb\u00e9m da Globo.<\/span><\/p>\n<p>&nbsp;<\/p>\n<blockquote class=\"twitter-tweet\" data-width=\"500\" data-dnt=\"true\">\n<p lang=\"pt\" dir=\"ltr\">Que pena, que triste. Nicette Bruno uma mulher forte e gentil morreu hoje vitima de Covid. Fica meu  abra\u00e7o para a familia de lindos artistas. Que descanse em paz !<\/p>\n<p>&mdash; Serginho Groisman (@oserginho) <a href=\"https:\/\/twitter.com\/oserginho\/status\/1340701068716634112?ref_src=twsrc%5Etfw\">December 20, 2020<\/a><\/p>\n<div class=\"ads post-ads\"><span class=\"title\">Continua ap\u00f3s a publicidade<\/span><\/p>\n<div id=\"abrAD_rectangle2\" class=\"abrAD\" data-ad-><\/div>\n<\/div>\n<\/blockquote>\n<blockquote class=\"twitter-tweet\" data-width=\"500\" data-dnt=\"true\">\n<p lang=\"pt\" dir=\"ltr\"><img title = \"[Tags]\"decoding=\"async\" src=\"https:\/\/s.w.org\/images\/core\/emoji\/12.0.0-1\/72x72\/1f614.png\"alt = \"1f614 Nicette Bruno morre aos 87 anos\" class=\"wp-smiley\" \/>Que tristeza. For\u00e7a e f\u00e9 aos familiares e amigos. <br \/>Nicette Bruno morre no Rio, v\u00edtima de Covid-19 <a href=\"https:\/\/t.co\/YxMHFXZGea\">https:\/\/t.co\/YxMHFXZGea<\/a><\/p>\n<p>&mdash; Fl\u00e1via Oliveira (@flaviaol) <a href=\"https:\/\/twitter.com\/flaviaol\/status\/1340696843756384256?ref_src=twsrc%5Etfw\">December 20, 2020<\/a><\/p>\n<\/blockquote>\n<blockquote class=\"twitter-tweet\" data-width=\"500\" data-dnt=\"true\">\n<p lang=\"pt\" dir=\"ltr\">Dona Benta&#8230; vai com Deus! <img title = \"[Tags]\"decoding=\"async\" src=\"https:\/\/s.w.org\/images\/core\/emoji\/12.0.0-1\/72x72\/1f622.png\"alt = \"1f614 Nicette Bruno morre aos 87 anos\" class=\"wp-smiley\" \/><img title = \"[Tags]\"decoding=\"async\" src=\"https:\/\/s.w.org\/images\/core\/emoji\/12.0.0-1\/72x72\/1f622.png\"alt = \"1f614 Nicette Bruno morre aos 87 anos\" class=\"wp-smiley\" \/><img title = \"[Tags]\"decoding=\"async\" src=\"https:\/\/s.w.org\/images\/core\/emoji\/12.0.0-1\/72x72\/1f62d.png\"alt = \"1f614 Nicette Bruno morre aos 87 anos\" class=\"wp-smiley\" \/><a href=\"https:\/\/twitter.com\/hashtag\/ripnicette?src=hash&amp;ref_src=twsrc%5Etfw\">#ripnicette<\/a> <a href=\"https:\/\/twitter.com\/hashtag\/luto?src=hash&amp;ref_src=twsrc%5Etfw\">#luto<\/a> <a href=\"https:\/\/twitter.com\/hashtag\/nicettebruno?src=hash&amp;ref_src=twsrc%5Etfw\">#nicettebruno<\/a> <a href=\"https:\/\/t.co\/pIOWhQr2EE\">pic.twitter.com\/pIOWhQr2EE<\/a><\/p>\n<p>&mdash; cigarro da pequena Lo (@rodfabio_) <a href=\"https:\/\/twitter.com\/rodfabio_\/status\/1340698409200742400?ref_src=twsrc%5Etfw\">December 20, 2020<\/a><\/p>\n<\/blockquote>\n<div id=\"mais_lidas\" class=\"block related-posts mais-lidas\">\n<ul class=\"block-menu\">\n<li data-tab=\"tab-1\" class=\"active\">Mais lidas<\/li>\n<\/ul>\n<div id=\"tab-1\" class=\"block-content active\">\n<div class=\"row\">\n<div class=\"col-s-12 col-l-3\"><a href=\"https:\/\/vejasp.abril.com.br\/cidades\/mae-mata-filha-zona-sul-de-sp\/\" class=\"card\"><span class=\"category hide-s\">Cidades<\/span><img title = \"[Tags]\"data-src=\"https:\/\/vejasp.abril.com.br\/wp-content\/uploads\/2020\/12\/street-view.jpg?quality=70&amp;strip=info&amp;w=680&amp;h=453&amp;crop=1\"alt = \"1f614 Nicette Bruno morre aos 87 anos\" class=\"lazyload media\"><span class=\"category hide-l\">Cidades<\/span><span class=\"title\">M\u00e3e mata filho durante discuss\u00e3o em bairro da zona sul de S\u00e3o Paulo<\/span><\/a><\/div>\n<div class=\"col-s-12 col-l-3\"><a href=\"https:\/\/vejasp.abril.com.br\/cidades\/chuva-final-semana-natal-2020\/\" class=\"card\"><span class=\"category hide-s\">Cidades<\/span><img title = \"[Tags]\"data-src=\"https:\/\/vejasp.abril.com.br\/wp-content\/uploads\/2020\/02\/chuva-temporal-consolacao-1.jpg?quality=70&amp;strip=info&amp;w=680&amp;h=453&amp;crop=1\"alt = \"1f614 Nicette Bruno morre aos 87 anos\" class=\"lazyload media\"><span class=\"category hide-l\">Cidades<\/span><span class=\"title\">Vai ter chuva? Confira a previs\u00e3o do tempo para o final de semana<\/span><\/a><\/div>\n<div class=\"col-s-12 col-l-3\"><a href=\"https:\/\/vejasp.abril.com.br\/cidades\/padrasto-crime-menina-hortolandia\/\" class=\"card\"><span class=\"category hide-s\">Cidades<\/span><img title = \"[Tags]\"data-src=\"https:\/\/vejasp.abril.com.br\/wp-content\/uploads\/2020\/12\/maria_clara_790x444_17122020200722.jpg?quality=70&amp;strip=info&amp;w=680&amp;h=444&amp;crop=1\"alt = \"1f614 Nicette Bruno morre aos 87 anos\" class=\"lazyload media\"><span class=\"category hide-l\">Cidades<\/span><span class=\"title\">Padrasto confessa ter matado menina de 5 anos no interior de S\u00e3o Paulo<\/span><\/a><\/div>\n<div class=\"col-s-12 col-l-3\"><a href=\"https:\/\/vejasp.abril.com.br\/blog\/astrologia\/previsoes-para-todos-os-signos-de-14-a-20-de-dezembro\/\" class=\"card\"><span class=\"category hide-s\">Cultura &amp; Lazer<\/span><img title = \"[Tags]\"data-src=\"https:\/\/vejasp.abril.com.br\/wp-content\/uploads\/2020\/12\/bradpitt.jpg?quality=70&amp;strip=info&amp;w=680&amp;h=453&amp;crop=1\"alt = \"1f614 Nicette Bruno morre aos 87 anos\" class=\"lazyload media\"><span class=\"category hide-l\">Cultura &amp; Lazer<\/span><span class=\"title\">Previs\u00f5es para todos os signos: de 14 a 20 de dezembro<\/span><\/a><\/div>\n<\/div>\n<\/div>\n<\/div>\n<div id=\"leia_mais\" class=\"block related-posts leia-mais\">\n<ul class=\"block-menu\">\n<li data-tab=\"tab-1\" class=\"active\">Leia mais<\/li>\n<\/ul>\n<div id=\"tab-1\" class=\"block-content active\">\n<div class=\"row\">\n<div class=\"col-s-12 col-l-3\"><a href=\"https:\/\/vejasp.abril.com.br\/cidades\/previsao-do-tempo-verao-sao-paulo\/\" class=\"card\"><span class=\"category hide-s\">Cidades<\/span><img title = \"[Tags]\"data-src=\"https:\/\/vejasp.abril.com.br\/wp-content\/uploads\/2019\/02\/calor_reprod.jpg?quality=70&amp;strip=info&amp;w=640&amp;h=424&amp;crop=1\"alt = \"1f614 Nicette Bruno morre aos 87 anos\" class=\"lazyload media\"><span class=\"category hide-l\">Cidades<\/span><span class=\"title\">Vai esquentar? Veja a previs\u00e3o do tempo para a primeira semana de ver\u00e3o<\/span><\/a><\/div>\n<div class=\"col-s-12 col-l-3\"><a href=\"https:\/\/vejasp.abril.com.br\/cidades\/trem-turistico-liga-cidades-do-interior-paulista\/\" class=\"card\"><span class=\"category hide-s\">Cidades<\/span><img title = \"[Tags]\"data-src=\"https:\/\/vejasp.abril.com.br\/wp-content\/uploads\/2020\/12\/trempaulistano.jpg?quality=70&amp;strip=info&amp;w=680&amp;h=453&amp;crop=1\"alt = \"1f614 Nicette Bruno morre aos 87 anos\" class=\"lazyload media\"><span class=\"category hide-l\">Cidades<\/span><span class=\"title\">Trem tur\u00edstico liga cidades do interior paulista<\/span><\/a><\/div>\n<div class=\"col-s-12 col-l-3\"><a href=\"https:\/\/vejasp.abril.com.br\/cidades\/menina-cai-de-terceiro-andar-de-predio\/\" class=\"card\"><span class=\"category hide-s\">Cidades<\/span><img title = \"[Tags]\"data-src=\"https:\/\/vejasp.abril.com.br\/wp-content\/uploads\/2020\/12\/Menina-cai-de-pr\u00e9dio.jpg?quality=70&amp;strip=info&amp;w=680&amp;h=453&amp;crop=1\"alt = \"1f614 Nicette Bruno morre aos 87 anos\" class=\"lazyload media\"><span class=\"category hide-l\">Cidades<\/span><span class=\"title\">Menina de 12 anos cai de terceiro andar de pr\u00e9dio na zona sul de SP<\/span><\/a><\/div>\n<div class=\"col-s-12 col-l-3\"><a href=\"https:\/\/vejasp.abril.com.br\/cidades\/mae-mata-filha-zona-sul-de-sp\/\" class=\"card\"><span class=\"category hide-s\">Cidades<\/span><img title = \"[Tags]\"data-src=\"https:\/\/vejasp.abril.com.br\/wp-content\/uploads\/2020\/12\/street-view.jpg?quality=70&amp;strip=info&amp;w=680&amp;h=453&amp;crop=1\"alt = \"1f614 Nicette Bruno morre aos 87 anos\" class=\"lazyload media\"><span class=\"category hide-l\">Cidades<\/span><span class=\"title\">M\u00e3e mata filho durante discuss\u00e3o em bairro da zona sul de S\u00e3o Paulo<\/span><\/a><\/div>\n<\/div>\n<\/div>\n<\/div>\n<div class=\"ads post-ads\"><span class=\"title\">Continua ap\u00f3s a publicidade<\/span><\/p>\n<div id=\"abrAD_rectangle3\" class=\"abrAD\" data-ad-><\/div>\n<\/div>\n<p><script async src=\"http:\/\/platform.twitter.com\/widgets.js\" charset=\"utf-8\"><\/script><br \/>\n<br \/><br \/>\n<br \/><a href=\"https:\/\/vejasp.abril.com.br\/cidades\/nicette-bruno-morre-aos-87-anos\/\">Fonte do Artigo <\/a><br \/>\nTags:<br \/>\n#loterias #loteriascaixa #megasena #resultadoapostas#noticias #noticiario  #noticia #brasil #noticiascolombia #mundo #esporte #colombia #noticiadeld #ltimasnoticias  #noticiario #noticiasregionales #noticiasdepartamentales #noticiashoy #esportes #noticiaahora #elinformantenoticias #noticiasdeboyac  #esporteinterativo #esportivo #diariodosesportes  #noticiero  #jogodefutebol #jogos #loto #apostas<\/p>\n","protected":false},"excerpt":{"rendered":"<p>A atriz Nicette Bruno morreu na manh\u00e3 deste domingo (20), aos 87 anos. Ela estava internada com Covid-19 em um hospital na Zona Sul do Rio desde o final de novembro. Estava sedada e respirando com o aux\u00edlio de ventilador mec\u00e2nico, segundo boletim m\u00e9dico. Durante sua interna\u00e7\u00e3o, um movimento de apoio repercutiu nas redes sociais, [&hellip;]<\/p>\n","protected":false},"author":1,"featured_media":62785,"comment_status":"open","ping_status":"open","sticky":false,"template":"","format":"standard","meta":{"footnotes":""},"categories":[1],"tags":[],"class_list":["post-63675","post","type-post","status-publish","format-standard","has-post-thumbnail","hentry","category-curso-de-copy"],"_links":{"self":[{"href":"https:\/\/wiy.com.br\/noticias\/wp-json\/wp\/v2\/posts\/63675","targetHints":{"allow":["GET"]}}],"collection":[{"href":"https:\/\/wiy.com.br\/noticias\/wp-json\/wp\/v2\/posts"}],"about":[{"href":"https:\/\/wiy.com.br\/noticias\/wp-json\/wp\/v2\/types\/post"}],"author":[{"embeddable":true,"href":"https:\/\/wiy.com.br\/noticias\/wp-json\/wp\/v2\/users\/1"}],"replies":[{"embeddable":true,"href":"https:\/\/wiy.com.br\/noticias\/wp-json\/wp\/v2\/comments?post=63675"}],"version-history":[{"count":0,"href":"https:\/\/wiy.com.br\/noticias\/wp-json\/wp\/v2\/posts\/63675\/revisions"}],"wp:featuredmedia":[{"embeddable":true,"href":"https:\/\/wiy.com.br\/noticias\/wp-json\/wp\/v2\/media\/62785"}],"wp:attachment":[{"href":"https:\/\/wiy.com.br\/noticias\/wp-json\/wp\/v2\/media?parent=63675"}],"wp:term":[{"taxonomy":"category","embeddable":true,"href":"https:\/\/wiy.com.br\/noticias\/wp-json\/wp\/v2\/categories?post=63675"},{"taxonomy":"post_tag","embeddable":true,"href":"https:\/\/wiy.com.br\/noticias\/wp-json\/wp\/v2\/tags?post=63675"}],"curies":[{"name":"wp","href":"https:\/\/api.w.org\/{rel}","templated":true}]}}