{"id":63629,"date":"2023-02-26T15:41:14","date_gmt":"2023-02-26T18:41:14","guid":{"rendered":"https:\/\/wiy.com.br\/noticias\/isa-penna-lanca-abaixo-assinado-pedindo-cassacao-de-fernando-cury\/"},"modified":"2020-12-18T20:14:15","modified_gmt":"2020-12-18T22:14:15","slug":"isa-penna-lanca-abaixo-assinado-pedindo-cassacao-de-fernando-cury","status":"publish","type":"post","link":"https:\/\/wiy.com.br\/noticias\/isa-penna-lanca-abaixo-assinado-pedindo-cassacao-de-fernando-cury\/","title":{"rendered":"Isa Penna lan\u00e7a abaixo-assinado pedindo cassa\u00e7\u00e3o de Fernando Cury"},"content":{"rendered":"<p> <br \/>\n<\/p>\n<p>A deputada estadual<strong>\u00a0Isa Penna<\/strong> (PSOL) anunciou nesta sexta-feira (18) nas redes sociais que est\u00e1 lan\u00e7ando um manifesto, com abaixo-assinado, que pede a cassa\u00e7\u00e3o do mandato do deputado estadual <strong>Fernando Cury<\/strong> (Cidadania). Ele <span class=\"highlight highlighted\">foi afastado de seu partido Cidadania<\/span><span>\u00a0nesta sexta-feira (18).<\/span><\/p>\n<p>&#8220;<span>O deputado Fernando Cury cometeu uma viol\u00eancia que \u00e9 inaceit\u00e1vel em qualquer lugar, mas sobretudo em um espa\u00e7o como o parlamento, que precisa dar o exemplo para a sociedade&#8221;, diz o texto. Cury foi flagrada pela c\u00e2mera da Alesp (Assembleia Legislativa de Estado de S\u00e3o Paulo) <a href=\"https:\/\/vejasp.abril.com.br\/cidades\/video-mostra-deputado-passando-mao-isa-penna-alesp-fenando-cury\/\">se <\/a><\/span><a href=\"https:\/\/vejasp.abril.com.br\/cidades\/video-mostra-deputado-passando-mao-isa-penna-alesp-fenando-cury\/\">aproximando por tr\u00e1s da parlamentar e passando as m\u00e3os na lateral dos seios dela<\/a>\u00a0na \u00faltima quarta-feira (16).<\/p>\n<blockquote class=\"instagram-media\" data-instgrm-captioned data-instgrm-permalink=\"https:\/\/www.instagram.com\/p\/CI8l8gfnhOp\/?utm_source=ig_embed&amp;utm_campaign=loading\" data-instgrm-version=\"13\">\n<div> <a href=\"https:\/\/www.instagram.com\/p\/CI8l8gfnhOp\/?utm_source=ig_embed&amp;utm_campaign=loading\" target=\"_blank\" rel=\"noopener noreferrer\"> <\/p>\n<div>\n<div><\/div>\n<div>\n<div><\/div>\n<div><\/div>\n<\/div>\n<\/div>\n<div><\/div>\n<div><\/div>\n<div>\n<div> View this post on Instagram<\/div>\n<\/div>\n<div><\/div>\n<div>\n<div>\n<div><\/div>\n<div><\/div>\n<div><\/div>\n<\/div>\n<div>\n<div><\/div>\n<div><\/div>\n<\/div>\n<div>\n<div><\/div>\n<div><\/div>\n<div><\/div>\n<\/div>\n<\/div>\n<div>\n<div><\/div>\n<div><\/div>\n<\/div>\n<p><\/a><\/p>\n<p><a href=\"https:\/\/www.instagram.com\/p\/CI8l8gfnhOp\/?utm_source=ig_embed&amp;utm_campaign=loading\" target=\"_blank\" rel=\"noopener noreferrer\">A post shared by Deputada Isa Penna (@isapenna)<\/a><\/p>\n<\/div>\n<\/blockquote>\n<p>Em nota enviada \u00e0 <strong>Vejinha<\/strong>, a deputada afirma que n\u00e3o registrar\u00e1 boletim presencial do ass\u00e9dio por orienta\u00e7\u00e3o de sua equipe jur\u00eddica e que ainda decidir\u00e1 quais provid\u00eancias ser\u00e3o tomadas. Penna justifica a cria\u00e7\u00e3o do abaixo-assinado porque, segunda ela, a Comiss\u00e3o de \u00c9tica da Assembleia Legislativa de S\u00e3o Paulo discutiria o caso somente em mar\u00e7o de 2022. \u201cO sil\u00eancio do governador, Jo\u00e3o Doria, e do presidente da Alesp, Cau\u00ea Macris, apontam que o plano \u00e9 empurrar o caso para baixo do tapete\u201d.<\/p>\n<p>No manifesto, Penna cita outras situa\u00e7\u00f5es recentes de ass\u00e9dio sexual. &#8220;<span>Casos como o de <a href=\"https:\/\/vejasp.abril.com.br\/cidades\/blogueira-estuprada-casa-noturna-florianopolis\/\">Mari Ferrer<\/a>, v\u00edtima de estupro que foi abusada publicamente durante audi\u00eancia do judici\u00e1rio, ou da atriz e comediante <a href=\"https:\/\/vejasp.abril.com.br\/cidades\/revista-assedio-sexual-marcius-melhem-dani-calabresa\/\">Dani Calabresa<\/a>, que foi assediada continuamente em seu ambiente de trabalho por um homem hierarquicamente superior, n\u00e3o podem mais continuar impunes&#8221;, escreve.<\/span><\/p>\n<p>Cury pediu desculpas \u00e0 Penna e afirmou que o caso foi apenas um &#8220;abra\u00e7o&#8221;. \u201cSubo aqui hoje nessa tribuna muito constrangido e muito triste pelo fato que foi aqui ocorrido e relatado, pelo julgamento feito. Gostaria de frisar a todos, principalmente as mulheres que est\u00e3o aqui que n\u00e3o houve, de forma alguma, da minha parte, a tentativa de importuna\u00e7\u00e3o sexual ou qualquer outra coisa ou qualquer outro nome semelhante. Eu nunca fiz isso na minha vida toda. Mas se a deputada Isa Penna se sentiu ofendida com o abra\u00e7o que eu lhe dei eu pe\u00e7o desculpa por isso. Desculpa se eu tentei, como fa\u00e7o com diversas colegas aqui, de abra\u00e7ar e estar pr\u00f3ximo\u201d defende-se.<\/p>\n<p>Em nota, o Cidadania disse que <span class=\"highlight highlighted\">decidiu afastar Cury<\/span><span>\u00a0&#8220;de todas as fun\u00e7\u00f5es diretivas partid\u00e1rias, em todas as inst\u00e2ncias, bem como\u00a0<\/span><span class=\"highlight highlighted\">de todas as fun\u00e7\u00f5es exercidas em nome do Cidadania,<\/span><span>\u00a0inclusive junto \u00e0 Alesp&#8221;. &#8220;T\u00e3o logo seja formalmente comunicado, irei apresentar a vers\u00e3o dos fatos, exercendo assim meu direito de defesa&#8221;, diz o parlamentar em comunicado.<\/span><\/p>\n<div id=\"relacionadas\" class=\"block related-posts three_columns\">\n<ul class=\"block-menu\">\n<li data-tab=\"tab-1\" class=\"active\">Relacionadas<\/li>\n<\/ul>\n<div id=\"tab-1\" class=\"block-content active\">\n<div class=\"row\">\n<li class=\"widget-news-item without-thumb with-border\">\n<div class=\"widget-news-info\"><a href=\"http:\/\/vejasp.abril.com.br\/comida-bebida\">Comida &amp; Bebida<\/a><span class=\"widget-news-item-title\"><a href=\"https:\/\/vejasp.abril.com.br\/comida-bebida\/achados-elo-guilhotina\/\">Guilhotina mostra que d\u00e1 para fazer drinques de cacha\u00e7a al\u00e9m da caipirinha<\/a><\/span><span class=\"widget-news-item-date\">18 dez 2020 &#8211; 17h12<\/span><\/div>\n<\/li>\n<li class=\"widget-news-item without-thumb with-border\">\n<div class=\"widget-news-info\"><a href=\"http:\/\/vejasp.abril.com.br\/cidades\">Cidades<\/a><span class=\"widget-news-item-title\"><a href=\"https:\/\/vejasp.abril.com.br\/cidades\/rio-de-janeiro-justica-suspende-liminar-que-proibia-turismo-em-buzios\/\">Rio de Janeiro: Justi\u00e7a suspende liminar que proibia turismo em B\u00fazios<\/a><\/span><span class=\"widget-news-item-date\">18 dez 2020 &#8211; 16h12<\/span><\/div>\n<\/li>\n<li class=\"widget-news-item without-thumb with-border\">\n<div class=\"widget-news-info\"><a href=\"http:\/\/vejasp.abril.com.br\/cidades\">Cidades<\/a><span class=\"widget-news-item-title\"><a href=\"https:\/\/vejasp.abril.com.br\/cidades\/padrasto-crime-menina-hortolandia\/\">Padrasto confessa ter matado menina de 5 anos no interior de S\u00e3o Paulo<\/a><\/span><span class=\"widget-news-item-date\">18 dez 2020 &#8211; 16h12<\/span><\/div>\n<\/li>\n<\/div>\n<\/div>\n<\/div>\n<div id=\"mais_lidas\" class=\"block related-posts mais-lidas\">\n<ul class=\"block-menu\">\n<li data-tab=\"tab-1\" class=\"active\">Mais lidas<\/li>\n<\/ul>\n<div id=\"tab-1\" class=\"block-content active\">\n<div class=\"row\">\n<div class=\"col-s-12 col-l-3\"><a href=\"https:\/\/vejasp.abril.com.br\/cidades\/turistas-buzios\/\" class=\"card\"><span class=\"category hide-s\">Cidades<\/span><img title = \"[Tags]\"data-src=\"https:\/\/vejasp.abril.com.br\/wp-content\/uploads\/2016\/11\/1855_buzios2.jpeg?quality=70&amp;strip=info&amp;w=680&amp;h=453&amp;crop=1\"alt = \"1855_buzios2 Isa Penna lan\u00e7a abaixo-assinado pedindo cassa\u00e7\u00e3o de Fernando Cury\" class=\"lazyload media\"><span class=\"category hide-l\">Cidades<\/span><span class=\"title\">Turistas t\u00eam at\u00e9 72 horas para deixar B\u00fazios, determina Justi\u00e7a<\/span><\/a><\/div>\n<div class=\"col-s-12 col-l-3\"><a href=\"https:\/\/vejasp.abril.com.br\/blog\/astrologia\/previsoes-para-todos-os-signos-de-14-a-20-de-dezembro\/\" class=\"card\"><span class=\"category hide-s\">Cultura &amp; Lazer<\/span><img title = \"[Tags]\"data-src=\"https:\/\/vejasp.abril.com.br\/wp-content\/uploads\/2020\/12\/bradpitt.jpg?quality=70&amp;strip=info&amp;w=680&amp;h=453&amp;crop=1\"alt = \"1855_buzios2 Isa Penna lan\u00e7a abaixo-assinado pedindo cassa\u00e7\u00e3o de Fernando Cury\" class=\"lazyload media\"><span class=\"category hide-l\">Cultura &amp; Lazer<\/span><span class=\"title\">Previs\u00f5es para todos os signos: de 14 a 20 de dezembro<\/span><\/a><\/div>\n<div class=\"col-s-12 col-l-3\"><a href=\"https:\/\/vejasp.abril.com.br\/cultura-lazer\/christina-rodrigues-zorra\/\" class=\"card\"><span class=\"category hide-s\">Cultura &amp; Lazer<\/span><img title = \"[Tags]\"data-src=\"https:\/\/vejasp.abril.com.br\/wp-content\/uploads\/2020\/12\/16081285705fda183aba73a_1608128570_3x2_xl.jpg?quality=70&amp;strip=info&amp;w=680&amp;h=453&amp;crop=1\"alt = \"1855_buzios2 Isa Penna lan\u00e7a abaixo-assinado pedindo cassa\u00e7\u00e3o de Fernando Cury\" class=\"lazyload media\"><span class=\"category hide-l\">Cultura &amp; Lazer<\/span><span class=\"title\">Atriz Christina Rodrigues aguarda vaga em CTI h\u00e1 tr\u00eas dias com Covid<\/span><\/a><\/div>\n<div class=\"col-s-12 col-l-3\"><a href=\"https:\/\/vejasp.abril.com.br\/cidades\/governo-sp-abertura-escolas\/\" class=\"card\"><span class=\"category hide-s\">Cidades<\/span><img title = \"[Tags]\"data-src=\"https:\/\/vejasp.abril.com.br\/wp-content\/uploads\/2020\/11\/50566301562_b4de956719_o.jpg?quality=70&amp;strip=info&amp;w=680&amp;h=453&amp;crop=1\"alt = \"1855_buzios2 Isa Penna lan\u00e7a abaixo-assinado pedindo cassa\u00e7\u00e3o de Fernando Cury\" class=\"lazyload media\"><span class=\"category hide-l\">Cidades<\/span><span class=\"title\">Governo estadual decide abrir escolas mesmo na pior fase da pandemia<\/span><\/a><\/div>\n<\/div>\n<\/div>\n<\/div>\n<div id=\"leia_mais\" class=\"block related-posts leia-mais\">\n<ul class=\"block-menu\">\n<li data-tab=\"tab-1\" class=\"active\">Leia mais<\/li>\n<\/ul>\n<div id=\"tab-1\" class=\"block-content active\">\n<div class=\"row\">\n<div class=\"col-s-12 col-l-3\"><a href=\"https:\/\/vejasp.abril.com.br\/cidades\/rio-de-janeiro-justica-suspende-liminar-que-proibia-turismo-em-buzios\/\" class=\"card\"><span class=\"category hide-s\">Cidades<\/span><img title = \"[Tags]\"data-src=\"https:\/\/vejasp.abril.com.br\/wp-content\/uploads\/2016\/11\/1855_buzios2.jpeg?quality=70&amp;strip=info&amp;w=680&amp;h=453&amp;crop=1\"alt = \"1855_buzios2 Isa Penna lan\u00e7a abaixo-assinado pedindo cassa\u00e7\u00e3o de Fernando Cury\" class=\"lazyload media\"><span class=\"category hide-l\">Cidades<\/span><span class=\"title\">Rio de Janeiro: Justi\u00e7a suspende liminar que proibia turismo em B\u00fazios<\/span><\/a><\/div>\n<div class=\"col-s-12 col-l-3\"><a href=\"https:\/\/vejasp.abril.com.br\/cidades\/padrasto-crime-menina-hortolandia\/\" class=\"card\"><span class=\"category hide-s\">Cidades<\/span><img title = \"[Tags]\"data-src=\"https:\/\/vejasp.abril.com.br\/wp-content\/uploads\/2020\/12\/maria_clara_790x444_17122020200722.jpg?quality=70&amp;strip=info&amp;w=680&amp;h=444&amp;crop=1\"alt = \"1855_buzios2 Isa Penna lan\u00e7a abaixo-assinado pedindo cassa\u00e7\u00e3o de Fernando Cury\" class=\"lazyload media\"><span class=\"category hide-l\">Cidades<\/span><span class=\"title\">Padrasto confessa ter matado menina de 5 anos no interior de S\u00e3o Paulo<\/span><\/a><\/div>\n<div class=\"col-s-12 col-l-3\"><a href=\"https:\/\/vejasp.abril.com.br\/cidades\/justica-suspense-concessao-complexo-ibirapuera\/\" class=\"card\"><span class=\"category hide-s\">Cidades<\/span><img title = \"[Tags]\"data-src=\"https:\/\/vejasp.abril.com.br\/wp-content\/uploads\/2020\/12\/estadio-ibira.jpg?quality=70&amp;strip=info&amp;w=680&amp;h=453&amp;crop=1\"alt = \"1855_buzios2 Isa Penna lan\u00e7a abaixo-assinado pedindo cassa\u00e7\u00e3o de Fernando Cury\" class=\"lazyload media\"><span class=\"category hide-l\">Cidades<\/span><span class=\"title\">Justi\u00e7a de S\u00e3o Paulo suspende concess\u00e3o do Complexo do Ibirapuera<\/span><\/a><\/div>\n<div class=\"col-s-12 col-l-3\"><a href=\"https:\/\/vejasp.abril.com.br\/cidades\/crianca-chora-racismo\/\" class=\"card\"><span class=\"category hide-s\">Cidades<\/span><img title = \"[Tags]\"data-src=\"https:\/\/vejasp.abril.com.br\/wp-content\/uploads\/2020\/12\/racismo-uberlandia.png?crop=0px%2C0px%2C722px%2C491px&amp;resize=680%2C453&amp;quality=70&amp;strip=info\"alt = \"1855_buzios2 Isa Penna lan\u00e7a abaixo-assinado pedindo cassa\u00e7\u00e3o de Fernando Cury\" class=\"lazyload media\"><span class=\"category hide-l\">Cidades<\/span><span class=\"title\">&quot;Fecha o preto&quot;: crian\u00e7a chora ao relatar racismo em jogo de futebol<\/span><\/a><\/div>\n<\/div>\n<\/div>\n<\/div>\n<div class=\"ads post-ads\"><span class=\"title\">Continua ap\u00f3s a publicidade<\/span><\/p>\n<div id=\"abrAD_rectangle3\" class=\"abrAD\" data-ad-><\/div>\n<\/div>\n<p><script async defer src=\"http:\/\/platform.instagram.com\/en_US\/embeds.js\"><\/script><br \/>\n<br \/><br \/>\n<br \/><a href=\"https:\/\/vejasp.abril.com.br\/cidades\/isa-penna-abaixo-assinado-cury\/\">Fonte do Artigo <\/a><br \/>\nTags:<br \/>\n#loterias #loteriascaixa #megasena #resultadoapostas#noticias #noticiario  #noticia #brasil #noticiascolombia #mundo #esporte #colombia #noticiadeld #ltimasnoticias  #noticiario #noticiasregionales #noticiasdepartamentales #noticiashoy #esportes #noticiaahora #elinformantenoticias #noticiasdeboyac  #esporteinterativo #esportivo #diariodosesportes  #noticiero  #jogodefutebol #jogos #loto #apostas<\/p>\n","protected":false},"excerpt":{"rendered":"<p>A deputada estadual\u00a0Isa Penna (PSOL) anunciou nesta sexta-feira (18) nas redes sociais que est\u00e1 lan\u00e7ando um manifesto, com abaixo-assinado, que pede a cassa\u00e7\u00e3o do mandato do deputado estadual Fernando Cury (Cidadania). Ele foi afastado de seu partido Cidadania\u00a0nesta sexta-feira (18). &#8220;O deputado Fernando Cury cometeu uma viol\u00eancia que \u00e9 inaceit\u00e1vel em qualquer lugar, mas sobretudo [&hellip;]<\/p>\n","protected":false},"author":1,"featured_media":63630,"comment_status":"open","ping_status":"open","sticky":false,"template":"","format":"standard","meta":{"footnotes":""},"categories":[1],"tags":[],"class_list":["post-63629","post","type-post","status-publish","format-standard","has-post-thumbnail","hentry","category-curso-de-copy"],"_links":{"self":[{"href":"https:\/\/wiy.com.br\/noticias\/wp-json\/wp\/v2\/posts\/63629","targetHints":{"allow":["GET"]}}],"collection":[{"href":"https:\/\/wiy.com.br\/noticias\/wp-json\/wp\/v2\/posts"}],"about":[{"href":"https:\/\/wiy.com.br\/noticias\/wp-json\/wp\/v2\/types\/post"}],"author":[{"embeddable":true,"href":"https:\/\/wiy.com.br\/noticias\/wp-json\/wp\/v2\/users\/1"}],"replies":[{"embeddable":true,"href":"https:\/\/wiy.com.br\/noticias\/wp-json\/wp\/v2\/comments?post=63629"}],"version-history":[{"count":0,"href":"https:\/\/wiy.com.br\/noticias\/wp-json\/wp\/v2\/posts\/63629\/revisions"}],"wp:featuredmedia":[{"embeddable":true,"href":"https:\/\/wiy.com.br\/noticias\/wp-json\/wp\/v2\/media\/63630"}],"wp:attachment":[{"href":"https:\/\/wiy.com.br\/noticias\/wp-json\/wp\/v2\/media?parent=63629"}],"wp:term":[{"taxonomy":"category","embeddable":true,"href":"https:\/\/wiy.com.br\/noticias\/wp-json\/wp\/v2\/categories?post=63629"},{"taxonomy":"post_tag","embeddable":true,"href":"https:\/\/wiy.com.br\/noticias\/wp-json\/wp\/v2\/tags?post=63629"}],"curies":[{"name":"wp","href":"https:\/\/api.w.org\/{rel}","templated":true}]}}