{"id":63625,"date":"2023-02-26T15:32:00","date_gmt":"2023-02-26T18:32:00","guid":{"rendered":"https:\/\/wiy.com.br\/noticias\/padrasto-confessa-ter-matado-menina-de-5-anos-no-interior-de-sao-paulo\/"},"modified":"2020-12-18T19:13:11","modified_gmt":"2020-12-18T21:13:11","slug":"padrasto-confessa-ter-matado-menina-de-5-anos-no-interior-de-sao-paulo","status":"publish","type":"post","link":"https:\/\/wiy.com.br\/noticias\/padrasto-confessa-ter-matado-menina-de-5-anos-no-interior-de-sao-paulo\/","title":{"rendered":"Padrasto confessa ter matado menina de 5 anos no interior de S\u00e3o Paulo"},"content":{"rendered":"<p> <br \/>\n<\/p>\n<p><span><strong>Maria Clara Calixto Nascimento<\/strong>, 5, foi encontrada morta dentro de uma caixa de papel\u00e3o, em um terreno no bairro Jardim S\u00e3o Felipe, em Hortol\u00e2ndia, interior de S\u00e3o Paulo. A menina estava desaparecida desde a manh\u00e3 da \u00faltima quinta-feira (17).<\/span><\/p>\n<p><span>De acordo com a Pol\u00edcia Civil, o padrasto da menina, <strong>C\u00e1ssio Martins Camilo<\/strong>, confessou que matou a crian\u00e7a. Ele foi preso. A investiga\u00e7\u00e3o revelou que Maria Clara sofreu abuso sexual e que seu corpo apresentava sinais de estrangulamento.<\/span><\/p>\n<p>De acordo com a av\u00f3 da garota, Maria Clara havia sa\u00eddo para brincar com uma amiga. Na hora do almo\u00e7o, a m\u00e3e procurou pela filha e questionou C\u00e1ssio sobre o paradeiro da menina. Ele disse que estava dormindo e n\u00e3o a viu sair.<\/p>\n<p>A fam\u00edlia, ent\u00e3o, registrou <span>boletim de ocorr\u00eancia de desaparecimento na Delegacia de Hortol\u00e2ndia. De acordo com a Secretaria de Seguran\u00e7a P\u00fablica (SSP-SP), C\u00e1ssio, que tem passagem pela pol\u00edcia por estupro, tentou fugir para Campinas. Ele foi apreendido e levado \u00e0 delegacia, onde fez a confiss\u00e3o.<\/span><\/p>\n<p><span> &#8220;Resta saber agora onde e de que forma que esse b\u00e1rbaro crime aconteceu. E saber tamb\u00e9m qual a motiva\u00e7\u00e3o que levou ele a cometer esse crime. A autoria j\u00e1 est\u00e1 determinada. Resta saber tamb\u00e9m se ele teve a coniv\u00eancia da m\u00e3e e se o abuso sexual tamb\u00e9m foi feito por ele&#8221;, disse ao <strong>G1<\/strong> a delegada seccional de Americana (SP), Martha Rocha, que responde pela Delegacia de Hortol\u00e2ndia.<\/span><\/p>\n<p>O corpo de Maria Clara foi encontrado por familiares e amigos em uma busca, pr\u00f3ximo a casa onde morava. A pr\u00f3prio m\u00e3e levou a filha a <span>Unidade de Pronto Atendimento (UPA) do Jardim Nova Hortol\u00e2ndia, mas a menina chegou sem vida ao local.<\/span><\/p>\n<div id=\"relacionadas\" class=\"block related-posts three_columns\">\n<ul class=\"block-menu\">\n<li data-tab=\"tab-1\" class=\"active\">Relacionadas<\/li>\n<\/ul>\n<div id=\"tab-1\" class=\"block-content active\">\n<div class=\"row\">\n<li class=\"widget-news-item without-thumb with-border\">\n<div class=\"widget-news-info\"><a href=\"http:\/\/vejasp.abril.com.br\/cidades\">Cidades<\/a><span class=\"widget-news-item-title\"><a href=\"https:\/\/vejasp.abril.com.br\/cidades\/irmas-marca-lgbtqia-cultura-negra\/\">Irm\u00e3s criam marca de camisetas que apoia causas como o feminismo e enaltece cultura negra<\/a><\/span><span class=\"widget-news-item-date\">18 dez 2020 &#8211; 06h12<\/span><\/div>\n<\/li>\n<li class=\"widget-news-item without-thumb with-border\">\n<div class=\"widget-news-info\"><a href=\"http:\/\/vejasp.abril.com.br\/cidades\">Cidades<\/a><span class=\"widget-news-item-title\"><a href=\"https:\/\/vejasp.abril.com.br\/cidades\/gasto-publico-imoveis-sp-capa\/\">Governos federal e estadual e prefeitura gastam 637 milh\u00f5es com aluguel de im\u00f3veis na capital paulista<\/a><\/span><span class=\"widget-news-item-date\">18 dez 2020 &#8211; 06h12<\/span><\/div>\n<\/li>\n<li class=\"widget-news-item without-thumb with-border\">\n<div class=\"widget-news-info\"><a href=\"http:\/\/vejasp.abril.com.br\/cultura-lazer\">Cultura &amp; Lazer<\/a><span class=\"widget-news-item-title\"><a href=\"https:\/\/vejasp.abril.com.br\/cultura-lazer\/especialistas-dao-dicas-para-viajar-com-seguranca-neste-final-de-ano\/\">Especialistas d\u00e3o dicas para viajar com seguran\u00e7a neste final de ano<\/a><\/span><span class=\"widget-news-item-date\">18 dez 2020 &#8211; 06h12<\/span><\/div>\n<\/li>\n<\/div>\n<\/div>\n<\/div>\n<div id=\"mais_lidas\" class=\"block related-posts mais-lidas\">\n<ul class=\"block-menu\">\n<li data-tab=\"tab-1\" class=\"active\">Mais lidas<\/li>\n<\/ul>\n<div id=\"tab-1\" class=\"block-content active\">\n<div class=\"row\">\n<div class=\"col-s-12 col-l-3\"><a href=\"https:\/\/vejasp.abril.com.br\/cidades\/turistas-buzios\/\" class=\"card\"><span class=\"category hide-s\">Cidades<\/span><img title = \"[Tags]\"data-src=\"https:\/\/vejasp.abril.com.br\/wp-content\/uploads\/2016\/11\/1855_buzios2.jpeg?quality=70&amp;strip=info&amp;w=680&amp;h=453&amp;crop=1\"alt = \"1855_buzios2 Padrasto confessa ter matado menina de 5 anos no interior de S\u00e3o Paulo\" class=\"lazyload media\"><span class=\"category hide-l\">Cidades<\/span><span class=\"title\">Turistas t\u00eam at\u00e9 72 horas para deixar B\u00fazios, determina Justi\u00e7a<\/span><\/a><\/div>\n<div class=\"col-s-12 col-l-3\"><a href=\"https:\/\/vejasp.abril.com.br\/blog\/astrologia\/previsoes-para-todos-os-signos-de-14-a-20-de-dezembro\/\" class=\"card\"><span class=\"category hide-s\">Cultura &amp; Lazer<\/span><img title = \"[Tags]\"data-src=\"https:\/\/vejasp.abril.com.br\/wp-content\/uploads\/2020\/12\/bradpitt.jpg?quality=70&amp;strip=info&amp;w=680&amp;h=453&amp;crop=1\"alt = \"1855_buzios2 Padrasto confessa ter matado menina de 5 anos no interior de S\u00e3o Paulo\" class=\"lazyload media\"><span class=\"category hide-l\">Cultura &amp; Lazer<\/span><span class=\"title\">Previs\u00f5es para todos os signos: de 14 a 20 de dezembro<\/span><\/a><\/div>\n<div class=\"col-s-12 col-l-3\"><a href=\"https:\/\/vejasp.abril.com.br\/cidades\/governo-sp-abertura-escolas\/\" class=\"card\"><span class=\"category hide-s\">Cidades<\/span><img title = \"[Tags]\"data-src=\"https:\/\/vejasp.abril.com.br\/wp-content\/uploads\/2020\/11\/50566301562_b4de956719_o.jpg?quality=70&amp;strip=info&amp;w=680&amp;h=453&amp;crop=1\"alt = \"1855_buzios2 Padrasto confessa ter matado menina de 5 anos no interior de S\u00e3o Paulo\" class=\"lazyload media\"><span class=\"category hide-l\">Cidades<\/span><span class=\"title\">Governo estadual decide abrir escolas mesmo na pior fase da pandemia<\/span><\/a><\/div>\n<div class=\"col-s-12 col-l-3\"><a href=\"https:\/\/vejasp.abril.com.br\/cultura-lazer\/christina-rodrigues-zorra\/\" class=\"card\"><span class=\"category hide-s\">Cultura &amp; Lazer<\/span><img title = \"[Tags]\"data-src=\"https:\/\/vejasp.abril.com.br\/wp-content\/uploads\/2020\/12\/16081285705fda183aba73a_1608128570_3x2_xl.jpg?quality=70&amp;strip=info&amp;w=680&amp;h=453&amp;crop=1\"alt = \"1855_buzios2 Padrasto confessa ter matado menina de 5 anos no interior de S\u00e3o Paulo\" class=\"lazyload media\"><span class=\"category hide-l\">Cultura &amp; Lazer<\/span><span class=\"title\">Atriz Christina Rodrigues aguarda vaga em CTI h\u00e1 tr\u00eas dias com Covid<\/span><\/a><\/div>\n<\/div>\n<\/div>\n<\/div>\n<div id=\"leia_mais\" class=\"block related-posts leia-mais\">\n<ul class=\"block-menu\">\n<li data-tab=\"tab-1\" class=\"active\">Leia mais<\/li>\n<\/ul>\n<div id=\"tab-1\" class=\"block-content active\">\n<div class=\"row\">\n<div class=\"col-s-12 col-l-3\"><a href=\"https:\/\/vejasp.abril.com.br\/cidades\/rio-de-janeiro-justica-suspende-liminar-que-proibia-turismo-em-buzios\/\" class=\"card\"><span class=\"category hide-s\">Cidades<\/span><img title = \"[Tags]\"data-src=\"https:\/\/vejasp.abril.com.br\/wp-content\/uploads\/2016\/11\/1855_buzios2.jpeg?quality=70&amp;strip=info&amp;w=680&amp;h=453&amp;crop=1\"alt = \"1855_buzios2 Padrasto confessa ter matado menina de 5 anos no interior de S\u00e3o Paulo\" class=\"lazyload media\"><span class=\"category hide-l\">Cidades<\/span><span class=\"title\">Rio de Janeiro: Justi\u00e7a suspende liminar que proibia turismo em B\u00fazios<\/span><\/a><\/div>\n<div class=\"col-s-12 col-l-3\"><a href=\"https:\/\/vejasp.abril.com.br\/cidades\/justica-suspense-concessao-complexo-ibirapuera\/\" class=\"card\"><span class=\"category hide-s\">Cidades<\/span><img title = \"[Tags]\"data-src=\"https:\/\/vejasp.abril.com.br\/wp-content\/uploads\/2020\/12\/estadio-ibira.jpg?quality=70&amp;strip=info&amp;w=680&amp;h=453&amp;crop=1\"alt = \"1855_buzios2 Padrasto confessa ter matado menina de 5 anos no interior de S\u00e3o Paulo\" class=\"lazyload media\"><span class=\"category hide-l\">Cidades<\/span><span class=\"title\">Justi\u00e7a de S\u00e3o Paulo suspende concess\u00e3o do Complexo do Ibirapuera<\/span><\/a><\/div>\n<div class=\"col-s-12 col-l-3\"><a href=\"https:\/\/vejasp.abril.com.br\/cidades\/crianca-chora-racismo\/\" class=\"card\"><span class=\"category hide-s\">Cidades<\/span><img title = \"[Tags]\"data-src=\"https:\/\/vejasp.abril.com.br\/wp-content\/uploads\/2020\/12\/racismo-uberlandia.png?crop=0px%2C0px%2C722px%2C491px&amp;resize=680%2C453&amp;quality=70&amp;strip=info\"alt = \"1855_buzios2 Padrasto confessa ter matado menina de 5 anos no interior de S\u00e3o Paulo\" class=\"lazyload media\"><span class=\"category hide-l\">Cidades<\/span><span class=\"title\">&quot;Fecha o preto&quot;: crian\u00e7a chora ao relatar racismo em jogo de futebol<\/span><\/a><\/div>\n<div class=\"col-s-12 col-l-3\"><a href=\"https:\/\/vejasp.abril.com.br\/cidades\/stf-derruba-liminar-alcool\/\" class=\"card\"><span class=\"category hide-s\">Cidades<\/span><img title = \"[Tags]\"data-src=\"https:\/\/vejasp.abril.com.br\/wp-content\/uploads\/2020\/11\/Veja-Comer-e-Beber-Bares-Elevador-002.jpg.jpg?quality=70&amp;strip=info&amp;w=680&amp;h=453&amp;crop=1\"alt = \"1855_buzios2 Padrasto confessa ter matado menina de 5 anos no interior de S\u00e3o Paulo\" class=\"lazyload media\"><span class=\"category hide-l\">Cidades<\/span><span class=\"title\">STF derruba liminar e S\u00e3o Paulo volta a proibir \u00e1lcool ap\u00f3s as 20h<\/span><\/a><\/div>\n<\/div>\n<\/div>\n<\/div>\n<div class=\"ads post-ads\"><span class=\"title\">Continua ap\u00f3s a publicidade<\/span><\/p>\n<div id=\"abrAD_rectangle3\" class=\"abrAD\" data-ad-><\/div>\n<\/div>\n<p><br \/>\n<br \/><a href=\"https:\/\/vejasp.abril.com.br\/cidades\/padrasto-crime-menina-hortolandia\/\">Fonte do Artigo <\/a><br \/>\nTags:<br \/>\n#loterias #loteriascaixa #megasena #resultadoapostas#noticias #noticiario  #noticia #brasil #noticiascolombia #mundo #esporte #colombia #noticiadeld #ltimasnoticias  #noticiario #noticiasregionales #noticiasdepartamentales #noticiashoy #esportes #noticiaahora #elinformantenoticias #noticiasdeboyac  #esporteinterativo #esportivo #diariodosesportes  #noticiero  #jogodefutebol #jogos #loto #apostas<\/p>\n","protected":false},"excerpt":{"rendered":"<p>Maria Clara Calixto Nascimento, 5, foi encontrada morta dentro de uma caixa de papel\u00e3o, em um terreno no bairro Jardim S\u00e3o Felipe, em Hortol\u00e2ndia, interior de S\u00e3o Paulo. A menina estava desaparecida desde a manh\u00e3 da \u00faltima quinta-feira (17). De acordo com a Pol\u00edcia Civil, o padrasto da menina, C\u00e1ssio Martins Camilo, confessou que matou [&hellip;]<\/p>\n","protected":false},"author":1,"featured_media":63626,"comment_status":"open","ping_status":"open","sticky":false,"template":"","format":"standard","meta":{"footnotes":""},"categories":[1],"tags":[],"class_list":["post-63625","post","type-post","status-publish","format-standard","has-post-thumbnail","hentry","category-curso-de-copy"],"_links":{"self":[{"href":"https:\/\/wiy.com.br\/noticias\/wp-json\/wp\/v2\/posts\/63625","targetHints":{"allow":["GET"]}}],"collection":[{"href":"https:\/\/wiy.com.br\/noticias\/wp-json\/wp\/v2\/posts"}],"about":[{"href":"https:\/\/wiy.com.br\/noticias\/wp-json\/wp\/v2\/types\/post"}],"author":[{"embeddable":true,"href":"https:\/\/wiy.com.br\/noticias\/wp-json\/wp\/v2\/users\/1"}],"replies":[{"embeddable":true,"href":"https:\/\/wiy.com.br\/noticias\/wp-json\/wp\/v2\/comments?post=63625"}],"version-history":[{"count":0,"href":"https:\/\/wiy.com.br\/noticias\/wp-json\/wp\/v2\/posts\/63625\/revisions"}],"wp:featuredmedia":[{"embeddable":true,"href":"https:\/\/wiy.com.br\/noticias\/wp-json\/wp\/v2\/media\/63626"}],"wp:attachment":[{"href":"https:\/\/wiy.com.br\/noticias\/wp-json\/wp\/v2\/media?parent=63625"}],"wp:term":[{"taxonomy":"category","embeddable":true,"href":"https:\/\/wiy.com.br\/noticias\/wp-json\/wp\/v2\/categories?post=63625"},{"taxonomy":"post_tag","embeddable":true,"href":"https:\/\/wiy.com.br\/noticias\/wp-json\/wp\/v2\/tags?post=63625"}],"curies":[{"name":"wp","href":"https:\/\/api.w.org\/{rel}","templated":true}]}}