{"id":63567,"date":"2023-02-26T15:03:11","date_gmt":"2023-02-26T18:03:11","guid":{"rendered":"https:\/\/wiy.com.br\/noticias\/video-mostra-deputado-passando-a-mao-em-parlamentar-na-alesp\/"},"modified":"2020-12-17T21:46:10","modified_gmt":"2020-12-17T23:46:10","slug":"video-mostra-deputado-passando-a-mao-em-parlamentar-na-alesp","status":"publish","type":"post","link":"https:\/\/wiy.com.br\/noticias\/video-mostra-deputado-passando-a-mao-em-parlamentar-na-alesp\/","title":{"rendered":"V\u00eddeo mostra deputado passando a m\u00e3o em parlamentar na Alesp"},"content":{"rendered":"<p> <br \/>\n<\/p>\n<div class=\"mc-column content-text active-extra-styles \" data-block-type=\"unstyled\" data-block-weight=\"43\" data-block-id=\"2\">\n<p data-track-category=\"Link no Texto\" data-track-links=\"\">O deputado estadual<strong> Fernando Cury<\/strong> (Cidadania) foi gravado no plen\u00e1rio da <strong>Assembleia Legislativa de S\u00e3o Paulo<\/strong> passando a m\u00e3o na regi\u00e3o dos seios da deputada estadual <strong>Isa Penna<\/strong> (PSOL), na noite de quarta-feira (16).<\/p>\n<p data-track-category=\"Link no Texto\" data-track-links=\"\">No v\u00eddeo, Cury conversava com um colega quando se direciona para Isa Penna, que est\u00e1 falando com outro parlamentar, de costas para Cury e apoiada na mesa diretora da Casa. Ele se aproxima por tr\u00e1s da parlamentar e passa as m\u00e3os por baixo dos bra\u00e7os da deputada.\u00a0 O momento foi registrado pelas c\u00e2meras da Alesp:<\/p>\n<blockquote class=\"twitter-tweet\" data-width=\"500\" data-dnt=\"true\">\n<p lang=\"pt\" dir=\"ltr\">V\u00eddeo mostra deputado passando a m\u00e3o em parlamentar na Alesp -&gt; <a href=\"https:\/\/t.co\/TpHj0UMXTW\">https:\/\/t.co\/TpHj0UMXTW<\/a> <a href=\"https:\/\/t.co\/SLI4galTvG\">pic.twitter.com\/SLI4galTvG<\/a><\/p>\n<p>&mdash; VEJA S\u00e3o Paulo (@VejaSP) <a href=\"https:\/\/twitter.com\/VejaSP\/status\/1339704511389167618?ref_src=twsrc%5Etfw\">December 17, 2020<\/a><\/p>\n<\/blockquote>\n<div class=\"ads post-ads\"><span class=\"title\">Continua ap\u00f3s a publicidade<\/span><\/p>\n<div id=\"abrAD_rectangle2\" class=\"abrAD\" data-ad-><\/div>\n<\/div>\n<p data-track-category=\"Link no Texto\" data-track-links=\"\">Ela o afasta com as m\u00e3os e discute com ele, enquanto fala tamb\u00e9m com o parlamentar que est\u00e1 na mesa diretora. Depois de alguns instantes, Cury vai embora. A equipe da deputada divulgou uma nota para a imprensa, em que afirma que &#8220;Isa Penna \u00e9 conhecida por atuar em prol do combate \u00e0 viol\u00eancia contra as mulheres e afirma que a viol\u00eancia pol\u00edtica de g\u00eanero que sofreu publicamente na Alesp infelizmente n\u00e3o \u00e9 um caso excepcional, dado que ela e as deputadas M\u00f4nica Seixas e Erica Malunguinho, do mesmo partido, j\u00e1 foram assediadas em ocasi\u00f5es anteriores&#8221;.<\/p>\n<p data-track-category=\"Link no Texto\" data-track-links=\"\">A parlamentar afirmou que ir\u00e1 registrar um boletim de ocorr\u00eancia contra Cury e tamb\u00e9m abrir uma representa\u00e7\u00e3o no Conselho de \u00c9tica da Alesp. &#8220;Estou aqui pedindo pelo direito de ficar de p\u00e9 e conversar com o presidente da Assembleia sem ser assediada\u201d, disse ela no plen\u00e1rio nesta quinta-feira (17).<\/p>\n<p data-track-category=\"Link no Texto\" data-track-links=\"\">Cury pediu desculpas e afirma que apenas &#8220;abra\u00e7ou&#8221; a colega. Veja a fala do deputado:<\/p>\n<\/div>\n<div class=\"wall protected-content\">\n<div class=\"mc-column content-text active-extra-styles \" data-block-type=\"unstyled\" data-block-weight=\"38\" data-block-id=\"6\">\n<div class=\"mc-column content-text active-extra-styles \" data-block-type=\"unstyled\" data-block-weight=\"154\" data-block-id=\"10\">\n<p data-track-category=\"Link no Texto\" data-track-links=\"\">\u201cSubo aqui hoje nessa tribuna muito constrangido e muito triste pelo fato que foi aqui ocorrido e relatado, pelo julgamento feito. Gostaria de frisar a todos, principalmente as mulheres que est\u00e3o aqui, que n\u00e3o houve, de forma alguma, da minha parte, a tentativa de importuna\u00e7\u00e3o sexual ou qualquer outra coisa ou qualquer outro nome semelhante. Eu nunca fiz isso na minha vida toda. Mas se a deputada Isa Penna se sentiu ofendida com o abra\u00e7o que eu lhe dei eu pe\u00e7o desculpa por isso. Desculpa se eu tentei, como fa\u00e7o com diversas colegas aqui, de abra\u00e7ar e estar pr\u00f3ximo&#8221;.<\/p>\n<p data-track-category=\"Link no Texto\" data-track-links=\"\">Cury afirmou ainda que &#8220;a minha chefe de gabinete \u00e9 uma mulher. Eu tenho assessoras mulheres aqui, no escrit\u00f3rio em Botucatu. Eu nunca ia fazer isso na frente de 100 deputados&#8221;.<\/p>\n<\/div>\n<\/div>\n<\/div>\n<p data-track-category=\"Link no Texto\" data-track-links=\"\">\n<div id=\"mais_lidas\" class=\"block related-posts mais-lidas\">\n<ul class=\"block-menu\">\n<li data-tab=\"tab-1\" class=\"active\">Mais lidas<\/li>\n<\/ul>\n<div id=\"tab-1\" class=\"block-content active\">\n<div class=\"row\">\n<div class=\"col-s-12 col-l-3\"><a href=\"https:\/\/vejasp.abril.com.br\/cultura-lazer\/anitta-estupro-adolescencia\/\" class=\"card\"><span class=\"category hide-s\">Cultura &amp; Lazer<\/span><img title = \"[Tags]\"data-src=\"https:\/\/vejasp.abril.com.br\/wp-content\/uploads\/2019\/11\/anitta_reprod.jpg?quality=70&amp;strip=info&amp;crop=0px%2C0px%2C428px%2C291px&amp;resize=680%2C453\"alt = \"anitta_reprod V\u00eddeo mostra deputado passando a m\u00e3o em parlamentar na Alesp\" class=\"lazyload media\"><span class=\"category hide-l\">Cultura &amp; Lazer<\/span><span class=\"title\">Anitta revela que foi estuprada quando era adolescente<\/span><\/a><\/div>\n<div class=\"col-s-12 col-l-3\"><a href=\"https:\/\/vejasp.abril.com.br\/cidades\/marcius-melhem-mensagens-dani-calabresa\/\" class=\"card\"><span class=\"category hide-s\">Cidades<\/span><img title = \"[Tags]\"data-src=\"https:\/\/vejasp.abril.com.br\/wp-content\/uploads\/2020\/12\/melhem-calabresa.jpg?quality=70&amp;strip=info&amp;w=680&amp;h=453&amp;crop=1\"alt = \"anitta_reprod V\u00eddeo mostra deputado passando a m\u00e3o em parlamentar na Alesp\" class=\"lazyload media\"><span class=\"category hide-l\">Cidades<\/span><span class=\"title\">Marcius Melhem mostra conversas com Calabresa para negar ass\u00e9dio<\/span><\/a><\/div>\n<div class=\"col-s-12 col-l-3\"><a href=\"https:\/\/vejasp.abril.com.br\/cidades\/turistas-buzios\/\" class=\"card\"><span class=\"category hide-s\">Cidades<\/span><img title = \"[Tags]\"data-src=\"https:\/\/vejasp.abril.com.br\/wp-content\/uploads\/2016\/11\/1855_buzios2.jpeg?quality=70&amp;strip=info&amp;w=680&amp;h=453&amp;crop=1\"alt = \"anitta_reprod V\u00eddeo mostra deputado passando a m\u00e3o em parlamentar na Alesp\" class=\"lazyload media\"><span class=\"category hide-l\">Cidades<\/span><span class=\"title\">Turistas t\u00eam at\u00e9 72 horas para deixar B\u00fazios, determina Justi\u00e7a<\/span><\/a><\/div>\n<div class=\"col-s-12 col-l-3\"><a href=\"https:\/\/vejasp.abril.com.br\/cultura-lazer\/christina-rodrigues-zorra\/\" class=\"card\"><span class=\"category hide-s\">Cultura &amp; Lazer<\/span><img title = \"[Tags]\"data-src=\"https:\/\/vejasp.abril.com.br\/wp-content\/uploads\/2020\/12\/16081285705fda183aba73a_1608128570_3x2_xl.jpg?quality=70&amp;strip=info&amp;w=680&amp;h=453&amp;crop=1\"alt = \"anitta_reprod V\u00eddeo mostra deputado passando a m\u00e3o em parlamentar na Alesp\" class=\"lazyload media\"><span class=\"category hide-l\">Cultura &amp; Lazer<\/span><span class=\"title\">Atriz Christina Rodrigues aguarda vaga em CTI h\u00e1 tr\u00eas dias com Covid<\/span><\/a><\/div>\n<\/div>\n<\/div>\n<\/div>\n<div id=\"leia_mais\" class=\"block related-posts leia-mais\">\n<ul class=\"block-menu\">\n<li data-tab=\"tab-1\" class=\"active\">Leia mais<\/li>\n<\/ul>\n<div id=\"tab-1\" class=\"block-content active\">\n<div class=\"row\">\n<div class=\"col-s-12 col-l-3\"><a href=\"https:\/\/vejasp.abril.com.br\/cidades\/bola-de-fogo-ceu-interior-sp\/\" class=\"card\"><span class=\"category hide-s\">Cidades<\/span><img title = \"[Tags]\"data-src=\"https:\/\/vejasp.abril.com.br\/wp-content\/uploads\/2020\/12\/9cfa6000-3fef-11eb-b923-db39f0cfa6ba-minified.jpeg?quality=70&amp;strip=info&amp;w=660&amp;h=360&amp;crop=1\"alt = \"anitta_reprod V\u00eddeo mostra deputado passando a m\u00e3o em parlamentar na Alesp\" class=\"lazyload media\"><span class=\"category hide-l\">Cidades<\/span><span class=\"title\">Bola de fogo \u00e9 vista cruzando o c\u00e9u do interior de S\u00e3o Paulo<\/span><\/a><\/div>\n<div class=\"col-s-12 col-l-3\"><a href=\"https:\/\/vejasp.abril.com.br\/cidades\/governo-sp-regras-aulas-presenciais-2021\/\" class=\"card\"><span class=\"category hide-s\">Cidades<\/span><img title = \"[Tags]\"data-src=\"https:\/\/vejasp.abril.com.br\/wp-content\/uploads\/2020\/03\/eeeduardoprado_11.jpg.jpg?quality=70&amp;strip=info&amp;w=680&amp;h=453&amp;crop=1\"alt = \"anitta_reprod V\u00eddeo mostra deputado passando a m\u00e3o em parlamentar na Alesp\" class=\"lazyload media\"><span class=\"category hide-l\">Cidades<\/span><span class=\"title\">Aulas presenciais: as regras para a educa\u00e7\u00e3o b\u00e1sica e superior em 2021<\/span><\/a><\/div>\n<div class=\"col-s-12 col-l-3\"><a href=\"https:\/\/vejasp.abril.com.br\/cidades\/governo-sp-abertura-escolas\/\" class=\"card\"><span class=\"category hide-s\">Cidades<\/span><img title = \"[Tags]\"data-src=\"https:\/\/vejasp.abril.com.br\/wp-content\/uploads\/2020\/11\/50566301562_b4de956719_o.jpg?quality=70&amp;strip=info&amp;w=680&amp;h=453&amp;crop=1\"alt = \"anitta_reprod V\u00eddeo mostra deputado passando a m\u00e3o em parlamentar na Alesp\" class=\"lazyload media\"><span class=\"category hide-l\">Cidades<\/span><span class=\"title\">Governo estadual decide abrir escolas mesmo na pior fase da pandemia<\/span><\/a><\/div>\n<div class=\"col-s-12 col-l-3\"><a href=\"https:\/\/vejasp.abril.com.br\/cidades\/turistas-buzios\/\" class=\"card\"><span class=\"category hide-s\">Cidades<\/span><img title = \"[Tags]\"data-src=\"https:\/\/vejasp.abril.com.br\/wp-content\/uploads\/2016\/11\/1855_buzios2.jpeg?quality=70&amp;strip=info&amp;w=680&amp;h=453&amp;crop=1\"alt = \"anitta_reprod V\u00eddeo mostra deputado passando a m\u00e3o em parlamentar na Alesp\" class=\"lazyload media\"><span class=\"category hide-l\">Cidades<\/span><span class=\"title\">Turistas t\u00eam at\u00e9 72 horas para deixar B\u00fazios, determina Justi\u00e7a<\/span><\/a><\/div>\n<\/div>\n<\/div>\n<\/div>\n<div class=\"ads post-ads\"><span class=\"title\">Continua ap\u00f3s a publicidade<\/span><\/p>\n<div id=\"abrAD_rectangle3\" class=\"abrAD\" data-ad-><\/div>\n<\/div>\n<p><script async src=\"http:\/\/platform.twitter.com\/widgets.js\" charset=\"utf-8\"><\/script><br \/>\n<br \/><br \/>\n<br \/><a href=\"https:\/\/vejasp.abril.com.br\/cidades\/video-mostra-deputado-passando-mao-isa-penna-alesp-fenando-cury\/\">Fonte do Artigo <\/a><br \/>\nTags:<br \/>\n#loterias #loteriascaixa #megasena #resultadoapostas#noticias #noticiario  #noticia #brasil #noticiascolombia #mundo #esporte #colombia #noticiadeld #ltimasnoticias  #noticiario #noticiasregionales #noticiasdepartamentales #noticiashoy #esportes #noticiaahora #elinformantenoticias #noticiasdeboyac  #esporteinterativo #esportivo #diariodosesportes  #noticiero  #jogodefutebol #jogos #loto #apostas<\/p>\n","protected":false},"excerpt":{"rendered":"<p>O deputado estadual Fernando Cury (Cidadania) foi gravado no plen\u00e1rio da Assembleia Legislativa de S\u00e3o Paulo passando a m\u00e3o na regi\u00e3o dos seios da deputada estadual Isa Penna (PSOL), na noite de quarta-feira (16). No v\u00eddeo, Cury conversava com um colega quando se direciona para Isa Penna, que est\u00e1 falando com outro parlamentar, de costas [&hellip;]<\/p>\n","protected":false},"author":1,"featured_media":63568,"comment_status":"open","ping_status":"open","sticky":false,"template":"","format":"standard","meta":{"footnotes":""},"categories":[1],"tags":[],"class_list":["post-63567","post","type-post","status-publish","format-standard","has-post-thumbnail","hentry","category-curso-de-copy"],"_links":{"self":[{"href":"https:\/\/wiy.com.br\/noticias\/wp-json\/wp\/v2\/posts\/63567","targetHints":{"allow":["GET"]}}],"collection":[{"href":"https:\/\/wiy.com.br\/noticias\/wp-json\/wp\/v2\/posts"}],"about":[{"href":"https:\/\/wiy.com.br\/noticias\/wp-json\/wp\/v2\/types\/post"}],"author":[{"embeddable":true,"href":"https:\/\/wiy.com.br\/noticias\/wp-json\/wp\/v2\/users\/1"}],"replies":[{"embeddable":true,"href":"https:\/\/wiy.com.br\/noticias\/wp-json\/wp\/v2\/comments?post=63567"}],"version-history":[{"count":0,"href":"https:\/\/wiy.com.br\/noticias\/wp-json\/wp\/v2\/posts\/63567\/revisions"}],"wp:featuredmedia":[{"embeddable":true,"href":"https:\/\/wiy.com.br\/noticias\/wp-json\/wp\/v2\/media\/63568"}],"wp:attachment":[{"href":"https:\/\/wiy.com.br\/noticias\/wp-json\/wp\/v2\/media?parent=63567"}],"wp:term":[{"taxonomy":"category","embeddable":true,"href":"https:\/\/wiy.com.br\/noticias\/wp-json\/wp\/v2\/categories?post=63567"},{"taxonomy":"post_tag","embeddable":true,"href":"https:\/\/wiy.com.br\/noticias\/wp-json\/wp\/v2\/tags?post=63567"}],"curies":[{"name":"wp","href":"https:\/\/api.w.org\/{rel}","templated":true}]}}