{"id":63253,"date":"2023-02-26T14:54:09","date_gmt":"2023-02-26T17:54:09","guid":{"rendered":"https:\/\/wiy.com.br\/noticias\/aluguel-de-motor-homes-cresce-como-alternativa-para-viajar-na-pandemia\/"},"modified":"2020-12-11T07:00:24","modified_gmt":"2020-12-11T09:00:24","slug":"aluguel-de-motor-homes-cresce-como-alternativa-para-viajar-na-pandemia","status":"publish","type":"post","link":"https:\/\/wiy.com.br\/noticias\/aluguel-de-motor-homes-cresce-como-alternativa-para-viajar-na-pandemia\/","title":{"rendered":"Aluguel de motor homes cresce como alternativa para viajar na pandemia"},"content":{"rendered":"<p> <br \/>\n<\/p>\n<p>Cair na estrada sem passar por aeroportos, check-ins, t\u00e1xis ou ficar restrito \u00e0s depend\u00eancias dos hot\u00e9is \u00e9 um dos motivos que fizeram disparar as viagens em vans adaptadas com quarto, banheiro e cozinha, conhecidas como motor homes. Mais comum em pa\u00edses da Europa e nos Estados Unidos, a modalidade movimentou as empresas de aluguel desses ve\u00edculos recreativos no estado de S\u00e3o Paulo. A <strong>Fifty Motorhome<\/strong>, na capital, e a <strong>Vand\u00e3o RV Motorhome<\/strong>, em Salto, registraram aumento de quase 70% na procura em 2020. Na <strong>My Home sobre Rodas<\/strong>, de Campinas, s\u00f3 h\u00e1 datas dispon\u00edveis para reserva dos autom\u00f3veis em mar\u00e7o.<\/p>\n<p>Para dirigir um motor home \u00e9 necess\u00e1rio ter a Carteira Nacional de Habilita\u00e7\u00e3o (CNH) regularizada na categoria B (a mesma para os carros convencionais). Cada empresa coloca suas regras para permitir a loca\u00e7\u00e3o. Na <strong>Fifty,<\/strong> o interessado precisa ter mais de dez anos de experi\u00eancia de volante. Na <strong>Vand\u00e3o<\/strong> s\u00e3o cinco anos e na <strong>My Home Sobre Rodas<\/strong>, o aluguel \u00e9 feito apenas para casais acima de 30 anos e fam\u00edlias com crian\u00e7as. A locadora tem \u00e0 disposi\u00e7\u00e3o tr\u00eas furg\u00f5es com cozinha, ar-condicionado, TV, \u00e1gua quente, sanit\u00e1rio e chuveiro em dois banheiros separados e m\u00e1quina de lavar roupa. Ainda fornece roupas de cama, toalhas e utens\u00edlios de cozinha. Outros dois ve\u00edculos est\u00e3o ficando prontos para atender \u00e0 demanda.<\/p>\n<p>As di\u00e1rias saem em m\u00e9dia 530 reais nos ve\u00edculos menores, com viagens m\u00ednimas de tr\u00eas dias. A <strong>Fifty<\/strong> consegue atender de dois a quatro viajantes, com di\u00e1rias a partir de 815 reais. Para viagens em grupos, a<strong> Vand\u00e3o RV Motorhomes<\/strong> disponibiliza carros com at\u00e9 tr\u00eas camas de casais. A empresa possui frota de dez ve\u00edculos (cinco costumavam ser alugados na baixa temporada; neste ano, foram todos) e estacionamento sem custo para clientes.<\/p>\n<figure><img title = \"[Tags]\"alt = \"interior-motor-home Aluguel de motor homes cresce como alternativa para viajar na pandemia\"decoding=\"async\" src=\"https:\/\/vejasp.abril.com.br\/wp-content\/uploads\/2020\/12\/interior-motor-home.jpg\" \/><figcaption>Interior: por dentro de uma motor home<span class=\"copyright\">Divulga\u00e7\u00e3o\/Divulga\u00e7\u00e3o<\/span><\/figcaption><\/figure>\n<p><b>+<\/b><a href=\"https:\/\/abr.ai\/assine-vejasp\"><b>Assine a Vejinha a partir de 5,90<\/b><\/a><b>.<\/b><\/p>\n<p>Os modelos mais procurados s\u00e3o os que acomodam at\u00e9 seis passageiros e o \u201cPacis\u201d, para dois adultos e duas crian\u00e7as. A di\u00e1ria varia de 600 a 1 000 reais e n\u00e3o h\u00e1 ve\u00edculos dispon\u00edveis para viagens de mais de catorze dias at\u00e9 mar\u00e7o. \u201cA maioria dos nossos clientes teve voo cancelado e queria fazer algo com a fam\u00edlia, respeitando o distanciamento\u201d, conta <strong>Aline Frediani<\/strong>, diretora de marketing da <strong>Vand\u00e3o.<\/strong><\/p>\n<p>Para atender o p\u00fablico, as lojas apresentam v\u00eddeos e aulas introdut\u00f3rias presenciais que mostram o funcionamento do carro. \u201cFicamos dispon\u00edveis para atender os viajantes 24 horas por dia\u201d, diz<strong> Regis Rigoleto<\/strong>, propriet\u00e1rio da <strong>My Home<\/strong>, em que 90% dos clientes est\u00e3o estreando na modalidade. Os locat\u00e1rios tamb\u00e9m ajudam nas sugest\u00f5es de roteiro. Os passeios favoritos entre aqueles que optam por tr\u00eas dias de viagem s\u00e3o Campos do Jord\u00e3o e Capit\u00f3lio, em Minas Gerais. Para os viajantes de mais de uma semana, costumam ser escolhidos destinos como as serras ga\u00facha e catarinense e as praias de Ubatuba e S\u00e3o Sebasti\u00e3o.<\/p>\n<p>Vale lembrar que as paradas pelos pa\u00edses da Am\u00e9rica do Sul est\u00e3o suspensas por causa da pandemia. \u201cAconselho n\u00e3o dirigir \u00e0 noite e evitar estradas sem pavimento. \u00c9 proibido entrar na praia com o ve\u00edculo\u201d, afirma <strong>Wagner Marques<\/strong>, propriet\u00e1rio da<strong> Fifty<\/strong>. Alguns dos furg\u00f5es precisam carregar a energia em tomadas depois de um dia de viagem e n\u00e3o se pode esquecer de descartar os dejetos do sanit\u00e1rio. Os campings costumam ter estrutura para atender a essas necessidades.<\/p>\n<div class=\"ads post-ads\"><span class=\"title\">Continua ap\u00f3s a publicidade<\/span><\/p>\n<div id=\"abrAD_rectangle2\" class=\"abrAD\" data-ad-><\/div>\n<\/div>\n<figure><img title = \"[Tags]\"alt = \"interior-motor-home Aluguel de motor homes cresce como alternativa para viajar na pandemia\"decoding=\"async\" src=\"https:\/\/vejasp.abril.com.br\/wp-content\/uploads\/2020\/12\/projetos-motor-homes.jpg\" \/><figcaption>Projetos da Estrella-Mobil, f\u00e1brica de motor homes: aumento na demanda e valores a partir de 60 000 reais a montagem<span class=\"copyright\">Divulga\u00e7\u00e3o\/Divulga\u00e7\u00e3o<\/span><\/figcaption><\/figure>\n<p><b>+<\/b><a href=\"https:\/\/abr.ai\/assine-vejasp\"><b>Assine a Vejinha a partir de 5,90<\/b><\/a><b>.<\/b><\/p>\n<p>Alguns clientes usam o aluguel como test-drive antes de fazer o investimento da compra. A <strong>EstrellaMobil,<\/strong> f\u00e1brica de Santa Branca, no Vale do Para\u00edba, monta \u201ccasas\u201d h\u00e1 dois anos e teve aumento na demanda. \u201cEm 2019, foram nove ve\u00edculos feitos e, neste ano, quinze entregues\u201d, diz<strong> Julio Lemos<\/strong>, um dos s\u00f3cios da empresa. Por l\u00e1, um projeto montado em um furg\u00e3o sai em m\u00e9dia 170 000 reais, al\u00e9m do valor do autom\u00f3vel. H\u00e1 ainda op\u00e7\u00f5es com carros menores, em que a montagem custa a partir de 60 000 reais. \u201cAs pessoas come\u00e7aram a procurar viagens diferentes em vez de ficar no resort com a fam\u00edlia. A pandemia acelerou essa mudan\u00e7a.\u201d<\/p>\n<h3>Priscila Melo, 38, e Sandro Silva, 50<\/h3>\n<figure><img title = \"[Tags]\"alt = \"interior-motor-home Aluguel de motor homes cresce como alternativa para viajar na pandemia\"decoding=\"async\" src=\"https:\/\/vejasp.abril.com.br\/wp-content\/uploads\/2020\/12\/Priscilla-Melo.jpg\" \/><figcaption>Priscila Melo e Sandro Silva: viajantes profissionais<span class=\"copyright\">Arquivo Pessoal\/Divulga\u00e7\u00e3o<\/span><\/figcaption><\/figure>\n<p>Viajante profissional, o casal paulistano criou a p\u00e1gina Cacarecos de Viagem (@cacarecosdeviagem) para divulgar dicas de roteiros e destinos. Na pandemia, eles cancelaram uma viagem \u00e0 Europa e o motor home foi a sa\u00edda para que n\u00e3o ficassem parados durante as f\u00e9rias. <strong>Priscila<\/strong> alerta sobre o fato de nem todos os campings ter infraestrutura para descarte de \u00e1gua suja, mas isso n\u00e3o foi impeditivo para repetir a experi\u00eancia. \u201cMeus seguidores nem sabiam que dava para alugar esse servi\u00e7o no Brasil.\u201d<\/p>\n<h3>Celso Am\u00e2ncio, 69<\/h3>\n<figure><img title = \"[Tags]\"alt = \"interior-motor-home Aluguel de motor homes cresce como alternativa para viajar na pandemia\"decoding=\"async\" src=\"https:\/\/vejasp.abril.com.br\/wp-content\/uploads\/2020\/12\/Motor-Home-capa.jpg\" \/><figcaption>Celso Am\u00e2ncio e Maria de Lourdes: furg\u00e3o, comprado em 2010<span class=\"copyright\">Rog\u00e9rio Pallatta\/Veja SP<\/span><\/figcaption><\/figure>\n<p>Aposentado, <strong>Am\u00e2ncio<\/strong> passa mais tempo dentro do motor home do que na pr\u00f3pria casa. Considera seu estilo de vida. Com o seu furg\u00e3o, comprado em 2010, andou Brasil afora com a mulher, Maria de Lourdes. J\u00e1 viajaram de S\u00e3o Paulo a Jericoacoara, no Cear\u00e1, passando noites em estacionamento de hot\u00e9is e pousadas pelo caminho. \u201cO carro virava atra\u00e7\u00e3o onde parava\u201d, lembra. Os roteiros que o casal repete todos os anos s\u00e3o Socorro e Aparecida, no interior, e Ubatuba, no litoral paulista.<\/p>\n<h3>Fam\u00edlia Quintaneiro<\/h3>\n<figure><img title = \"[Tags]\"alt = \"interior-motor-home Aluguel de motor homes cresce como alternativa para viajar na pandemia\"decoding=\"async\" src=\"https:\/\/vejasp.abril.com.br\/wp-content\/uploads\/2020\/12\/Familia-Quintero.jpg\" \/><figcaption>Juntando toda fam\u00edlia: Thiago Quintaneiro quis aproximar os parentes<span class=\"copyright\">Arquivo Pessoal\/Divulga\u00e7\u00e3o<\/span><\/figcaption><\/figure>\n<p>Morando em casas separadas, <strong>Thiago Quintaneiro<\/strong> resolveu reaproximar a fam\u00edlia (pai, m\u00e3e e irm\u00e3) em uma viagem de sete dias com o furg\u00e3o. O medo de n\u00e3o conseguir dirigir o ve\u00edculo pesado passou nos primeiros quil\u00f4metros. \u201cHoje eles s\u00e3o mais sofisticados do que no passado. Tem at\u00e9 m\u00e1quina de lavar\u201d, diz. Os quatro integrantes se revezaram no volante at\u00e9 Foz do Igua\u00e7u. \u201cSe contarmos as passagens, a viagem convencional tem o mesmo pre\u00e7o com o motor home.\u201d<\/p>\n<figure><img title = \"[Tags]\"alt = \"interior-motor-home Aluguel de motor homes cresce como alternativa para viajar na pandemia\"decoding=\"async\" src=\"https:\/\/vejasp.abril.com.br\/wp-content\/uploads\/2020\/12\/van-da-familia-quintero.jpg\" \/><figcaption>Tiago: \u201cSe contarmos as passagens, a viagem convencional tem o mesmo pre\u00e7o com o motor home.\u201d<span class=\"copyright\">Arquivo Pessoal\/Divulga\u00e7\u00e3o<\/span><\/figcaption><\/figure>\n<h3>Fam\u00edlia Harkensee<\/h3>\n<figure><img title = \"[Tags]\"alt = \"interior-motor-home Aluguel de motor homes cresce como alternativa para viajar na pandemia\"decoding=\"async\" src=\"https:\/\/vejasp.abril.com.br\/wp-content\/uploads\/2020\/12\/familia-harkensse.jpg\" \/><figcaption>Liberdade no roteiro: analista troca compra de im\u00f3vel pela motor home<span class=\"copyright\">Arquivo Pessoal\/Divulga\u00e7\u00e3o<\/span><\/figcaption><\/figure>\n<p>\u201cEm vez de uma casa em uma \u00fanica praia, podemos ter uma em qualquer praia\u201d, diz o analista de sistemas <strong>Alexandre Harkensee,<\/strong> 55, que decidiu trocar a compra do im\u00f3vel por um motor home para a aposentadoria, que sair\u00e1 em breve. Em novembro, fez um \u201ctest-drive\u201d com a mulher, <strong>Solange,<\/strong> e a filha, <strong>Sophia.<\/strong> Eles visitaram as cidades hist\u00f3ricas em Minas Gerais e outras pelo caminho. \u201cTem aperto, o chuveiro \u00e9 um pouco baixo, mas foi uma viagem confort\u00e1vel e compensou pela liberdade de roteiro.\u201d O casal j\u00e1 comprou o furg\u00e3o, modelo Sprinter, e est\u00e1 or\u00e7ando os projetos do espa\u00e7o. \u201cUm deles disse que me entrega em outubro.\u201d<\/p>\n<p><b>+<\/b><a href=\"https:\/\/abr.ai\/assine-vejasp\"><b>Assine a Vejinha a partir de 5,90<\/b><\/a><b>.<\/b><\/p>\n<p><b>Publicado em VEJA S\u00e3o Paulo de 16 de dezembro de 2020, edi\u00e7\u00e3o n\u00ba 2717<\/b><\/p>\n<div id=\"mais_lidas\" class=\"block related-posts mais-lidas\">\n<ul class=\"block-menu\">\n<li data-tab=\"tab-1\" class=\"active\">Mais lidas<\/li>\n<\/ul>\n<div id=\"tab-1\" class=\"block-content active\">\n<div class=\"row\">\n<div class=\"col-s-12 col-l-3\"><a href=\"https:\/\/vejasp.abril.com.br\/blog\/astrologia\/previsoes-para-todos-os-signos-de-7-a-13-de-dezembro\/\" class=\"card\"><span class=\"category hide-s\">Cultura &amp; Lazer<\/span><img title = \"[Tags]\"data-src=\"https:\/\/vejasp.abril.com.br\/wp-content\/uploads\/2020\/12\/DENCHJUDI.jpg?quality=70&amp;strip=info&amp;w=680&amp;h=453&amp;crop=1\"alt = \"interior-motor-home Aluguel de motor homes cresce como alternativa para viajar na pandemia\" class=\"lazyload media\"><span class=\"category hide-l\">Cultura &amp; Lazer<\/span><span class=\"title\">Previs\u00f5es para todos os signos: de 7 a 13 de dezembro<\/span><\/a><\/div>\n<div class=\"col-s-12 col-l-3\"><a href=\"https:\/\/vejasp.abril.com.br\/cidades\/joseph-safra-morre\/\" class=\"card\"><span class=\"category hide-s\">Cidades<\/span><img title = \"[Tags]\"data-src=\"https:\/\/vejasp.abril.com.br\/wp-content\/uploads\/2020\/12\/internacional-empresarios-20000629-05-original3.jpeg?quality=70&amp;strip=info&amp;w=680&amp;h=453&amp;crop=1\"alt = \"interior-motor-home Aluguel de motor homes cresce como alternativa para viajar na pandemia\" class=\"lazyload media\"><span class=\"category hide-l\">Cidades<\/span><span class=\"title\">Morre o banqueiro Joseph Safra aos 82 anos<\/span><\/a><\/div>\n<div class=\"col-s-12 col-l-3\"><a href=\"https:\/\/vejasp.abril.com.br\/cidades\/chuva-estrelas-cadentes\/\" class=\"card\"><span class=\"category hide-s\">Cidades<\/span><img title = \"[Tags]\"data-src=\"https:\/\/vejasp.abril.com.br\/wp-content\/uploads\/2020\/12\/michal-mancewicz-Q6ypnqRk2U0-unsplash.jpg?quality=70&amp;strip=info&amp;w=680&amp;h=453&amp;crop=1\"alt = \"interior-motor-home Aluguel de motor homes cresce como alternativa para viajar na pandemia\" class=\"lazyload media\"><span class=\"category hide-l\">Cidades<\/span><span class=\"title\">Chuvas de estrelas cadentes atingem o Brasil neste dezembro<\/span><\/a><\/div>\n<div class=\"col-s-12 col-l-3\"><a href=\"https:\/\/vejasp.abril.com.br\/cidades\/robinho-condenacao-estupro-prisao\/\" class=\"card\"><span class=\"category hide-s\">Cidades<\/span><img title = \"[Tags]\"data-src=\"https:\/\/vejasp.abril.com.br\/wp-content\/uploads\/2016\/11\/4555_robinho2.jpeg?quality=70&amp;strip=info&amp;crop=0px%2C34px%2C595px%2C405px&amp;resize=680%2C453\"alt = \"interior-motor-home Aluguel de motor homes cresce como alternativa para viajar na pandemia\" class=\"lazyload media\"><span class=\"category hide-l\">Cidades<\/span><span class=\"title\">Justi\u00e7a italiana condena Robinho a 9 anos de pris\u00e3o por estupro<\/span><\/a><\/div>\n<\/div>\n<\/div>\n<\/div>\n<div id=\"leia_mais\" class=\"block related-posts leia-mais\">\n<ul class=\"block-menu\">\n<li data-tab=\"tab-1\" class=\"active\">Leia mais<\/li>\n<\/ul>\n<div id=\"tab-1\" class=\"block-content active\">\n<div class=\"row\">\n<div class=\"col-s-12 col-l-3\"><a href=\"https:\/\/vejasp.abril.com.br\/cidades\/onibus-eletrico-investidores-assinam-acordo-de-1-bilhao-de-dolares\/\" class=\"card\"><span class=\"category hide-s\">Cidades<\/span><img title = \"[Tags]\"data-src=\"https:\/\/vejasp.abril.com.br\/wp-content\/uploads\/2019\/02\/2011_06_06_ethanol6.tif_.jpg.jpg?quality=70&amp;strip=info&amp;w=680&amp;h=453&amp;crop=1\"alt = \"interior-motor-home Aluguel de motor homes cresce como alternativa para viajar na pandemia\" class=\"lazyload media\"><span class=\"category hide-l\">Cidades<\/span><span class=\"title\">\u00d4nibus el\u00e9trico: investidores assinam acordo de 1 bilh\u00e3o de d\u00f3lares<\/span><\/a><\/div>\n<div class=\"col-s-12 col-l-3\"><a href=\"https:\/\/vejasp.abril.com.br\/cidades\/robinho-condenacao-estupro-prisao\/\" class=\"card\"><span class=\"category hide-s\">Cidades<\/span><img title = \"[Tags]\"data-src=\"https:\/\/vejasp.abril.com.br\/wp-content\/uploads\/2016\/11\/4555_robinho2.jpeg?quality=70&amp;strip=info&amp;crop=0px%2C34px%2C595px%2C405px&amp;resize=680%2C453\"alt = \"interior-motor-home Aluguel de motor homes cresce como alternativa para viajar na pandemia\" class=\"lazyload media\"><span class=\"category hide-l\">Cidades<\/span><span class=\"title\">Justi\u00e7a italiana condena Robinho a 9 anos de pris\u00e3o por estupro<\/span><\/a><\/div>\n<div class=\"col-s-12 col-l-3\"><a href=\"https:\/\/vejasp.abril.com.br\/cidades\/joseph-safra-morre\/\" class=\"card\"><span class=\"category hide-s\">Cidades<\/span><img title = \"[Tags]\"data-src=\"https:\/\/vejasp.abril.com.br\/wp-content\/uploads\/2020\/12\/internacional-empresarios-20000629-05-original3.jpeg?quality=70&amp;strip=info&amp;w=680&amp;h=453&amp;crop=1\"alt = \"interior-motor-home Aluguel de motor homes cresce como alternativa para viajar na pandemia\" class=\"lazyload media\"><span class=\"category hide-l\">Cidades<\/span><span class=\"title\">Morre o banqueiro Joseph Safra aos 82 anos<\/span><\/a><\/div>\n<div class=\"col-s-12 col-l-3\"><a href=\"https:\/\/vejasp.abril.com.br\/cidades\/tres-em-cada-dez-moradias-da-grande-sao-paulo-estao-em-area-de-risco\/\" class=\"card\"><span class=\"category hide-s\">Cidades<\/span><img title = \"[Tags]\"data-src=\"https:\/\/vejasp.abril.com.br\/wp-content\/uploads\/2016\/11\/24644_jardim-cristiane.jpeg?quality=70&amp;strip=info&amp;w=680&amp;h=453&amp;crop=1\"alt = \"interior-motor-home Aluguel de motor homes cresce como alternativa para viajar na pandemia\" class=\"lazyload media\"><span class=\"category hide-l\">Cidades<\/span><span class=\"title\">Tr\u00eas em cada dez moradias da Grande S\u00e3o Paulo est\u00e3o em \u00e1rea de risco<\/span><\/a><\/div>\n<\/div>\n<\/div>\n<\/div>\n<div class=\"ads post-ads\"><span class=\"title\">Continua ap\u00f3s a publicidade<\/span><\/p>\n<div id=\"abrAD_rectangle3\" class=\"abrAD\" data-ad-><\/div>\n<\/div>\n<p><br \/>\n<br \/><a href=\"https:\/\/vejasp.abril.com.br\/cidades\/motor-homes-viajar-pandemia\/\">Fonte do Artigo <\/a><br \/>\nTags:<br \/>\n#loterias #loteriascaixa #megasena #resultadoapostas#noticias #noticiario  #noticia #brasil #noticiascolombia #mundo #esporte #colombia #noticiadeld #ltimasnoticias  #noticiario #noticiasregionales #noticiasdepartamentales #noticiashoy #esportes #noticiaahora #elinformantenoticias #noticiasdeboyac  #esporteinterativo #esportivo #diariodosesportes  #noticiero  #jogodefutebol #jogos #loto #apostas<\/p>\n","protected":false},"excerpt":{"rendered":"<p>Cair na estrada sem passar por aeroportos, check-ins, t\u00e1xis ou ficar restrito \u00e0s depend\u00eancias dos hot\u00e9is \u00e9 um dos motivos que fizeram disparar as viagens em vans adaptadas com quarto, banheiro e cozinha, conhecidas como motor homes. Mais comum em pa\u00edses da Europa e nos Estados Unidos, a modalidade movimentou as empresas de aluguel desses [&hellip;]<\/p>\n","protected":false},"author":1,"featured_media":63254,"comment_status":"open","ping_status":"open","sticky":false,"template":"","format":"standard","meta":{"footnotes":""},"categories":[1],"tags":[],"class_list":["post-63253","post","type-post","status-publish","format-standard","has-post-thumbnail","hentry","category-curso-de-copy"],"_links":{"self":[{"href":"https:\/\/wiy.com.br\/noticias\/wp-json\/wp\/v2\/posts\/63253","targetHints":{"allow":["GET"]}}],"collection":[{"href":"https:\/\/wiy.com.br\/noticias\/wp-json\/wp\/v2\/posts"}],"about":[{"href":"https:\/\/wiy.com.br\/noticias\/wp-json\/wp\/v2\/types\/post"}],"author":[{"embeddable":true,"href":"https:\/\/wiy.com.br\/noticias\/wp-json\/wp\/v2\/users\/1"}],"replies":[{"embeddable":true,"href":"https:\/\/wiy.com.br\/noticias\/wp-json\/wp\/v2\/comments?post=63253"}],"version-history":[{"count":0,"href":"https:\/\/wiy.com.br\/noticias\/wp-json\/wp\/v2\/posts\/63253\/revisions"}],"wp:featuredmedia":[{"embeddable":true,"href":"https:\/\/wiy.com.br\/noticias\/wp-json\/wp\/v2\/media\/63254"}],"wp:attachment":[{"href":"https:\/\/wiy.com.br\/noticias\/wp-json\/wp\/v2\/media?parent=63253"}],"wp:term":[{"taxonomy":"category","embeddable":true,"href":"https:\/\/wiy.com.br\/noticias\/wp-json\/wp\/v2\/categories?post=63253"},{"taxonomy":"post_tag","embeddable":true,"href":"https:\/\/wiy.com.br\/noticias\/wp-json\/wp\/v2\/tags?post=63253"}],"curies":[{"name":"wp","href":"https:\/\/api.w.org\/{rel}","templated":true}]}}