{"id":63097,"date":"2023-02-26T15:14:57","date_gmt":"2023-02-26T18:14:57","guid":{"rendered":"https:\/\/wiy.com.br\/noticias\/homem-e-preso-em-meio-a-velorio-suspeito-de-forjar-acidente-de-jovem\/"},"modified":"2020-12-08T12:52:10","modified_gmt":"2020-12-08T14:52:10","slug":"homem-e-preso-em-meio-a-velorio-suspeito-de-forjar-acidente-de-jovem","status":"publish","type":"post","link":"https:\/\/wiy.com.br\/noticias\/homem-e-preso-em-meio-a-velorio-suspeito-de-forjar-acidente-de-jovem\/","title":{"rendered":"Homem \u00e9 preso em meio a vel\u00f3rio suspeito de forjar acidente de jovem"},"content":{"rendered":"<p> <br \/>\n<\/p>\n<div class=\"mc-column content-text active-extra-styles \" data-block-type=\"unstyled\" data-block-weight=\"37\" data-block-id=\"2\">\n<p data-track-category=\"Link no Texto\" data-track-links=\"\"><strong>Rog\u00e9rio Botelho<\/strong>, de 23 anos, \u00e9 suspeito de matar a companheira <strong>Juliana Ferraz do Nascimento<\/strong>, tamb\u00e9m de 23 anos, e tentar forjar um acidente dom\u00e9stico. Ele foi preso enquanto assinava os documentos de \u00f3bito da v\u00edtima no vel\u00f3rio. O caso aconteceu em Jundia\u00ed, no interior de S\u00e3o Paulo, no \u00faltimo domingo (6).<\/p>\n<p data-track-category=\"Link no Texto\" data-track-links=\"\">De acordo com o boletim de ocorr\u00eancia, Rog\u00e9rio disse \u00e0 pol\u00edcia que encontrou a jovem no banheiro de casa j\u00e1 morta ap\u00f3s acordar de madrugada. Segundo ele, havia \u00e1gua saindo por baixo da porta. O rapaz alegou que Juliana n\u00e3o respondia e que ligou para o irm\u00e3o dela, que foi at\u00e9 a resid\u00eancia e o ajudou a arrombar a porta.<\/p>\n<\/div>\n<div class=\"wall protected-content\">\n<div class=\"mc-column content-text active-extra-styles \" data-block-type=\"unstyled\" data-block-weight=\"47\" data-block-id=\"3\">\n<p data-track-category=\"Link no Texto\" data-track-links=\"\">O corpo de Juliana foi encaminhado para o IML, que verificou durante aut\u00f3psia diversas les\u00f5es e sinais de estrangulamento. Como as vers\u00f5es n\u00e3o coincidiam, a pol\u00edcia determinou a pris\u00e3o em flagrante de Rog\u00e9rio, que foi preso no vel\u00f3rio enquanto assinava documentos de \u00f3bito.<\/p>\n<\/div>\n<div class=\"mc-column content-text active-extra-styles \" data-block-type=\"unstyled\" data-block-weight=\"42\" data-block-id=\"5\">\n<div class=\"mc-column content-text active-extra-styles \" data-block-type=\"unstyled\" data-block-weight=\"35\" data-block-id=\"9\">\n<p data-track-category=\"Link no Texto\" data-track-links=\"\">Ele foi encaminhado para a penitenci\u00e1ria e autuado por feminic\u00eddio e fraude processual. O corpo de Juliana foi enterrado na manh\u00e3 de segunda-feira.<\/p>\n<div id=\"relacionadas\" class=\"block related-posts three_columns\">\n<ul class=\"block-menu\">\n<li data-tab=\"tab-1\" class=\"active\">Relacionadas<\/li>\n<\/ul>\n<div id=\"tab-1\" class=\"block-content active\">\n<div class=\"row\">\n<li class=\"widget-news-item without-thumb with-border\">\n<div class=\"widget-news-info\"><a href=\"http:\/\/vejasp.abril.com.br\/cultura-lazer\">Cultura &amp; Lazer<\/a><span class=\"widget-news-item-title\"><a href=\"https:\/\/vejasp.abril.com.br\/cultura-lazer\/marido-ana-hickmann-sopa-cancer\/\">Marido de Ana Hickmann perde 12 quilos em tratamento contra c\u00e2ncer<\/a><\/span><span class=\"widget-news-item-date\">8 dez 2020 &#8211; 11h12<\/span><\/div>\n<\/li>\n<li class=\"widget-news-item without-thumb with-border\">\n<div class=\"widget-news-info\"><a href=\"http:\/\/vejasp.abril.com.br\/saude\">Sa\u00fade<\/a><span class=\"widget-news-item-title\"><a href=\"https:\/\/vejasp.abril.com.br\/saude\/oms-campanha-fumantes\/\">OMS lan\u00e7a campanha para ajudar fumantes a deixar o h\u00e1bito<\/a><\/span><span class=\"widget-news-item-date\">8 dez 2020 &#8211; 10h12<\/span><\/div>\n<\/li>\n<li class=\"widget-news-item without-thumb with-border\">\n<div class=\"widget-news-info\"><a href=\"http:\/\/vejasp.abril.com.br\/cultura-lazer\">Cultura &amp; Lazer<\/a><span class=\"widget-news-item-title\"><a href=\"https:\/\/vejasp.abril.com.br\/cultura-lazer\/eduardo-galvao-morte-covid\/\">Famosos homenageiam Eduardo Galv\u00e3o, mais uma v\u00edtima da Covid-19<\/a><\/span><span class=\"widget-news-item-date\">8 dez 2020 &#8211; 09h12<\/span><\/div>\n<\/li>\n<\/div>\n<\/div>\n<\/div>\n<p data-track-category=\"Link no Texto\" data-track-links=\"\">\n<\/div>\n<\/div>\n<\/div>\n<div id=\"mais_lidas\" class=\"block related-posts mais-lidas\">\n<ul class=\"block-menu\">\n<li data-tab=\"tab-1\" class=\"active\">Mais lidas<\/li>\n<\/ul>\n<div id=\"tab-1\" class=\"block-content active\">\n<div class=\"row\">\n<div class=\"col-s-12 col-l-3\"><a href=\"https:\/\/vejasp.abril.com.br\/blog\/astrologia\/previsoes-para-todos-os-signos-de-7-a-13-de-dezembro\/\" class=\"card\"><span class=\"category hide-s\">Cultura &amp; Lazer<\/span><img title = \"[Tags]\"data-src=\"https:\/\/vejasp.abril.com.br\/wp-content\/uploads\/2020\/12\/DENCHJUDI.jpg?quality=70&amp;strip=info&amp;w=680&amp;h=453&amp;crop=1\"alt = \"DENCHJUDI Homem \u00e9 preso em meio a vel\u00f3rio suspeito de forjar acidente de jovem\" class=\"lazyload media\"><span class=\"category hide-l\">Cultura &amp; Lazer<\/span><span class=\"title\">Previs\u00f5es para todos os signos: de 7 a 13 de dezembro<\/span><\/a><\/div>\n<div class=\"col-s-12 col-l-3\"><a href=\"https:\/\/vejasp.abril.com.br\/cultura-lazer\/marcius-melhem-famosos-assedio\/\" class=\"card\"><span class=\"category hide-s\">Cultura &amp; Lazer<\/span><img title = \"[Tags]\"data-src=\"https:\/\/vejasp.abril.com.br\/wp-content\/uploads\/2020\/12\/melhem-calabresa.jpg?quality=70&amp;strip=info&amp;w=680&amp;h=453&amp;crop=1\"alt = \"DENCHJUDI Homem \u00e9 preso em meio a vel\u00f3rio suspeito de forjar acidente de jovem\" class=\"lazyload media\"><span class=\"category hide-l\">Cultura &amp; Lazer<\/span><span class=\"title\">Famosos se manifestam em apoio a Dani Calabresa<\/span><\/a><\/div>\n<div class=\"col-s-12 col-l-3\"><a href=\"https:\/\/vejasp.abril.com.br\/cultura-lazer\/leao-lobo-estupro-coletivo\/\" class=\"card\"><span class=\"category hide-s\">Cultura &amp; Lazer<\/span><img title = \"[Tags]\"data-src=\"https:\/\/vejasp.abril.com.br\/wp-content\/uploads\/2020\/12\/leao-lobo.jpg?quality=70&amp;strip=info&amp;w=644&amp;h=362&amp;crop=1\"alt = \"DENCHJUDI Homem \u00e9 preso em meio a vel\u00f3rio suspeito de forjar acidente de jovem\" class=\"lazyload media\"><span class=\"category hide-l\">Cultura &amp; Lazer<\/span><span class=\"title\">Le\u00e3o Lobo fala sobre estupro coletivo que sofreu aos 16 anos<\/span><\/a><\/div>\n<div class=\"col-s-12 col-l-3\"><a href=\"https:\/\/vejasp.abril.com.br\/cultura-lazer\/morre-sara-carreira\/\" class=\"card\"><span class=\"category hide-s\">Cultura &amp; Lazer<\/span><img title = \"[Tags]\"data-src=\"https:\/\/vejasp.abril.com.br\/wp-content\/uploads\/2020\/12\/119704822_247896513164203_1275438558891328513_n.jpg?quality=70&amp;strip=info&amp;crop=0px%2C8px%2C1080px%2C736px&amp;resize=680%2C453\"alt = \"DENCHJUDI Homem \u00e9 preso em meio a vel\u00f3rio suspeito de forjar acidente de jovem\" class=\"lazyload media\"><span class=\"category hide-l\">Cultura &amp; Lazer<\/span><span class=\"title\">Filha de Tony Carreira, Sara Carreira morre aos 21 anos em Portugal<\/span><\/a><\/div>\n<\/div>\n<\/div>\n<\/div>\n<div id=\"leia_mais\" class=\"block related-posts leia-mais\">\n<ul class=\"block-menu\">\n<li data-tab=\"tab-1\" class=\"active\">Leia mais<\/li>\n<\/ul>\n<div id=\"tab-1\" class=\"block-content active\">\n<div class=\"row\">\n<div class=\"col-s-12 col-l-3\"><a href=\"https:\/\/vejasp.abril.com.br\/cidades\/felipe-becari-picado-cobra\/\" class=\"card\"><span class=\"category hide-s\">Cidades<\/span><img title = \"[Tags]\"data-src=\"https:\/\/vejasp.abril.com.br\/wp-content\/uploads\/2020\/12\/129171029_193225965685381_7287915344038654021_n.jpg?quality=70&amp;strip=info&amp;crop=0px%2C2px%2C960px%2C653px&amp;resize=680%2C453\"alt = \"DENCHJUDI Homem \u00e9 preso em meio a vel\u00f3rio suspeito de forjar acidente de jovem\" class=\"lazyload media\"><span class=\"category hide-l\">Cidades<\/span><span class=\"title\">Vereador Felipe Becari \u00e9 picado por cobra e est\u00e1 internado em UTI<\/span><\/a><\/div>\n<div class=\"col-s-12 col-l-3\"><a href=\"https:\/\/vejasp.abril.com.br\/cidades\/chuva-estrelas-cadentes\/\" class=\"card\"><span class=\"category hide-s\">Cidades<\/span><img title = \"[Tags]\"data-src=\"https:\/\/vejasp.abril.com.br\/wp-content\/uploads\/2020\/12\/michal-mancewicz-Q6ypnqRk2U0-unsplash.jpg?quality=70&amp;strip=info&amp;w=680&amp;h=453&amp;crop=1\"alt = \"DENCHJUDI Homem \u00e9 preso em meio a vel\u00f3rio suspeito de forjar acidente de jovem\" class=\"lazyload media\"><span class=\"category hide-l\">Cidades<\/span><span class=\"title\">Chuvas de estrelas cadentes atingem o Brasil neste dezembro<\/span><\/a><\/div>\n<div class=\"col-s-12 col-l-3\"><a href=\"https:\/\/vejasp.abril.com.br\/cidades\/erika-hilton-perseguicao-venezuela\/\" class=\"card\"><span class=\"category hide-s\">Cidades<\/span><img title = \"[Tags]\"data-src=\"https:\/\/vejasp.abril.com.br\/wp-content\/uploads\/2020\/11\/ERIKAHILTON_6.JPG.jpg?quality=70&amp;strip=info&amp;crop=0px%2C148px%2C643px%2C437px&amp;resize=680%2C453\"alt = \"DENCHJUDI Homem \u00e9 preso em meio a vel\u00f3rio suspeito de forjar acidente de jovem\" class=\"lazyload media\"><span class=\"category hide-l\">Cidades<\/span><span class=\"title\">Erika Hilton diz que pobreza na Venezuela \u00e9 resultado de persegui\u00e7\u00e3o americana<\/span><\/a><\/div>\n<div class=\"col-s-12 col-l-3\"><a href=\"https:\/\/vejasp.abril.com.br\/cidades\/caixa-credita-parcela-de-auxilio-emergencial-para-nascidos-em-setembro\/\" class=\"card\"><span class=\"category hide-s\">Cidades<\/span><img title = \"[Tags]\"data-src=\"https:\/\/vejasp.abril.com.br\/wp-content\/uploads\/2020\/12\/auxilio_emergencial_caixa_1510202277.jpg?quality=70&amp;strip=info&amp;w=680&amp;h=453&amp;crop=1\"alt = \"DENCHJUDI Homem \u00e9 preso em meio a vel\u00f3rio suspeito de forjar acidente de jovem\" class=\"lazyload media\"><span class=\"category hide-l\">Cidades<\/span><span class=\"title\">Caixa credita parcela de aux\u00edlio emergencial para nascidos em setembro<\/span><\/a><\/div>\n<\/div>\n<\/div>\n<\/div>\n<div class=\"ads post-ads\"><span class=\"title\">Continua ap\u00f3s a publicidade<\/span><\/p>\n<div id=\"abrAD_rectangle3\" class=\"abrAD\" data-ad-><\/div>\n<\/div>\n<p><br \/>\n<br \/><a href=\"https:\/\/vejasp.abril.com.br\/cidades\/vitima-feminicidio-jundiai\/\">Fonte do Artigo <\/a><br \/>\nTags:<br \/>\n#loterias #loteriascaixa #megasena #resultadoapostas#noticias #noticiario  #noticia #brasil #noticiascolombia #mundo #esporte #colombia #noticiadeld #ltimasnoticias  #noticiario #noticiasregionales #noticiasdepartamentales #noticiashoy #esportes #noticiaahora #elinformantenoticias #noticiasdeboyac  #esporteinterativo #esportivo #diariodosesportes  #noticiero  #jogodefutebol #jogos #loto #apostas<\/p>\n","protected":false},"excerpt":{"rendered":"<p>Rog\u00e9rio Botelho, de 23 anos, \u00e9 suspeito de matar a companheira Juliana Ferraz do Nascimento, tamb\u00e9m de 23 anos, e tentar forjar um acidente dom\u00e9stico. Ele foi preso enquanto assinava os documentos de \u00f3bito da v\u00edtima no vel\u00f3rio. O caso aconteceu em Jundia\u00ed, no interior de S\u00e3o Paulo, no \u00faltimo domingo (6). De acordo com [&hellip;]<\/p>\n","protected":false},"author":1,"featured_media":63098,"comment_status":"open","ping_status":"open","sticky":false,"template":"","format":"standard","meta":{"footnotes":""},"categories":[1],"tags":[],"class_list":["post-63097","post","type-post","status-publish","format-standard","has-post-thumbnail","hentry","category-curso-de-copy"],"_links":{"self":[{"href":"https:\/\/wiy.com.br\/noticias\/wp-json\/wp\/v2\/posts\/63097","targetHints":{"allow":["GET"]}}],"collection":[{"href":"https:\/\/wiy.com.br\/noticias\/wp-json\/wp\/v2\/posts"}],"about":[{"href":"https:\/\/wiy.com.br\/noticias\/wp-json\/wp\/v2\/types\/post"}],"author":[{"embeddable":true,"href":"https:\/\/wiy.com.br\/noticias\/wp-json\/wp\/v2\/users\/1"}],"replies":[{"embeddable":true,"href":"https:\/\/wiy.com.br\/noticias\/wp-json\/wp\/v2\/comments?post=63097"}],"version-history":[{"count":0,"href":"https:\/\/wiy.com.br\/noticias\/wp-json\/wp\/v2\/posts\/63097\/revisions"}],"wp:featuredmedia":[{"embeddable":true,"href":"https:\/\/wiy.com.br\/noticias\/wp-json\/wp\/v2\/media\/63098"}],"wp:attachment":[{"href":"https:\/\/wiy.com.br\/noticias\/wp-json\/wp\/v2\/media?parent=63097"}],"wp:term":[{"taxonomy":"category","embeddable":true,"href":"https:\/\/wiy.com.br\/noticias\/wp-json\/wp\/v2\/categories?post=63097"},{"taxonomy":"post_tag","embeddable":true,"href":"https:\/\/wiy.com.br\/noticias\/wp-json\/wp\/v2\/tags?post=63097"}],"curies":[{"name":"wp","href":"https:\/\/api.w.org\/{rel}","templated":true}]}}