{"id":62854,"date":"2023-02-26T14:59:20","date_gmt":"2023-02-26T17:59:20","guid":{"rendered":"https:\/\/wiy.com.br\/noticias\/apos-criticas-mec-desiste-de-volta-as-aulas-presenciais-em-universidades\/"},"modified":"2020-12-02T18:23:11","modified_gmt":"2020-12-02T20:23:11","slug":"apos-criticas-mec-desiste-de-volta-as-aulas-presenciais-em-universidades","status":"publish","type":"post","link":"https:\/\/wiy.com.br\/noticias\/apos-criticas-mec-desiste-de-volta-as-aulas-presenciais-em-universidades\/","title":{"rendered":"Ap\u00f3s cr\u00edticas, MEC desiste de volta \u00e0s aulas presenciais em universidades"},"content":{"rendered":"<p> <br \/>\n<\/p>\n<p>O Minist\u00e9rio da Educa\u00e7\u00e3o (MEC) decidiu revogar a <a href=\"https:\/\/vejasp.abril.com.br\/cidades\/mec-volta-as-aulas-universidade\/\">portaria que determinava a retomada das aulas presenciais para institui\u00e7\u00f5es federais de ensino superior a partir de 4 de janeiro de 2021.<\/a> Uma nota oficial esclarecendo a situa\u00e7\u00e3o deve ser divulgada ainda nesta quarta (2).\u00a0A medida <a href=\"https:\/\/www.in.gov.br\/en\/web\/dou\/-\/portaria-n-1.030-de-1-de-dezembro-de-2020-291532789\">publicada no Di\u00e1rio Oficial da Uni\u00e3o<\/a> de hoje foi recebida com surpresa pelas universidades e institutos federais, que est\u00e3o com as atividades presenciais suspensas desde mar\u00e7o.<\/p>\n<p>Segundo o documento publicado, seria necess\u00e1rio adotar um &#8220;protocolo de biosseguran\u00e7a&#8221;, definido na <a href=\"https:\/\/www.in.gov.br\/en\/web\/dou\/-\/portaria-n-572-de-1-de-julho-de-2020-264670332\">Portaria MEC, n\u00ba 572, de 1\u00ba de julho de 2020<\/a>, al\u00e9m de utilizar recursos educacionais digitais ou outros meios convencionais de &#8220;forma complementar&#8221;.<\/p>\n<p>\u00c0 CNN Brasil, o ministro da Educa\u00e7\u00e3o, Milton Ribeiro, declarou que a pasta ir\u00e1 &#8220;abrir uma consulta p\u00fablica para ouvir o mundo acad\u00eamico&#8221;. De acordo com ele, &#8220;as escolas n\u00e3o estavam preparadas, faltava planejamento&#8221;.<\/p>\n<p>Em nota, a Universidade Federal de S\u00e3o Paulo (Unifesp) afirma que o segundo semestre de 2020 est\u00e1 em curso de forma remota, com finaliza\u00e7\u00e3o prevista para mar\u00e7o de 2021. A institui\u00e7\u00e3o declarou ainda que &#8220;a<span> Unifesp entende ser intoc\u00e1vel a quest\u00e3o da preserva\u00e7\u00e3o da vida de seus estudantes e profissionais, especialmente os profissionais de sa\u00fade, al\u00e9m da vida dos brasileiros, e reitera que n\u00e3o colocar\u00e1 em risco a sa\u00fade de sua comunidade&#8221;.<\/span><\/p>\n<p>O comunicado oficial publicado pela Universidade Federal do ABC (UFABC) disp\u00f5e que &#8220;a UFABC reitera a sua autonomia universit\u00e1ria e manter\u00e1 o quadro epidemiol\u00f3gico da regi\u00e3o onde est\u00e1 inserida a UFABC e sua comunidade como a refer\u00eancia que determinar\u00e1 o in\u00edcio de cada uma das fases de retomada de atividades presenciais. A preserva\u00e7\u00e3o da vida e da sa\u00fade das pessoas tem sido, e continuar\u00e1 sendo, mandat\u00f3ria em todas as a\u00e7\u00f5es debatidas no \u00e2mbito de nossa comunidade&#8221;. Por ora, n\u00e3o h\u00e1 previs\u00e3o de retorno presencial nas institui\u00e7\u00f5es.<\/p>\n<p><a href=\"https:\/\/vejasp.abril.com.br\/cidades\/\">LEIA MAIS<\/a><\/p>\n<ul>\n<li><a href=\"https:\/\/vejasp.abril.com.br\/cidades\/estado-sao-paulo-fase-amarela\/\">S\u00e3o Paulo: todo o estado regride para fase amarela um dia ap\u00f3s elei\u00e7\u00f5es<\/a><\/li>\n<li><a href=\"https:\/\/vejasp.abril.com.br\/cidades\/procon-apple-iphone-12-carregadores\/\">Procon-SP vai exigir que Apple venda Iphone 12 com carregadores<\/a><\/li>\n<li><a href=\"https:\/\/vejasp.abril.com.br\/cidades\/sao-paulo-100-quedas-arvores\/\">Mais de 115 \u00e1rvores j\u00e1 ca\u00edram nesta semana ap\u00f3s chuvas; uma mulher morreu<\/a><\/li>\n<\/ul>\n<div id=\"mais_lidas\" class=\"block related-posts mais-lidas\">\n<ul class=\"block-menu\">\n<li data-tab=\"tab-1\" class=\"active\">Mais lidas<\/li>\n<\/ul>\n<div id=\"tab-1\" class=\"block-content active\">\n<div class=\"row\">\n<div class=\"col-s-12 col-l-3\"><a href=\"https:\/\/vejasp.abril.com.br\/blog\/pop\/tom-veiga-louro-jose\/\" class=\"card\"><span class=\"category hide-s\">Cultura &amp; Lazer<\/span><img title = \"[Tags]\"data-src=\"https:\/\/vejasp.abril.com.br\/wp-content\/uploads\/2017\/09\/tom-veiga.png?w=680&amp;h=453&amp;crop=1\"alt = \"tom-veiga Ap\u00f3s cr\u00edticas, MEC desiste de volta \u00e0s aulas presenciais em universidades\" class=\"lazyload media\"><span class=\"category hide-l\">Cultura &amp; Lazer<\/span><span class=\"title\">V\u00eddeo in\u00e9dito mostra Tom Veiga interpretando Louro Jos\u00e9 sem fantoche<\/span><\/a><\/div>\n<div class=\"col-s-12 col-l-3\"><a href=\"https:\/\/vejasp.abril.com.br\/blog\/astrologia\/previsoes-para-todos-os-signos-de-30-11-a-6-12\/\" class=\"card\"><span class=\"category hide-s\">Cultura &amp; Lazer<\/span><img title = \"[Tags]\"data-src=\"https:\/\/vejasp.abril.com.br\/wp-content\/uploads\/2020\/11\/Ang\u00e9lica.jpg?quality=70&amp;strip=info&amp;w=680&amp;h=453&amp;crop=1\"alt = \"tom-veiga Ap\u00f3s cr\u00edticas, MEC desiste de volta \u00e0s aulas presenciais em universidades\" class=\"lazyload media\"><span class=\"category hide-l\">Cultura &amp; Lazer<\/span><span class=\"title\">Previs\u00f5es para todos os signos: de 30\/11 a 6\/12<\/span><\/a><\/div>\n<div class=\"col-s-12 col-l-3\"><a href=\"https:\/\/vejasp.abril.com.br\/blog\/terraco-paulistano\/paulistanos-se-unem-para-salvar-familia-de-venezuelanos-imigrantes\/\" class=\"card\"><span class=\"category hide-s\">Cidades<\/span><img title = \"[Tags]\"data-src=\"https:\/\/vejasp.abril.com.br\/wp-content\/uploads\/2020\/11\/Adolfo-e-fam\u00edlia-Henrique-Picarelli.jpg?quality=70&amp;strip=info&amp;crop=0px%2C0px%2C1412px%2C960px&amp;resize=680%2C453\"alt = \"tom-veiga Ap\u00f3s cr\u00edticas, MEC desiste de volta \u00e0s aulas presenciais em universidades\" class=\"lazyload media\"><span class=\"category hide-l\">Cidades<\/span><span class=\"title\">Paulistanos se unem para salvar fam\u00edlia de venezuelanos imigrantes<\/span><\/a><\/div>\n<div class=\"col-s-12 col-l-3\"><a href=\"https:\/\/vejasp.abril.com.br\/cidades\/aumento-do-pedagio-de-rodovias-paulistas-entra-em-vigor\/\" class=\"card\"><span class=\"category hide-s\">Cidades<\/span><img title = \"[Tags]\"data-src=\"https:\/\/vejasp.abril.com.br\/wp-content\/uploads\/2020\/12\/rodovia.jpg?quality=70&amp;strip=info&amp;w=680&amp;h=453&amp;crop=1\"alt = \"tom-veiga Ap\u00f3s cr\u00edticas, MEC desiste de volta \u00e0s aulas presenciais em universidades\" class=\"lazyload media\"><span class=\"category hide-l\">Cidades<\/span><span class=\"title\">Aumento do ped\u00e1gio de rodovias paulistas entra em vigor<\/span><\/a><\/div>\n<\/div>\n<\/div>\n<\/div>\n<div id=\"leia_mais\" class=\"block related-posts leia-mais\">\n<ul class=\"block-menu\">\n<li data-tab=\"tab-1\" class=\"active\">Leia mais<\/li>\n<\/ul>\n<div id=\"tab-1\" class=\"block-content active\">\n<div class=\"row\">\n<div class=\"col-s-12 col-l-3\"><a href=\"https:\/\/vejasp.abril.com.br\/cidades\/ladrao-doacao-de-cabelos-criancas\/\" class=\"card\"><span class=\"category hide-s\">Cidades<\/span><img title = \"[Tags]\"data-src=\"https:\/\/vejasp.abril.com.br\/wp-content\/uploads\/2020\/12\/doa\u00e7\u00e3o-de-cabelo-divulga\u00e7\u00e3o.jpg?quality=70&amp;strip=info&amp;w=680&amp;h=453&amp;crop=1\"alt = \"tom-veiga Ap\u00f3s cr\u00edticas, MEC desiste de volta \u00e0s aulas presenciais em universidades\" class=\"lazyload media\"><span class=\"category hide-l\">Cidades<\/span><span class=\"title\">Ladr\u00e3o se arrepende e devolve doa\u00e7\u00e3o de cabelos a crian\u00e7as com c\u00e2ncer<\/span><\/a><\/div>\n<div class=\"col-s-12 col-l-3\"><a href=\"https:\/\/vejasp.abril.com.br\/cidades\/sao-paulo-100-quedas-arvores\/\" class=\"card\"><span class=\"category hide-s\">Cidades<\/span><img title = \"[Tags]\"data-src=\"https:\/\/vejasp.abril.com.br\/wp-content\/uploads\/2020\/12\/queda-arvore-vila-mariana.jpg?quality=70&amp;strip=info&amp;w=680&amp;h=453&amp;crop=1\"alt = \"tom-veiga Ap\u00f3s cr\u00edticas, MEC desiste de volta \u00e0s aulas presenciais em universidades\" class=\"lazyload media\"><span class=\"category hide-l\">Cidades<\/span><span class=\"title\">Mais de 115 \u00e1rvores j\u00e1 ca\u00edram nesta semana ap\u00f3s chuvas; uma mulher morreu<\/span><\/a><\/div>\n<div class=\"col-s-12 col-l-3\"><a href=\"https:\/\/vejasp.abril.com.br\/cidades\/mec-volta-as-aulas-universidade\/\" class=\"card\"><span class=\"category hide-s\">Cidades<\/span><img title = \"[Tags]\"data-src=\"https:\/\/vejasp.abril.com.br\/wp-content\/uploads\/2020\/12\/10_07_2020_ministerio_educacao.jpg?quality=70&amp;strip=info&amp;w=680&amp;h=453&amp;crop=1\"alt = \"tom-veiga Ap\u00f3s cr\u00edticas, MEC desiste de volta \u00e0s aulas presenciais em universidades\" class=\"lazyload media\"><span class=\"category hide-l\">Cidades<\/span><span class=\"title\">MEC determina volta \u00e0s aulas presenciais em universidades federais em janeiro<\/span><\/a><\/div>\n<div class=\"col-s-12 col-l-3\"><a href=\"https:\/\/vejasp.abril.com.br\/cidades\/procon-apple-iphone-12-carregadores\/\" class=\"card\"><span class=\"category hide-s\">Cidades<\/span><img title = \"[Tags]\"data-src=\"https:\/\/vejasp.abril.com.br\/wp-content\/uploads\/2017\/06\/apple-iphone8-novidade-01.jpg?quality=70&amp;strip=info&amp;w=680&amp;h=453&amp;crop=1\"alt = \"tom-veiga Ap\u00f3s cr\u00edticas, MEC desiste de volta \u00e0s aulas presenciais em universidades\" class=\"lazyload media\"><span class=\"category hide-l\">Cidades<\/span><span class=\"title\">Procon-SP vai exigir que Apple venda Iphone 12 com carregadores<\/span><\/a><\/div>\n<\/div>\n<\/div>\n<\/div>\n<div class=\"ads post-ads\"><span class=\"title\">Continua ap\u00f3s a publicidade<\/span><\/p>\n<div id=\"abrAD_rectangle3\" class=\"abrAD\" data-ad-><\/div>\n<\/div>\n<p><br \/>\n<br \/><a href=\"https:\/\/vejasp.abril.com.br\/cidades\/mec-desiste-aulas-presenciais-universidades\/\">Fonte do Artigo <\/a><br \/>\nTags:<br \/>\n#loterias #loteriascaixa #megasena #resultadoapostas#noticias #noticiario  #noticia #brasil #noticiascolombia #mundo #esporte #colombia #noticiadeld #ltimasnoticias  #noticiario #noticiasregionales #noticiasdepartamentales #noticiashoy #esportes #noticiaahora #elinformantenoticias #noticiasdeboyac  #esporteinterativo #esportivo #diariodosesportes  #noticiero  #jogodefutebol #jogos #loto #apostas<\/p>\n","protected":false},"excerpt":{"rendered":"<p>O Minist\u00e9rio da Educa\u00e7\u00e3o (MEC) decidiu revogar a portaria que determinava a retomada das aulas presenciais para institui\u00e7\u00f5es federais de ensino superior a partir de 4 de janeiro de 2021. Uma nota oficial esclarecendo a situa\u00e7\u00e3o deve ser divulgada ainda nesta quarta (2).\u00a0A medida publicada no Di\u00e1rio Oficial da Uni\u00e3o de hoje foi recebida com [&hellip;]<\/p>\n","protected":false},"author":1,"featured_media":62837,"comment_status":"open","ping_status":"open","sticky":false,"template":"","format":"standard","meta":{"footnotes":""},"categories":[1],"tags":[],"class_list":["post-62854","post","type-post","status-publish","format-standard","has-post-thumbnail","hentry","category-curso-de-copy"],"_links":{"self":[{"href":"https:\/\/wiy.com.br\/noticias\/wp-json\/wp\/v2\/posts\/62854","targetHints":{"allow":["GET"]}}],"collection":[{"href":"https:\/\/wiy.com.br\/noticias\/wp-json\/wp\/v2\/posts"}],"about":[{"href":"https:\/\/wiy.com.br\/noticias\/wp-json\/wp\/v2\/types\/post"}],"author":[{"embeddable":true,"href":"https:\/\/wiy.com.br\/noticias\/wp-json\/wp\/v2\/users\/1"}],"replies":[{"embeddable":true,"href":"https:\/\/wiy.com.br\/noticias\/wp-json\/wp\/v2\/comments?post=62854"}],"version-history":[{"count":0,"href":"https:\/\/wiy.com.br\/noticias\/wp-json\/wp\/v2\/posts\/62854\/revisions"}],"wp:featuredmedia":[{"embeddable":true,"href":"https:\/\/wiy.com.br\/noticias\/wp-json\/wp\/v2\/media\/62837"}],"wp:attachment":[{"href":"https:\/\/wiy.com.br\/noticias\/wp-json\/wp\/v2\/media?parent=62854"}],"wp:term":[{"taxonomy":"category","embeddable":true,"href":"https:\/\/wiy.com.br\/noticias\/wp-json\/wp\/v2\/categories?post=62854"},{"taxonomy":"post_tag","embeddable":true,"href":"https:\/\/wiy.com.br\/noticias\/wp-json\/wp\/v2\/tags?post=62854"}],"curies":[{"name":"wp","href":"https:\/\/api.w.org\/{rel}","templated":true}]}}