{"id":62848,"date":"2023-02-26T15:30:23","date_gmt":"2023-02-26T18:30:23","guid":{"rendered":"https:\/\/wiy.com.br\/noticias\/ladrao-se-arrepende-e-devolve-doacao-de-cabelos-a-criancas-com-cancer\/"},"modified":"2020-12-02T16:21:14","modified_gmt":"2020-12-02T18:21:14","slug":"ladrao-se-arrepende-e-devolve-doacao-de-cabelos-a-criancas-com-cancer","status":"publish","type":"post","link":"https:\/\/wiy.com.br\/noticias\/ladrao-se-arrepende-e-devolve-doacao-de-cabelos-a-criancas-com-cancer\/","title":{"rendered":"Ladr\u00e3o se arrepende e devolve doa\u00e7\u00e3o de cabelos a crian\u00e7as com c\u00e2ncer"},"content":{"rendered":"<p> <br \/>\n<\/p>\n<p><span>Uma cabeleireira teve o carro furtado no \u00faltimo s\u00e1bado (28), em Porto Alegre, no Rio Grande do Sul. Junto com outros itens estava uma sacola com doa\u00e7\u00f5es de cabelo destinadas para confec\u00e7\u00e3o de perucas a crian\u00e7as com c\u00e2ncer. Uma reviravolta surpreendeu a profissional: na madrugada da \u00faltima ter\u00e7a-feira (1\u00b0), o ladr\u00e3o do ve\u00edculo devolveu o pacote com as mechas e escreveu um pedido de desculpas.<\/span><\/p>\n<p><span>Na Escola T\u00e9cnica em Sa\u00fade do Hospital de Cl\u00ednicas, um homem arremessou um saco com as doa\u00e7\u00f5es e um bilhete. Na mensagem, ele pede desculpas. \u201cPe\u00e7o desculpa pelo fato ocorrido. N\u00e3o sabia que era para crian\u00e7as com c\u00e2ncer. Entregar na recep\u00e7\u00e3o do Hospital de Cl\u00ednica\u201d, diz a carta.<\/span><\/p>\n<p><span>O pacote foi encontrado na manh\u00e3 desta quarta-feira (2), \u00e0s 8h, por funcion\u00e1rios da escola. Ele foi entregue \u00e0 per\u00edcia. C\u00e2meras de seguran\u00e7a flagraram o homem jogando a sacola por cima da grade da institui\u00e7\u00e3o, mas ele ainda n\u00e3o foi localizado.\u00a0<\/span><\/p>\n<p><strong>+<a href=\"https:\/\/abr.ai\/assine-vejasp\" target=\"_blank\" data-saferedirecturl=\"https:\/\/www.google.com\/url?q=https:\/\/abr.ai\/assine-vejasp&amp;source=gmail&amp;ust=1607017591045000&amp;usg=AFQjCNGzgze6QfwvRk2yntqhcjUVfOZ1Gg\" rel=\"noopener noreferrer\">Assine a Vejinha a partir de 5,90<\/a><\/strong><\/p>\n<div>\n<\/div>\n<div id=\"mais_lidas\" class=\"block related-posts mais-lidas\">\n<ul class=\"block-menu\">\n<li data-tab=\"tab-1\" class=\"active\">Mais lidas<\/li>\n<\/ul>\n<div id=\"tab-1\" class=\"block-content active\">\n<div class=\"row\">\n<div class=\"col-s-12 col-l-3\"><a href=\"https:\/\/vejasp.abril.com.br\/blog\/pop\/tom-veiga-louro-jose\/\" class=\"card\"><span class=\"category hide-s\">Cultura &amp; Lazer<\/span><img title = \"[Tags]\"data-src=\"https:\/\/vejasp.abril.com.br\/wp-content\/uploads\/2017\/09\/tom-veiga.png?w=680&amp;h=453&amp;crop=1\"alt = \"tom-veiga Ladr\u00e3o se arrepende e devolve doa\u00e7\u00e3o de cabelos a crian\u00e7as com c\u00e2ncer\" class=\"lazyload media\"><span class=\"category hide-l\">Cultura &amp; Lazer<\/span><span class=\"title\">V\u00eddeo in\u00e9dito mostra Tom Veiga interpretando Louro Jos\u00e9 sem fantoche<\/span><\/a><\/div>\n<div class=\"col-s-12 col-l-3\"><a href=\"https:\/\/vejasp.abril.com.br\/blog\/astrologia\/previsoes-para-todos-os-signos-de-30-11-a-6-12\/\" class=\"card\"><span class=\"category hide-s\">Cultura &amp; Lazer<\/span><img title = \"[Tags]\"data-src=\"https:\/\/vejasp.abril.com.br\/wp-content\/uploads\/2020\/11\/Ang\u00e9lica.jpg?quality=70&amp;strip=info&amp;w=680&amp;h=453&amp;crop=1\"alt = \"tom-veiga Ladr\u00e3o se arrepende e devolve doa\u00e7\u00e3o de cabelos a crian\u00e7as com c\u00e2ncer\" class=\"lazyload media\"><span class=\"category hide-l\">Cultura &amp; Lazer<\/span><span class=\"title\">Previs\u00f5es para todos os signos: de 30\/11 a 6\/12<\/span><\/a><\/div>\n<div class=\"col-s-12 col-l-3\"><a href=\"https:\/\/vejasp.abril.com.br\/blog\/terraco-paulistano\/paulistanos-se-unem-para-salvar-familia-de-venezuelanos-imigrantes\/\" class=\"card\"><span class=\"category hide-s\">Cidades<\/span><img title = \"[Tags]\"data-src=\"https:\/\/vejasp.abril.com.br\/wp-content\/uploads\/2020\/11\/Adolfo-e-fam\u00edlia-Henrique-Picarelli.jpg?quality=70&amp;strip=info&amp;crop=0px%2C0px%2C1412px%2C960px&amp;resize=680%2C453\"alt = \"tom-veiga Ladr\u00e3o se arrepende e devolve doa\u00e7\u00e3o de cabelos a crian\u00e7as com c\u00e2ncer\" class=\"lazyload media\"><span class=\"category hide-l\">Cidades<\/span><span class=\"title\">Paulistanos se unem para salvar fam\u00edlia de venezuelanos imigrantes<\/span><\/a><\/div>\n<div class=\"col-s-12 col-l-3\"><a href=\"https:\/\/vejasp.abril.com.br\/cidades\/aumento-do-pedagio-de-rodovias-paulistas-entra-em-vigor\/\" class=\"card\"><span class=\"category hide-s\">Cidades<\/span><img title = \"[Tags]\"data-src=\"https:\/\/vejasp.abril.com.br\/wp-content\/uploads\/2020\/12\/rodovia.jpg?quality=70&amp;strip=info&amp;w=680&amp;h=453&amp;crop=1\"alt = \"tom-veiga Ladr\u00e3o se arrepende e devolve doa\u00e7\u00e3o de cabelos a crian\u00e7as com c\u00e2ncer\" class=\"lazyload media\"><span class=\"category hide-l\">Cidades<\/span><span class=\"title\">Aumento do ped\u00e1gio de rodovias paulistas entra em vigor<\/span><\/a><\/div>\n<\/div>\n<\/div>\n<\/div>\n<div id=\"leia_mais\" class=\"block related-posts leia-mais\">\n<ul class=\"block-menu\">\n<li data-tab=\"tab-1\" class=\"active\">Leia mais<\/li>\n<\/ul>\n<div id=\"tab-1\" class=\"block-content active\">\n<div class=\"row\">\n<div class=\"col-s-12 col-l-3\"><a href=\"https:\/\/vejasp.abril.com.br\/cidades\/sao-paulo-100-quedas-arvores\/\" class=\"card\"><span class=\"category hide-s\">Cidades<\/span><img title = \"[Tags]\"data-src=\"https:\/\/vejasp.abril.com.br\/wp-content\/uploads\/2020\/12\/queda-arvore-vila-mariana.jpg?quality=70&amp;strip=info&amp;w=680&amp;h=453&amp;crop=1\"alt = \"tom-veiga Ladr\u00e3o se arrepende e devolve doa\u00e7\u00e3o de cabelos a crian\u00e7as com c\u00e2ncer\" class=\"lazyload media\"><span class=\"category hide-l\">Cidades<\/span><span class=\"title\">Mais de 115 \u00e1rvores j\u00e1 ca\u00edram nesta semana ap\u00f3s chuvas; uma mulher morreu<\/span><\/a><\/div>\n<div class=\"col-s-12 col-l-3\"><a href=\"https:\/\/vejasp.abril.com.br\/cidades\/mec-volta-as-aulas-universidade\/\" class=\"card\"><span class=\"category hide-s\">Cidades<\/span><img title = \"[Tags]\"data-src=\"https:\/\/vejasp.abril.com.br\/wp-content\/uploads\/2020\/12\/10_07_2020_ministerio_educacao.jpg?quality=70&amp;strip=info&amp;w=680&amp;h=453&amp;crop=1\"alt = \"tom-veiga Ladr\u00e3o se arrepende e devolve doa\u00e7\u00e3o de cabelos a crian\u00e7as com c\u00e2ncer\" class=\"lazyload media\"><span class=\"category hide-l\">Cidades<\/span><span class=\"title\">MEC determina volta \u00e0s aulas presenciais em universidades federais em janeiro<\/span><\/a><\/div>\n<div class=\"col-s-12 col-l-3\"><a href=\"https:\/\/vejasp.abril.com.br\/cidades\/procon-apple-iphone-12-carregadores\/\" class=\"card\"><span class=\"category hide-s\">Cidades<\/span><img title = \"[Tags]\"data-src=\"https:\/\/vejasp.abril.com.br\/wp-content\/uploads\/2017\/06\/apple-iphone8-novidade-01.jpg?quality=70&amp;strip=info&amp;w=680&amp;h=453&amp;crop=1\"alt = \"tom-veiga Ladr\u00e3o se arrepende e devolve doa\u00e7\u00e3o de cabelos a crian\u00e7as com c\u00e2ncer\" class=\"lazyload media\"><span class=\"category hide-l\">Cidades<\/span><span class=\"title\">Procon-SP vai exigir que Apple venda Iphone 12 com carregadores<\/span><\/a><\/div>\n<div class=\"col-s-12 col-l-3\"><a href=\"https:\/\/vejasp.abril.com.br\/cidades\/borat-bruno-miranda-baleado\/\" class=\"card\"><span class=\"category hide-s\">Cidades<\/span><img title = \"[Tags]\"data-src=\"https:\/\/vejasp.abril.com.br\/wp-content\/uploads\/2020\/12\/Design-sem-nome-13.png?w=680&amp;h=453&amp;crop=1\"alt = \"tom-veiga Ladr\u00e3o se arrepende e devolve doa\u00e7\u00e3o de cabelos a crian\u00e7as com c\u00e2ncer\" class=\"lazyload media\"><span class=\"category hide-l\">Cidades<\/span><span class=\"title\">Ap\u00f3s ser baleado, Borat de &#039;Amor e Sexo&#039; d\u00e1 os primeiros passos<\/span><\/a><\/div>\n<\/div>\n<\/div>\n<\/div>\n<div class=\"ads post-ads\"><span class=\"title\">Continua ap\u00f3s a publicidade<\/span><\/p>\n<div id=\"abrAD_rectangle3\" class=\"abrAD\" data-ad-><\/div>\n<\/div>\n<p><br \/>\n<br \/><a href=\"https:\/\/vejasp.abril.com.br\/cidades\/ladrao-doacao-de-cabelos-criancas\/\">Fonte do Artigo <\/a><br \/>\nTags:<br \/>\n#loterias #loteriascaixa #megasena #resultadoapostas#noticias #noticiario  #noticia #brasil #noticiascolombia #mundo #esporte #colombia #noticiadeld #ltimasnoticias  #noticiario #noticiasregionales #noticiasdepartamentales #noticiashoy #esportes #noticiaahora #elinformantenoticias #noticiasdeboyac  #esporteinterativo #esportivo #diariodosesportes  #noticiero  #jogodefutebol #jogos #loto #apostas<\/p>\n","protected":false},"excerpt":{"rendered":"<p>Uma cabeleireira teve o carro furtado no \u00faltimo s\u00e1bado (28), em Porto Alegre, no Rio Grande do Sul. Junto com outros itens estava uma sacola com doa\u00e7\u00f5es de cabelo destinadas para confec\u00e7\u00e3o de perucas a crian\u00e7as com c\u00e2ncer. Uma reviravolta surpreendeu a profissional: na madrugada da \u00faltima ter\u00e7a-feira (1\u00b0), o ladr\u00e3o do ve\u00edculo devolveu o [&hellip;]<\/p>\n","protected":false},"author":1,"featured_media":62849,"comment_status":"open","ping_status":"open","sticky":false,"template":"","format":"standard","meta":{"footnotes":""},"categories":[1],"tags":[],"class_list":["post-62848","post","type-post","status-publish","format-standard","has-post-thumbnail","hentry","category-curso-de-copy"],"_links":{"self":[{"href":"https:\/\/wiy.com.br\/noticias\/wp-json\/wp\/v2\/posts\/62848","targetHints":{"allow":["GET"]}}],"collection":[{"href":"https:\/\/wiy.com.br\/noticias\/wp-json\/wp\/v2\/posts"}],"about":[{"href":"https:\/\/wiy.com.br\/noticias\/wp-json\/wp\/v2\/types\/post"}],"author":[{"embeddable":true,"href":"https:\/\/wiy.com.br\/noticias\/wp-json\/wp\/v2\/users\/1"}],"replies":[{"embeddable":true,"href":"https:\/\/wiy.com.br\/noticias\/wp-json\/wp\/v2\/comments?post=62848"}],"version-history":[{"count":0,"href":"https:\/\/wiy.com.br\/noticias\/wp-json\/wp\/v2\/posts\/62848\/revisions"}],"wp:featuredmedia":[{"embeddable":true,"href":"https:\/\/wiy.com.br\/noticias\/wp-json\/wp\/v2\/media\/62849"}],"wp:attachment":[{"href":"https:\/\/wiy.com.br\/noticias\/wp-json\/wp\/v2\/media?parent=62848"}],"wp:term":[{"taxonomy":"category","embeddable":true,"href":"https:\/\/wiy.com.br\/noticias\/wp-json\/wp\/v2\/categories?post=62848"},{"taxonomy":"post_tag","embeddable":true,"href":"https:\/\/wiy.com.br\/noticias\/wp-json\/wp\/v2\/tags?post=62848"}],"curies":[{"name":"wp","href":"https:\/\/api.w.org\/{rel}","templated":true}]}}