{"id":62784,"date":"2023-02-26T15:06:52","date_gmt":"2023-02-26T18:06:52","guid":{"rendered":"https:\/\/wiy.com.br\/noticias\/nicette-bruno-apresenta-piora-e-e-entubada-com-covid-19\/"},"modified":"2020-12-01T15:57:09","modified_gmt":"2020-12-01T17:57:09","slug":"nicette-bruno-apresenta-piora-e-e-entubada-com-covid-19","status":"publish","type":"post","link":"https:\/\/wiy.com.br\/noticias\/nicette-bruno-apresenta-piora-e-e-entubada-com-covid-19\/","title":{"rendered":"Nicette Bruno apresenta piora e \u00e9 entubada com Covid-19"},"content":{"rendered":"<p> <br \/>\n<\/p>\n<div class=\"mc-column content-text active-extra-styles \" data-block-type=\"unstyled\" data-block-weight=\"43\" data-block-id=\"2\">\n<p data-track-category=\"Link no Texto\" data-track-links=\"\"><a href=\"https:\/\/vejasp.abril.com.br\/cidades\/nicette-bruno-internada-covid-19\/\"><strong>Nicette Bruno<\/strong><\/a>, internada com a Covid-19, apresentou piora no quadro de sa\u00fade e teve de ser entubada. As informa\u00e7\u00f5es foram dadas pela filha dela, Beth Goulart, em v\u00eddeo publicado nas redes sociais.<\/p>\n<\/div>\n<div class=\"wall protected-content\">\n<div class=\"mc-column content-text active-extra-styles \" data-block-type=\"unstyled\" data-block-weight=\"49\" data-block-id=\"3\">\n<p data-track-category=\"Link no Texto\" data-track-links=\"\">&#8220;Vim dar not\u00edcias da minha m\u00e3e. Ontem ela teve uma ligeira piora. Ent\u00e3o foi necess\u00e1rio sedar, entubar, mas tenho muita f\u00e9. Essa doen\u00e7a \u00e9 assim mesmo. \u00c9 uma luta e vamos vencer essa luta. Ela est\u00e1 sedada, n\u00e3o est\u00e1 sentindo nada e ela vai vencer essa luta&#8221;, afirmou Beth.<\/p>\n<\/div>\n<div class=\"mc-column content-text active-extra-styles \" data-block-type=\"unstyled\" data-block-weight=\"30\" data-block-id=\"4\">\n<p data-track-category=\"Link no Texto\" data-track-links=\"\">A atriz pediu tamb\u00e9m que f\u00e3s fa\u00e7am uma corrente de ora\u00e7\u00f5es di\u00e1rias. &#8220;Vamos rezar todos os dias at\u00e9 ela estar recuperada, com sa\u00fade, com sua energia e alegria.&#8221;<\/p>\n<\/div>\n<div class=\"mc-column content-text active-extra-styles \" data-block-type=\"unstyled\" data-block-weight=\"15\" data-block-id=\"5\">\n<blockquote class=\"instagram-media\" data-instgrm-captioned data-instgrm-permalink=\"https:\/\/www.instagram.com\/p\/CIQfmOLhN5w\/?utm_source=ig_embed&amp;utm_campaign=loading\" data-instgrm-version=\"13\">\n<div> <a href=\"https:\/\/www.instagram.com\/p\/CIQfmOLhN5w\/?utm_source=ig_embed&amp;utm_campaign=loading\" target=\"_blank\" rel=\"noopener noreferrer\"> <\/p>\n<div>\n<div><\/div>\n<div>\n<div><\/div>\n<div><\/div>\n<\/div>\n<\/div>\n<div><\/div>\n<div><\/div>\n<div>\n<div> View this post on Instagram<\/div>\n<\/div>\n<div><\/div>\n<div>\n<div>\n<div><\/div>\n<div><\/div>\n<div><\/div>\n<\/div>\n<div>\n<div><\/div>\n<div><\/div>\n<\/div>\n<div>\n<div><\/div>\n<div><\/div>\n<div><\/div>\n<\/div>\n<\/div>\n<div>\n<div><\/div>\n<div><\/div>\n<\/div>\n<p><\/a><\/p>\n<p><a href=\"https:\/\/www.instagram.com\/p\/CIQfmOLhN5w\/?utm_source=ig_embed&amp;utm_campaign=loading\" target=\"_blank\" rel=\"noopener noreferrer\">A post shared by Beth Goulart Oficial (@bethgoulartoficial)<\/a><\/p>\n<\/div>\n<\/blockquote>\n<\/div>\n<div class=\"mc-column\" data-block-type=\"embed-social-instagram\" data-block-id=\"7\">\n<\/div>\n<\/div>\n<div id=\"mais_lidas\" class=\"block related-posts mais-lidas\">\n<ul class=\"block-menu\">\n<li data-tab=\"tab-1\" class=\"active\">Mais lidas<\/li>\n<\/ul>\n<div id=\"tab-1\" class=\"block-content active\">\n<div class=\"row\">\n<div class=\"col-s-12 col-l-3\"><a href=\"https:\/\/vejasp.abril.com.br\/blog\/astrologia\/previsoes-para-todos-os-signos-de-30-11-a-6-12\/\" class=\"card\"><span class=\"category hide-s\">Cultura &amp; Lazer<\/span><img title = \"[Tags]\"data-src=\"https:\/\/vejasp.abril.com.br\/wp-content\/uploads\/2020\/11\/Ang\u00e9lica.jpg?quality=70&amp;strip=info&amp;w=680&amp;h=453&amp;crop=1\"alt = \"Ang\u00e9lica Nicette Bruno apresenta piora e \u00e9 entubada com Covid-19\" class=\"lazyload media\"><span class=\"category hide-l\">Cultura &amp; Lazer<\/span><span class=\"title\">Previs\u00f5es para todos os signos: de 30\/11 a 6\/12<\/span><\/a><\/div>\n<div class=\"col-s-12 col-l-3\"><a href=\"https:\/\/vejasp.abril.com.br\/cidades\/estado-sao-paulo-fase-amarela\/\" class=\"card\"><span class=\"category hide-s\">Cidades<\/span><img title = \"[Tags]\"data-src=\"https:\/\/vejasp.abril.com.br\/wp-content\/uploads\/2020\/05\/joao-doria-lockdown-04.jpg?quality=70&amp;strip=info&amp;w=600&amp;h=350&amp;crop=1\"alt = \"Ang\u00e9lica Nicette Bruno apresenta piora e \u00e9 entubada com Covid-19\" class=\"lazyload media\"><span class=\"category hide-l\">Cidades<\/span><span class=\"title\">S\u00e3o Paulo: todo o estado regride para fase amarela um dia ap\u00f3s elei\u00e7\u00f5es<\/span><\/a><\/div>\n<div class=\"col-s-12 col-l-3\"><a href=\"https:\/\/vejasp.abril.com.br\/cidades\/santos-no-litoral-volta-a-fazer-barreiras-sanitarias\/\" class=\"card\"><span class=\"category hide-s\">Cidades<\/span><img title = \"[Tags]\"data-src=\"https:\/\/vejasp.abril.com.br\/wp-content\/uploads\/2020\/09\/Divulga\u00e7\u00e3o-Prefeitura-de-Santos.jpg?quality=70&amp;strip=info&amp;w=680&amp;h=391&amp;crop=1\"alt = \"Ang\u00e9lica Nicette Bruno apresenta piora e \u00e9 entubada com Covid-19\" class=\"lazyload media\"><span class=\"category hide-l\">Cidades<\/span><span class=\"title\">Santos, no litoral, volta a fazer barreiras sanit\u00e1rias<\/span><\/a><\/div>\n<div class=\"col-s-12 col-l-3\"><a href=\"https:\/\/vejasp.abril.com.br\/blog\/poder-sp\/danilo-gentili-compara-derrota-de-boulos-a-swing-com-marquito\/\" class=\"card\"><span class=\"category hide-s\">Cidades<\/span><img title = \"[Tags]\"data-src=\"https:\/\/vejasp.abril.com.br\/wp-content\/uploads\/2019\/07\/danilo-gentili_1.png?w=680&amp;h=453&amp;crop=1\"alt = \"Ang\u00e9lica Nicette Bruno apresenta piora e \u00e9 entubada com Covid-19\" class=\"lazyload media\"><span class=\"category hide-l\">Cidades<\/span><span class=\"title\">Danilo Gentili compara derrota de Boulos a swing com Marquito<\/span><\/a><\/div>\n<\/div>\n<\/div>\n<\/div>\n<div id=\"leia_mais\" class=\"block related-posts leia-mais\">\n<ul class=\"block-menu\">\n<li data-tab=\"tab-1\" class=\"active\">Leia mais<\/li>\n<\/ul>\n<div id=\"tab-1\" class=\"block-content active\">\n<div class=\"row\">\n<div class=\"col-s-12 col-l-3\"><a href=\"https:\/\/vejasp.abril.com.br\/cidades\/morte-jovens-paraisopolis-1-ano\/\" class=\"card\"><span class=\"category hide-s\">Cidades<\/span><img title = \"[Tags]\"data-src=\"https:\/\/vejasp.abril.com.br\/wp-content\/uploads\/2020\/01\/image00006.jpeg.jpg?quality=70&amp;strip=info&amp;w=680&amp;h=453&amp;crop=1\"alt = \"Ang\u00e9lica Nicette Bruno apresenta piora e \u00e9 entubada com Covid-19\" class=\"lazyload media\"><span class=\"category hide-l\">Cidades<\/span><span class=\"title\">Um ano depois, fam\u00edlias ainda buscam justi\u00e7a por mortes de jovens em Parais\u00f3polis<\/span><\/a><\/div>\n<div class=\"col-s-12 col-l-3\"><a href=\"https:\/\/vejasp.abril.com.br\/cidades\/aumento-do-pedagio-de-rodovias-paulistas-entra-em-vigor\/\" class=\"card\"><span class=\"category hide-s\">Cidades<\/span><img title = \"[Tags]\"data-src=\"https:\/\/vejasp.abril.com.br\/wp-content\/uploads\/2020\/12\/rodovia.jpg?quality=70&amp;strip=info&amp;w=680&amp;h=453&amp;crop=1\"alt = \"Ang\u00e9lica Nicette Bruno apresenta piora e \u00e9 entubada com Covid-19\" class=\"lazyload media\"><span class=\"category hide-l\">Cidades<\/span><span class=\"title\">Aumento do ped\u00e1gio de rodovias paulistas entra em vigor<\/span><\/a><\/div>\n<div class=\"col-s-12 col-l-3\"><a href=\"https:\/\/vejasp.abril.com.br\/cidades\/fenomeno-astronomico-dezembro\/\" class=\"card\"><span class=\"category hide-s\">Cidades<\/span><img title = \"[Tags]\"data-src=\"https:\/\/vejasp.abril.com.br\/wp-content\/uploads\/2020\/12\/2018-07-17t160035z_1346715015_rc182c0e64a0_rtrmadp_3_space-jupiter_0.jpg?quality=70&amp;strip=info&amp;w=680&amp;h=453&amp;crop=1\"alt = \"Ang\u00e9lica Nicette Bruno apresenta piora e \u00e9 entubada com Covid-19\" class=\"lazyload media\"><span class=\"category hide-l\">Cidades<\/span><span class=\"title\">Dezembro ter\u00e1 fen\u00f4meno astron\u00f4mico que n\u00e3o ocorre desde a Idade M\u00e9dia<\/span><\/a><\/div>\n<div class=\"col-s-12 col-l-3\"><a href=\"https:\/\/vejasp.abril.com.br\/cidades\/claudia-rodrigues-internacao\/\" class=\"card\"><span class=\"category hide-s\">Cidades<\/span><img title = \"[Tags]\"data-src=\"https:\/\/vejasp.abril.com.br\/wp-content\/uploads\/2016\/12\/claudiarodrigues2.jpg?quality=70&amp;strip=info&amp;w=600&amp;h=450&amp;crop=1\"alt = \"Ang\u00e9lica Nicette Bruno apresenta piora e \u00e9 entubada com Covid-19\" class=\"lazyload media\"><span class=\"category hide-l\">Cidades<\/span><span class=\"title\">Claudia Rodrigues volta a ser internada em S\u00e3o Paulo<\/span><\/a><\/div>\n<\/div>\n<\/div>\n<\/div>\n<div class=\"ads post-ads\"><span class=\"title\">Continua ap\u00f3s a publicidade<\/span><\/p>\n<div id=\"abrAD_rectangle3\" class=\"abrAD\" data-ad-><\/div>\n<\/div>\n<p><script async defer src=\"http:\/\/platform.instagram.com\/en_US\/embeds.js\"><\/script><br \/>\n<br \/><br \/>\n<br \/><a href=\"https:\/\/vejasp.abril.com.br\/cidades\/nicette-bruno-entubada-covid\/\">Fonte do Artigo <\/a><br \/>\nTags:<br \/>\n#loterias #loteriascaixa #megasena #resultadoapostas#noticias #noticiario  #noticia #brasil #noticiascolombia #mundo #esporte #colombia #noticiadeld #ltimasnoticias  #noticiario #noticiasregionales #noticiasdepartamentales #noticiashoy #esportes #noticiaahora #elinformantenoticias #noticiasdeboyac  #esporteinterativo #esportivo #diariodosesportes  #noticiero  #jogodefutebol #jogos #loto #apostas<\/p>\n","protected":false},"excerpt":{"rendered":"<p>Nicette Bruno, internada com a Covid-19, apresentou piora no quadro de sa\u00fade e teve de ser entubada. As informa\u00e7\u00f5es foram dadas pela filha dela, Beth Goulart, em v\u00eddeo publicado nas redes sociais. &#8220;Vim dar not\u00edcias da minha m\u00e3e. Ontem ela teve uma ligeira piora. Ent\u00e3o foi necess\u00e1rio sedar, entubar, mas tenho muita f\u00e9. Essa doen\u00e7a [&hellip;]<\/p>\n","protected":false},"author":1,"featured_media":62785,"comment_status":"open","ping_status":"open","sticky":false,"template":"","format":"standard","meta":{"footnotes":""},"categories":[1],"tags":[],"class_list":["post-62784","post","type-post","status-publish","format-standard","has-post-thumbnail","hentry","category-curso-de-copy"],"_links":{"self":[{"href":"https:\/\/wiy.com.br\/noticias\/wp-json\/wp\/v2\/posts\/62784","targetHints":{"allow":["GET"]}}],"collection":[{"href":"https:\/\/wiy.com.br\/noticias\/wp-json\/wp\/v2\/posts"}],"about":[{"href":"https:\/\/wiy.com.br\/noticias\/wp-json\/wp\/v2\/types\/post"}],"author":[{"embeddable":true,"href":"https:\/\/wiy.com.br\/noticias\/wp-json\/wp\/v2\/users\/1"}],"replies":[{"embeddable":true,"href":"https:\/\/wiy.com.br\/noticias\/wp-json\/wp\/v2\/comments?post=62784"}],"version-history":[{"count":0,"href":"https:\/\/wiy.com.br\/noticias\/wp-json\/wp\/v2\/posts\/62784\/revisions"}],"wp:featuredmedia":[{"embeddable":true,"href":"https:\/\/wiy.com.br\/noticias\/wp-json\/wp\/v2\/media\/62785"}],"wp:attachment":[{"href":"https:\/\/wiy.com.br\/noticias\/wp-json\/wp\/v2\/media?parent=62784"}],"wp:term":[{"taxonomy":"category","embeddable":true,"href":"https:\/\/wiy.com.br\/noticias\/wp-json\/wp\/v2\/categories?post=62784"},{"taxonomy":"post_tag","embeddable":true,"href":"https:\/\/wiy.com.br\/noticias\/wp-json\/wp\/v2\/tags?post=62784"}],"curies":[{"name":"wp","href":"https:\/\/api.w.org\/{rel}","templated":true}]}}