{"id":62702,"date":"2023-02-26T15:18:19","date_gmt":"2023-02-26T18:18:19","guid":{"rendered":"https:\/\/wiy.com.br\/noticias\/no-discurso-da-vitoria-covas-faz-deferencia-ao-vice\/"},"modified":"2020-11-29T22:11:23","modified_gmt":"2020-11-30T00:11:23","slug":"no-discurso-da-vitoria-covas-faz-deferencia-ao-vice","status":"publish","type":"post","link":"https:\/\/wiy.com.br\/noticias\/no-discurso-da-vitoria-covas-faz-deferencia-ao-vice\/","title":{"rendered":"No discurso da vit\u00f3ria, Covas faz defer\u00eancia ao vice"},"content":{"rendered":"<p> <br \/>\n<\/p>\n<p>No primeiro discurso ap\u00f3s a vit\u00f3ria, o prefeito <a href=\"https:\/\/vejasp.abril.com.br\/blog\/poder-sp\/bruno-covas-e-reeleito-prefeito-de-sao-paulo\/\"><strong>Bruno Covas<\/strong><\/a>, eleito com 3,1 milh\u00f5es de votos, disse que vai governar tamb\u00e9m para os mais de 2 milh\u00f5es de eleitores que escolheram<a href=\"https:\/\/vejasp.abril.com.br\/blog\/poder-sp\/guilherme-boulos-se-pronuncia-sobre-a-vitoria-de-covas\/\"><strong> Guilherme Boulos<\/strong><\/a> (PSOL). &#8220;As urnas falaram e agora come\u00e7a o grande desafio de enfrentar essa crise que S\u00e3o Paulo, o Brasil e o mundo precisam encarar. Agrade\u00e7o ao meu advers\u00e1rio. Fizemos um bom combate. E queria me dirigir a todos aqueles que acreditaram nele e depositaram seu voto de confian\u00e7a nele. Vamos governar para todos. N\u00e3o tem distrito azul ou vermelho. O que existe \u00e9 a cidade de S\u00e3o Paulo&#8221;.<\/p>\n<p>O tucano falou tamb\u00e9m que o tom ameno usado na campanha ser\u00e1 o mesmo dos pr\u00f3ximos quatro anos. &#8220;As urnas falaram. Eu saberei ouvir o recado das urnas. S\u00e3o Paulo, voc\u00ea pode contar comigo. Agora \u00e9 agradecer a confian\u00e7a, agradecer a todos que confiram na nossa proposta. Agora \u00e9 o desafio de transformar a esperan\u00e7a em realidade. E o trabalho come\u00e7a amanh\u00e3. S\u00e3o Paulo falou que n\u00e3o quer divis\u00f5es. S\u00e3o Paulo n\u00e3o quer o confronto. Meu av\u00f4 dizia que \u00e9 poss\u00edvel conciliar pol\u00edtica e \u00e9tica, pol\u00edtica e honra, politica e mudan\u00e7a. Eu agora eu acrescento: \u00e9 poss\u00edvel fazer pol\u00edtica sem \u00f3dio.<\/p>\n<p>Logo depois, Covas fez quest\u00e3o de enaltecer a presen\u00e7a de seu vice, <a href=\"https:\/\/vejasp.abril.com.br\/cidades\/ricardo-nunes-bruno-covas-vice-eleicoes2020\/\"><strong>Ricardo Nunes<\/strong><\/a> (MDB), que passou a maior parte da campanha precisando se explicar de den\u00fancias de viol\u00eancia dom\u00e9stica e de favorecimento a entidades conveniadas com a prefeitura. &#8220;O meu vice sofreu muito. Por isso, esteja certo: a partir de primeiro de janeiro, vamos governar juntos e mostrar quem n\u00f3s somos e qual a nossa vis\u00e3o de mundo. Tenho certeza de que todo sacrif\u00edcio vai valer \u00e0 pena. Muito obrigado, Ricardo&#8221;.<\/p>\n<p>Antes de Bruno, foi a vez do governador <a href=\"https:\/\/vejasp.abril.com.br\/tudo-sobre\/joao-doria\/\"><strong>Jo\u00e3o Doria<\/strong><\/a> pegar o microfone e enaltecer as alian\u00e7as. &#8220;Nos \u00faltimos quatro anos, \u00e9 a terceira elei\u00e7\u00e3o que ganhamos. Com alian\u00e7as, partidos, parceiros, amigos, construindo sem agredir, ao contr\u00e1rio, somando, agregando e valorizando o que h\u00e1 de melhor&#8221;.<\/p>\n<p><b>+<\/b><a href=\"https:\/\/abr.ai\/assine-vejasp\"><b>Assine a Vejinha a partir de 5,90<\/b><\/a><b>.<\/b><\/p>\n<div id=\"relacionadas\" class=\"block related-posts three_columns\">\n<ul class=\"block-menu\">\n<li data-tab=\"tab-1\" class=\"active\">Relacionadas<\/li>\n<\/ul>\n<div id=\"tab-1\" class=\"block-content active\">\n<div class=\"row\">\n<li class=\"widget-news-item without-thumb with-border\">\n<div class=\"widget-news-info\"><a href=\"http:\/\/vejasp.abril.com.br\/cidades\">Cidades<\/a><span class=\"widget-news-item-title\"><a href=\"https:\/\/vejasp.abril.com.br\/cidades\/capa-debate-covas-boulos\/\">Boulos e Covas trocam perguntas duras e bem espec\u00edficas sobre a cidade<\/a><\/span><span class=\"widget-news-item-date\">27 nov 2020 &#8211; 06h11<\/span><\/div>\n<\/li>\n<\/div>\n<\/div>\n<\/div>\n<div id=\"mais_lidas\" class=\"block related-posts mais-lidas\">\n<ul class=\"block-menu\">\n<li data-tab=\"tab-1\" class=\"active\">Mais lidas<\/li>\n<\/ul>\n<div id=\"tab-1\" class=\"block-content active\">\n<div class=\"row\">\n<div class=\"col-s-12 col-l-3\"><a href=\"https:\/\/vejasp.abril.com.br\/cultura-lazer\/pessoas-nao-aceitam-mulher-dois-homens\/\" class=\"card\"><span class=\"category hide-s\">Cultura &amp; Lazer<\/span><img title = \"[Tags]\"data-src=\"https:\/\/vejasp.abril.com.br\/wp-content\/uploads\/2020\/11\/Capa-Trisal-nosso-louco-amor.jpg?quality=70&amp;strip=info&amp;crop=0px%2C72px%2C667px%2C454px&amp;resize=680%2C453\"alt = \"Capa-Trisal-nosso-louco-amor No discurso da vit\u00f3ria, Covas faz defer\u00eancia ao vice\" class=\"lazyload media\"><span class=\"category hide-l\">Cultura &amp; Lazer<\/span><span class=\"title\">\u201cAs pessoas n\u00e3o aceitam uma mulher com dois homens\u201d<\/span><\/a><\/div>\n<div class=\"col-s-12 col-l-3\"><a href=\"https:\/\/vejasp.abril.com.br\/blog\/arte-ao-redor\/exposicao-van-gogh-mis-experience\/\" class=\"card\"><span class=\"category hide-s\">Cultura &amp; Lazer<\/span><img title = \"[Tags]\"data-src=\"https:\/\/vejasp.abril.com.br\/wp-content\/uploads\/2020\/11\/image.jpg?quality=70&amp;strip=info&amp;w=680&amp;h=453&amp;crop=1\"alt = \"Capa-Trisal-nosso-louco-amor No discurso da vit\u00f3ria, Covas faz defer\u00eancia ao vice\" class=\"lazyload media\"><span class=\"category hide-l\">Cultura &amp; Lazer<\/span><span class=\"title\">Exposi\u00e7\u00e3o sobre Van Gogh que rodou o mundo vir\u00e1 para o MIS Experience<\/span><\/a><\/div>\n<div class=\"col-s-12 col-l-3\"><a href=\"https:\/\/vejasp.abril.com.br\/cidades\/santos-no-litoral-volta-a-fazer-barreiras-sanitarias\/\" class=\"card\"><span class=\"category hide-s\">Cidades<\/span><img title = \"[Tags]\"data-src=\"https:\/\/vejasp.abril.com.br\/wp-content\/uploads\/2020\/09\/Divulga\u00e7\u00e3o-Prefeitura-de-Santos.jpg?quality=70&amp;strip=info&amp;w=680&amp;h=391&amp;crop=1\"alt = \"Capa-Trisal-nosso-louco-amor No discurso da vit\u00f3ria, Covas faz defer\u00eancia ao vice\" class=\"lazyload media\"><span class=\"category hide-l\">Cidades<\/span><span class=\"title\">Santos, no litoral, volta a fazer barreiras sanit\u00e1rias<\/span><\/a><\/div>\n<div class=\"col-s-12 col-l-3\"><a href=\"https:\/\/vejasp.abril.com.br\/blog\/terraco-paulistano\/paulistanos-se-unem-para-salvar-familia-de-venezuelanos-imigrantes\/\" class=\"card\"><span class=\"category hide-s\">Cidades<\/span><img title = \"[Tags]\"data-src=\"https:\/\/vejasp.abril.com.br\/wp-content\/uploads\/2020\/11\/Adolfo-e-fam\u00edlia-Henrique-Picarelli.jpg?quality=70&amp;strip=info&amp;crop=0px%2C0px%2C1412px%2C960px&amp;resize=680%2C453\"alt = \"Capa-Trisal-nosso-louco-amor No discurso da vit\u00f3ria, Covas faz defer\u00eancia ao vice\" class=\"lazyload media\"><span class=\"category hide-l\">Cidades<\/span><span class=\"title\">Paulistanos se unem para salvar fam\u00edlia de venezuelanos imigrantes<\/span><\/a><\/div>\n<\/div>\n<\/div>\n<\/div>\n<div id=\"leia_mais\" class=\"block related-posts leia-mais\">\n<ul class=\"block-menu\">\n<li data-tab=\"tab-1\" class=\"active\">Leia mais<\/li>\n<\/ul>\n<div id=\"tab-1\" class=\"block-content active\">\n<div class=\"row\">\n<div class=\"col-s-12 col-l-3\"><a href=\"https:\/\/vejasp.abril.com.br\/cidades\/bairros-guilherme-boulos-venceu-bruno-covas-segundo-turno\/\" class=\"card\"><span class=\"category hide-s\"><\/span><img title = \"[Tags]\"data-src=\"https:\/\/vejasp.abril.com.br\/wp-content\/uploads\/2020\/11\/Design-sem-nome-7.png?w=680&amp;h=453&amp;crop=1\"alt = \"Capa-Trisal-nosso-louco-amor No discurso da vit\u00f3ria, Covas faz defer\u00eancia ao vice\" class=\"lazyload media\"><span class=\"category hide-l\"><\/span><span class=\"title\">Os bairros onde Boulos venceu Covas no segundo turno<\/span><\/a><\/div>\n<div class=\"col-s-12 col-l-3\"><a href=\"https:\/\/vejasp.abril.com.br\/cidades\/crianca-morre-eletrocutada-decoracao-natal-caldas-novas\/\" class=\"card\"><span class=\"category hide-s\"><\/span><img title = \"[Tags]\"data-src=\"https:\/\/vejasp.abril.com.br\/wp-content\/uploads\/2020\/11\/morte-decoracao.jpg?quality=70&amp;strip=info&amp;w=680&amp;h=453&amp;crop=1\"alt = \"Capa-Trisal-nosso-louco-amor No discurso da vit\u00f3ria, Covas faz defer\u00eancia ao vice\" class=\"lazyload media\"><span class=\"category hide-l\"><\/span><span class=\"title\">Crian\u00e7a de 8 anos morre eletrocutada ap\u00f3s encostar em decora\u00e7\u00e3o de Natal<\/span><\/a><\/div>\n<div class=\"col-s-12 col-l-3\"><a href=\"https:\/\/vejasp.abril.com.br\/saude\/policia-argentina-faz-busca-na-casa-de-medico-de-diego-maradona\/\" class=\"card\"><span class=\"category hide-s\"><\/span><img title = \"[Tags]\"data-src=\"https:\/\/vejasp.abril.com.br\/wp-content\/uploads\/2020\/11\/Maradona-1.jpg?quality=70&amp;strip=info&amp;w=680&amp;h=453&amp;crop=1\"alt = \"Capa-Trisal-nosso-louco-amor No discurso da vit\u00f3ria, Covas faz defer\u00eancia ao vice\" class=\"lazyload media\"><span class=\"category hide-l\"><\/span><span class=\"title\">Pol\u00edcia argentina faz busca na casa de m\u00e9dico de Diego Maradona<\/span><\/a><\/div>\n<div class=\"col-s-12 col-l-3\"><a href=\"https:\/\/vejasp.abril.com.br\/cidades\/sem-urna-eletronica-zona-eleitoral-de-sao-paulo-adota-votacao-manual\/\" class=\"card\"><span class=\"category hide-s\"><\/span><img title = \"[Tags]\"data-src=\"https:\/\/vejasp.abril.com.br\/wp-content\/uploads\/2016\/12\/urna-eletronica.jpeg?quality=70&amp;strip=info&amp;w=600&amp;h=400&amp;crop=1\"alt = \"Capa-Trisal-nosso-louco-amor No discurso da vit\u00f3ria, Covas faz defer\u00eancia ao vice\" class=\"lazyload media\"><span class=\"category hide-l\"><\/span><span class=\"title\">Sem urna eletr\u00f4nica, zona eleitoral de S\u00e3o Paulo adota vota\u00e7\u00e3o manual<\/span><\/a><\/div>\n<\/div>\n<\/div>\n<\/div>\n<div class=\"ads post-ads\"><span class=\"title\">Continua ap\u00f3s a publicidade<\/span><\/p>\n<div id=\"abrAD_rectangle3\" class=\"abrAD\" data-ad-><\/div>\n<\/div>\n<p><br \/>\n<br \/><a href=\"https:\/\/vejasp.abril.com.br\/blog\/poder-sp\/no-discurso-da-vitoria-covas-faz-deferencia-ao-vice\/\">Fonte do Artigo <\/a><br \/>\nTags:<br \/>\n#loterias #loteriascaixa #megasena #resultadoapostas#noticias #noticiario  #noticia #brasil #noticiascolombia #mundo #esporte #colombia #noticiadeld #ltimasnoticias  #noticiario #noticiasregionales #noticiasdepartamentales #noticiashoy #esportes #noticiaahora #elinformantenoticias #noticiasdeboyac  #esporteinterativo #esportivo #diariodosesportes  #noticiero  #jogodefutebol #jogos #loto #apostas<\/p>\n","protected":false},"excerpt":{"rendered":"<p>No primeiro discurso ap\u00f3s a vit\u00f3ria, o prefeito Bruno Covas, eleito com 3,1 milh\u00f5es de votos, disse que vai governar tamb\u00e9m para os mais de 2 milh\u00f5es de eleitores que escolheram Guilherme Boulos (PSOL). &#8220;As urnas falaram e agora come\u00e7a o grande desafio de enfrentar essa crise que S\u00e3o Paulo, o Brasil e o mundo [&hellip;]<\/p>\n","protected":false},"author":1,"featured_media":62703,"comment_status":"open","ping_status":"open","sticky":false,"template":"","format":"standard","meta":{"footnotes":""},"categories":[1],"tags":[],"class_list":["post-62702","post","type-post","status-publish","format-standard","has-post-thumbnail","hentry","category-curso-de-copy"],"_links":{"self":[{"href":"https:\/\/wiy.com.br\/noticias\/wp-json\/wp\/v2\/posts\/62702","targetHints":{"allow":["GET"]}}],"collection":[{"href":"https:\/\/wiy.com.br\/noticias\/wp-json\/wp\/v2\/posts"}],"about":[{"href":"https:\/\/wiy.com.br\/noticias\/wp-json\/wp\/v2\/types\/post"}],"author":[{"embeddable":true,"href":"https:\/\/wiy.com.br\/noticias\/wp-json\/wp\/v2\/users\/1"}],"replies":[{"embeddable":true,"href":"https:\/\/wiy.com.br\/noticias\/wp-json\/wp\/v2\/comments?post=62702"}],"version-history":[{"count":0,"href":"https:\/\/wiy.com.br\/noticias\/wp-json\/wp\/v2\/posts\/62702\/revisions"}],"wp:featuredmedia":[{"embeddable":true,"href":"https:\/\/wiy.com.br\/noticias\/wp-json\/wp\/v2\/media\/62703"}],"wp:attachment":[{"href":"https:\/\/wiy.com.br\/noticias\/wp-json\/wp\/v2\/media?parent=62702"}],"wp:term":[{"taxonomy":"category","embeddable":true,"href":"https:\/\/wiy.com.br\/noticias\/wp-json\/wp\/v2\/categories?post=62702"},{"taxonomy":"post_tag","embeddable":true,"href":"https:\/\/wiy.com.br\/noticias\/wp-json\/wp\/v2\/tags?post=62702"}],"curies":[{"name":"wp","href":"https:\/\/api.w.org\/{rel}","templated":true}]}}