{"id":62612,"date":"2023-02-26T15:52:44","date_gmt":"2023-02-26T18:52:44","guid":{"rendered":"https:\/\/wiy.com.br\/noticias\/boulos-aciona-justica-contra-covas-apos-episodio-com-cestas-basicas\/"},"modified":"2020-11-27T16:14:25","modified_gmt":"2020-11-27T18:14:25","slug":"boulos-aciona-justica-contra-covas-apos-episodio-com-cestas-basicas","status":"publish","type":"post","link":"https:\/\/wiy.com.br\/noticias\/boulos-aciona-justica-contra-covas-apos-episodio-com-cestas-basicas\/","title":{"rendered":"Boulos aciona Justi\u00e7a contra Covas ap\u00f3s epis\u00f3dio com cestas b\u00e1sicas"},"content":{"rendered":"<p> <br \/>\n<\/p>\n<p>A campanha do candidato a prefeito de S\u00e3o Paulo <strong>Guilherme Boulos<\/strong> (PSOL) entrou nesta sexta-feira (27) com uma a\u00e7\u00e3o na <strong>Justi\u00e7a Eleitoral<\/strong> contra seu advers\u00e1rio, <strong>Bruno Covas<\/strong> (PSDB). A acusa\u00e7\u00e3o \u00e9 de que Covas teria abusado de seu poder pol\u00edtico e de autoridade em rela\u00e7\u00e3o \u00e0 distribui\u00e7\u00e3o de cestas b\u00e1sicas na Brasil\u00e2ndia, periferia de S\u00e3o Paulo, por organiza\u00e7\u00f5es sociais ligadas \u00e0 prefeitura a poucos dias da vota\u00e7\u00e3o do segundo turno. \u00c0 Vejinha, o assessor de imprensa da campanha do psolista enviou o comprovante de protocolo da a\u00e7\u00e3o.<\/p>\n<ul>\n<li><strong><a href=\"https:\/\/vejasp.abril.com.br\/cidades\/capa-debate-covas-boulos\/\">Boulos e Covas trocam perguntas duras e bem espec\u00edficas sobre a cidade<\/a><\/strong><\/li>\n<\/ul>\n<p>Imagens gravadas em Morro Grande, que mostram um cap\u00f4 de carro com o n\u00famero de Covas, 45, e filas de moradores \u00e0 espera das cestas, viralizaram nas redes sociais. Ao fundo, ouve-se o jingle de campanha do atual prefeito. O caso ainda ser\u00e1 analisado por um magistrado do TRE-SP (Tribunal Regional Eleitoral de S\u00e3o Paulo), que decidir\u00e1 se acolhe ou n\u00e3o o processo.<\/p>\n<blockquote class=\"twitter-tweet\" data-width=\"500\" data-dnt=\"true\">\n<p lang=\"pt\" dir=\"ltr\">GRAV\u00cdSSIMO! Campanha de Bruno Covas est\u00e1 distribuindo cestas b\u00e1sicas na regi\u00e3o do Peri e Brasil\u00e2ndia. O desespero j\u00e1 tomou conta de Covas e agora ele parte pro jogo sujo! Seguimos atentos e vamos apurar a den\u00fancia de crime eleitoral. <a href=\"https:\/\/t.co\/ZtU0mL0TX8\">pic.twitter.com\/ZtU0mL0TX8<\/a><\/p>\n<p>&mdash; Luana \u00e9 #Boulos50 (@luanapsol) <a href=\"https:\/\/twitter.com\/luanapsol\/status\/1332009609318572032?ref_src=twsrc%5Etfw\">November 26, 2020<\/a><\/p>\n<\/blockquote>\n<p>De acordo com o UOL, Emilson Almeida da Silva, o diretor zonal do PSDB na Brasil\u00e2ndia, confirmou a distribui\u00e7\u00e3o das cestas b\u00e1sicas, mas disse que se tratava de uma a\u00e7\u00e3o social da entidade <span><strong>Mosobe<\/strong> (Movimento Social Beneficente),<\/span> sem rela\u00e7\u00e3o com a campanha de Covas. Entretanto, <span>o diretor-secret\u00e1rio do Mosobe \u00e9 filiado ao PSDB.<\/span><\/p>\n<p>Em evento, o tucano fez discurso em sua defesa sobre o caso. Ele nega envolvimento. Confira a fala na \u00edntegra:<\/p>\n<p>&#8220;Mais de 2 milh\u00f5es de cestas b\u00e1sicas j\u00e1 foram distribu\u00eddas pelo Cidade Solid\u00e1ria, em nenhum momento a campanha se utilizou deste tipo de distribui\u00e7\u00e3o. J\u00e1 determinei a Controladoria [Geral do Munic\u00edpio] que investigue o que aconteceu ali na Brasil\u00e2ndia, quem s\u00e3o os respons\u00e1veis, mas n\u00e3o tem nenhuma a\u00e7\u00e3o da campanha utilizando estes dois milh\u00f5es de cestas b\u00e1sicas que foram distribu\u00eddas aqui na cidade de S\u00e3o Paulo neste momento de pandemia. Boulos divulgou o v\u00eddeo [da entrega das cestas]. O n\u00edvel do debate caiu com esta atitude? Mais de 40 mil cestas foram distribu\u00eddas por entidades ligadas ao MTST [Movimento dos Trabalhadores Sem Teto, ligado a Boulos]. <span>Em nenhum momento fiz qualquer tipo de ila\u00e7\u00e3o que isto beneficia A, B ou C. O \u00f4nus da prova cabe a quem acusa&#8221;, afirma,<\/span><\/p>\n<p><span>Se a Justi\u00e7a de S\u00e3o Paulo decidir que o caso configura abuso de poder pol\u00edtico, o registro da candidatura de Covas poder\u00e1 ser cassado e o tucano ficar\u00e1 ineleg\u00edvel.<\/span><\/p>\n<div id=\"relacionadas\" class=\"block related-posts three_columns\">\n<ul class=\"block-menu\">\n<li data-tab=\"tab-1\" class=\"active\">Relacionadas<\/li>\n<\/ul>\n<div id=\"tab-1\" class=\"block-content active\">\n<div class=\"row\">\n<li class=\"widget-news-item without-thumb with-border\">\n<div class=\"widget-news-info\"><a href=\"http:\/\/vejasp.abril.com.br\/cidades\">Cidades<\/a><span class=\"widget-news-item-title\"><a href=\"https:\/\/vejasp.abril.com.br\/cidades\/perguntas-guilherme-boulos-bruno-covas\/\">&#8220;O senhor bota a m\u00e3o no fogo pelo seu vice?&#8221;, questiona Boulos a Covas<\/a><\/span><span class=\"widget-news-item-date\">27 nov 2020 &#8211; 12h11<\/span><\/div>\n<\/li>\n<li class=\"widget-news-item without-thumb with-border\">\n<div class=\"widget-news-info\"><a href=\"http:\/\/vejasp.abril.com.br\/cidades\">Cidades<\/a><span class=\"widget-news-item-title\"><a href=\"https:\/\/vejasp.abril.com.br\/cidades\/perguntas-bruno-covas-guilherme-boulos\/\">&#8220;O que o senhor considera mans\u00f5es?\u201d, questiona Covas a Boulos<\/a><\/span><span class=\"widget-news-item-date\">27 nov 2020 &#8211; 12h11<\/span><\/div>\n<\/li>\n<li class=\"widget-news-item without-thumb with-border\">\n<div class=\"widget-news-info\"><a href=\"http:\/\/vejasp.abril.com.br\/cidades\">Cidades<\/a><span class=\"widget-news-item-title\"><a href=\"https:\/\/vejasp.abril.com.br\/cidades\/capa-debate-covas-boulos\/\">Boulos e Covas trocam perguntas duras e bem espec\u00edficas sobre a cidade<\/a><\/span><span class=\"widget-news-item-date\">27 nov 2020 &#8211; 06h11<\/span><\/div>\n<\/li>\n<\/div>\n<\/div>\n<\/div>\n<div id=\"mais_lidas\" class=\"block related-posts mais-lidas\">\n<ul class=\"block-menu\">\n<li data-tab=\"tab-1\" class=\"active\">Mais lidas<\/li>\n<\/ul>\n<div id=\"tab-1\" class=\"block-content active\">\n<div class=\"row\">\n<div class=\"col-s-12 col-l-3\"><a href=\"https:\/\/vejasp.abril.com.br\/blog\/pop\/marjorie-estiano-selton-mello\/\" class=\"card\"><span class=\"category hide-s\">Cultura &amp; Lazer<\/span><img title = \"[Tags]\"data-src=\"https:\/\/vejasp.abril.com.br\/wp-content\/uploads\/2016\/12\/marjorie.jpg?quality=70&amp;strip=info&amp;w=640&amp;h=426&amp;crop=1\"alt = \"marjorie Boulos aciona Justi\u00e7a contra Covas ap\u00f3s epis\u00f3dio com cestas b\u00e1sicas\" class=\"lazyload media\"><span class=\"category hide-l\">Cultura &amp; Lazer<\/span><span class=\"title\">Marjorie Estiano fala sobre declara\u00e7\u00e3o de Selton Mello tr\u00eas anos depois<\/span><\/a><\/div>\n<div class=\"col-s-12 col-l-3\"><a href=\"https:\/\/vejasp.abril.com.br\/cultura-lazer\/pessoas-nao-aceitam-mulher-dois-homens\/\" class=\"card\"><span class=\"category hide-s\">Cultura &amp; Lazer<\/span><img title = \"[Tags]\"data-src=\"https:\/\/vejasp.abril.com.br\/wp-content\/uploads\/2020\/11\/Capa-Trisal-nosso-louco-amor.jpg?quality=70&amp;strip=info&amp;crop=0px%2C72px%2C667px%2C454px&amp;resize=680%2C453\"alt = \"marjorie Boulos aciona Justi\u00e7a contra Covas ap\u00f3s epis\u00f3dio com cestas b\u00e1sicas\" class=\"lazyload media\"><span class=\"category hide-l\">Cultura &amp; Lazer<\/span><span class=\"title\">\u201cAs pessoas n\u00e3o aceitam uma mulher com dois homens\u201d<\/span><\/a><\/div>\n<div class=\"col-s-12 col-l-3\"><a href=\"https:\/\/vejasp.abril.com.br\/blog\/pop\/oscar-magrini-globo-quartinho-po\/\" class=\"card\"><span class=\"category hide-s\">Cultura &amp; Lazer<\/span><img title = \"[Tags]\"data-src=\"https:\/\/vejasp.abril.com.br\/wp-content\/uploads\/2020\/11\/Camarote-Arpoador-Oscar-Magrini-Thiago-Cardoso.jpg?quality=70&amp;strip=info&amp;w=600&amp;h=400&amp;crop=1\"alt = \"marjorie Boulos aciona Justi\u00e7a contra Covas ap\u00f3s epis\u00f3dio com cestas b\u00e1sicas\" class=\"lazyload media\"><span class=\"category hide-l\">Cultura &amp; Lazer<\/span><span class=\"title\">Oscar Magrini diz que Globo tinha quartinho do p\u00f3 e de sexo<\/span><\/a><\/div>\n<div class=\"col-s-12 col-l-3\"><a href=\"https:\/\/vejasp.abril.com.br\/cidades\/sao-paulo-quarentena-covid\/\" class=\"card\"><span class=\"category hide-s\">Cidades<\/span><img title = \"[Tags]\"data-src=\"https:\/\/vejasp.abril.com.br\/wp-content\/uploads\/2020\/03\/gettyimages-1212255258.jpg.jpg?quality=70&amp;strip=info&amp;w=680&amp;h=453&amp;crop=1\"alt = \"marjorie Boulos aciona Justi\u00e7a contra Covas ap\u00f3s epis\u00f3dio com cestas b\u00e1sicas\" class=\"lazyload media\"><span class=\"category hide-l\">Cidades<\/span><span class=\"title\">Estado de S\u00e3o Paulo pode endurecer quarentena ap\u00f3s alta de interna\u00e7\u00f5es<\/span><\/a><\/div>\n<\/div>\n<\/div>\n<\/div>\n<div id=\"leia_mais\" class=\"block related-posts leia-mais\">\n<ul class=\"block-menu\">\n<li data-tab=\"tab-1\" class=\"active\">Leia mais<\/li>\n<\/ul>\n<div id=\"tab-1\" class=\"block-content active\">\n<div class=\"row\">\n<div class=\"col-s-12 col-l-3\"><a href=\"https:\/\/vejasp.abril.com.br\/black-friday-2020\/black-friday-eletronicos\/\" class=\"card\"><span class=\"category hide-s\"><\/span><img title = \"[Tags]\"data-src=\"https:\/\/vejasp.abril.com.br\/wp-content\/uploads\/2020\/11\/black-friday-eletronicos.jpg?quality=70&amp;strip=info&amp;w=444&amp;h=269&amp;crop=1\"alt = \"marjorie Boulos aciona Justi\u00e7a contra Covas ap\u00f3s epis\u00f3dio com cestas b\u00e1sicas\" class=\"lazyload media\"><span class=\"category hide-l\"><\/span><span class=\"title\">Black Friday: eletr\u00f4nicos t\u00eam quase 1 000 reais de desconto; veja sele\u00e7\u00e3o<\/span><\/a><\/div>\n<div class=\"col-s-12 col-l-3\"><a href=\"https:\/\/vejasp.abril.com.br\/cidades\/boulos-covas-cestas-basicas\/\" class=\"card\"><span class=\"category hide-s\"><\/span><img title = \"[Tags]\"data-src=\"https:\/\/vejasp.abril.com.br\/wp-content\/uploads\/2020\/11\/6vu4s794gww20zv5mncs8845i.jpg?quality=70&amp;strip=info&amp;w=652&amp;h=408&amp;crop=1\"alt = \"marjorie Boulos aciona Justi\u00e7a contra Covas ap\u00f3s epis\u00f3dio com cestas b\u00e1sicas\" class=\"lazyload media\"><span class=\"category hide-l\"><\/span><span class=\"title\">Boulos aciona Justi\u00e7a contra Covas ap\u00f3s epis\u00f3dio com cestas b\u00e1sicas<\/span><\/a><\/div>\n<div class=\"col-s-12 col-l-3\"><a href=\"https:\/\/vejasp.abril.com.br\/cidades\/justica-reclassifica-morte-de-ciclista-marina-harkot-para-homicidio-doloso\/\" class=\"card\"><span class=\"category hide-s\"><\/span><img title = \"[Tags]\"data-src=\"https:\/\/vejasp.abril.com.br\/wp-content\/uploads\/2020\/11\/marina2.png?w=650&amp;h=409&amp;crop=1\"alt = \"marjorie Boulos aciona Justi\u00e7a contra Covas ap\u00f3s epis\u00f3dio com cestas b\u00e1sicas\" class=\"lazyload media\"><span class=\"category hide-l\"><\/span><span class=\"title\">Justi\u00e7a reclassifica morte de ciclista Marina Harkot para homic\u00eddio doloso<\/span><\/a><\/div>\n<div class=\"col-s-12 col-l-3\"><a href=\"https:\/\/vejasp.abril.com.br\/cidades\/perguntas-bruno-covas-guilherme-boulos\/\" class=\"card\"><span class=\"category hide-s\"><\/span><img title = \"[Tags]\"data-src=\"https:\/\/vejasp.abril.com.br\/wp-content\/uploads\/2020\/11\/boulos-3.jpg?quality=70&amp;strip=info&amp;w=680&amp;h=453&amp;crop=1\"alt = \"marjorie Boulos aciona Justi\u00e7a contra Covas ap\u00f3s epis\u00f3dio com cestas b\u00e1sicas\" class=\"lazyload media\"><span class=\"category hide-l\"><\/span><span class=\"title\">&quot;O que o senhor considera mans\u00f5es?\u201d, questiona Covas a Boulos<\/span><\/a><\/div>\n<\/div>\n<\/div>\n<\/div>\n<div class=\"ads post-ads\"><span class=\"title\">Continua ap\u00f3s a publicidade<\/span><\/p>\n<div id=\"abrAD_rectangle3\" class=\"abrAD\" data-ad-><\/div>\n<\/div>\n<p><script async src=\"http:\/\/platform.twitter.com\/widgets.js\" charset=\"utf-8\"><\/script><br \/>\n<br \/><br \/>\n<br \/><a href=\"https:\/\/vejasp.abril.com.br\/cidades\/boulos-covas-cestas-basicas\/\">Fonte do Artigo <\/a><br \/>\nTags:<br \/>\n#loterias #loteriascaixa #megasena #resultadoapostas#noticias #noticiario  #noticia #brasil #noticiascolombia #mundo #esporte #colombia #noticiadeld #ltimasnoticias  #noticiario #noticiasregionales #noticiasdepartamentales #noticiashoy #esportes #noticiaahora #elinformantenoticias #noticiasdeboyac  #esporteinterativo #esportivo #diariodosesportes  #noticiero  #jogodefutebol #jogos #loto #apostas<\/p>\n","protected":false},"excerpt":{"rendered":"<p>A campanha do candidato a prefeito de S\u00e3o Paulo Guilherme Boulos (PSOL) entrou nesta sexta-feira (27) com uma a\u00e7\u00e3o na Justi\u00e7a Eleitoral contra seu advers\u00e1rio, Bruno Covas (PSDB). A acusa\u00e7\u00e3o \u00e9 de que Covas teria abusado de seu poder pol\u00edtico e de autoridade em rela\u00e7\u00e3o \u00e0 distribui\u00e7\u00e3o de cestas b\u00e1sicas na Brasil\u00e2ndia, periferia de S\u00e3o [&hellip;]<\/p>\n","protected":false},"author":1,"featured_media":62613,"comment_status":"open","ping_status":"open","sticky":false,"template":"","format":"standard","meta":{"footnotes":""},"categories":[1],"tags":[],"class_list":["post-62612","post","type-post","status-publish","format-standard","has-post-thumbnail","hentry","category-curso-de-copy"],"_links":{"self":[{"href":"https:\/\/wiy.com.br\/noticias\/wp-json\/wp\/v2\/posts\/62612","targetHints":{"allow":["GET"]}}],"collection":[{"href":"https:\/\/wiy.com.br\/noticias\/wp-json\/wp\/v2\/posts"}],"about":[{"href":"https:\/\/wiy.com.br\/noticias\/wp-json\/wp\/v2\/types\/post"}],"author":[{"embeddable":true,"href":"https:\/\/wiy.com.br\/noticias\/wp-json\/wp\/v2\/users\/1"}],"replies":[{"embeddable":true,"href":"https:\/\/wiy.com.br\/noticias\/wp-json\/wp\/v2\/comments?post=62612"}],"version-history":[{"count":0,"href":"https:\/\/wiy.com.br\/noticias\/wp-json\/wp\/v2\/posts\/62612\/revisions"}],"wp:featuredmedia":[{"embeddable":true,"href":"https:\/\/wiy.com.br\/noticias\/wp-json\/wp\/v2\/media\/62613"}],"wp:attachment":[{"href":"https:\/\/wiy.com.br\/noticias\/wp-json\/wp\/v2\/media?parent=62612"}],"wp:term":[{"taxonomy":"category","embeddable":true,"href":"https:\/\/wiy.com.br\/noticias\/wp-json\/wp\/v2\/categories?post=62612"},{"taxonomy":"post_tag","embeddable":true,"href":"https:\/\/wiy.com.br\/noticias\/wp-json\/wp\/v2\/tags?post=62612"}],"curies":[{"name":"wp","href":"https:\/\/api.w.org\/{rel}","templated":true}]}}