{"id":6251,"date":"2023-02-26T15:44:39","date_gmt":"2023-02-26T18:44:39","guid":{"rendered":"https:\/\/wiy.com.br\/noticias\/batalha-final-contra-estado-islamico-na-siria-emperra-em-retirada-de-civis-de-ultimo-reduto\/"},"modified":"2019-02-21T13:41:57","modified_gmt":"2019-02-21T16:41:57","slug":"batalha-final-contra-estado-islamico-na-siria-emperra-em-retirada-de-civis-de-ultimo-reduto","status":"publish","type":"post","link":"https:\/\/wiy.com.br\/noticias\/batalha-final-contra-estado-islamico-na-siria-emperra-em-retirada-de-civis-de-ultimo-reduto\/","title":{"rendered":"&#039;Batalha final&#039; contra Estado Isl\u00e2mico na S\u00edria emperra em retirada de civis de \u00faltimo reduto"},"content":{"rendered":"<p> <br \/>\n<br \/>BAGHOUZ, S\u00cdRIA \u2014 A opera\u00e7\u00e3o para destruir os \u00faltimo vest\u00edgios da presen\u00e7a do Estado Isl\u00e2mico no Iraque e na S\u00edria emperrou temporariamente nesta quinta-feira. A esperada retirada dos civis remanescentes do \u00faltimo enclave do grupo no leste s\u00edrio n\u00e3o&#8230;<br \/>\n<br \/><br \/>\n<br \/><a href=\"https:\/\/oglobo.globo.com\/mundo\/batalha-final-contra-estado-islamico-na-siria-emperra-em-retirada-de-civis-de-ultimo-reduto-23470407\">Source link <\/a><\/p>\n","protected":false},"excerpt":{"rendered":"<p>BAGHOUZ, S\u00cdRIA \u2014 A opera\u00e7\u00e3o para destruir os \u00faltimo vest\u00edgios da presen\u00e7a do Estado Isl\u00e2mico no Iraque e na S\u00edria emperrou temporariamente nesta quinta-feira. A esperada retirada dos civis remanescentes do \u00faltimo enclave do grupo no leste s\u00edrio n\u00e3o&#8230; Source link<\/p>\n","protected":false},"author":1,"featured_media":0,"comment_status":"open","ping_status":"open","sticky":false,"template":"","format":"standard","meta":{"footnotes":""},"categories":[337],"tags":[],"class_list":["post-6251","post","type-post","status-publish","format-standard","hentry","category-noticias"],"_links":{"self":[{"href":"https:\/\/wiy.com.br\/noticias\/wp-json\/wp\/v2\/posts\/6251","targetHints":{"allow":["GET"]}}],"collection":[{"href":"https:\/\/wiy.com.br\/noticias\/wp-json\/wp\/v2\/posts"}],"about":[{"href":"https:\/\/wiy.com.br\/noticias\/wp-json\/wp\/v2\/types\/post"}],"author":[{"embeddable":true,"href":"https:\/\/wiy.com.br\/noticias\/wp-json\/wp\/v2\/users\/1"}],"replies":[{"embeddable":true,"href":"https:\/\/wiy.com.br\/noticias\/wp-json\/wp\/v2\/comments?post=6251"}],"version-history":[{"count":0,"href":"https:\/\/wiy.com.br\/noticias\/wp-json\/wp\/v2\/posts\/6251\/revisions"}],"wp:attachment":[{"href":"https:\/\/wiy.com.br\/noticias\/wp-json\/wp\/v2\/media?parent=6251"}],"wp:term":[{"taxonomy":"category","embeddable":true,"href":"https:\/\/wiy.com.br\/noticias\/wp-json\/wp\/v2\/categories?post=6251"},{"taxonomy":"post_tag","embeddable":true,"href":"https:\/\/wiy.com.br\/noticias\/wp-json\/wp\/v2\/tags?post=6251"}],"curies":[{"name":"wp","href":"https:\/\/api.w.org\/{rel}","templated":true}]}}