{"id":62480,"date":"2023-02-26T15:34:18","date_gmt":"2023-02-26T18:34:18","guid":{"rendered":"https:\/\/wiy.com.br\/noticias\/acidente-entre-onibus-e-caminhao-mata-22-pessoas-no-interior-diz-pm\/"},"modified":"2020-11-25T12:15:26","modified_gmt":"2020-11-25T14:15:26","slug":"acidente-entre-onibus-e-caminhao-mata-22-pessoas-no-interior-diz-pm","status":"publish","type":"post","link":"https:\/\/wiy.com.br\/noticias\/acidente-entre-onibus-e-caminhao-mata-22-pessoas-no-interior-diz-pm\/","title":{"rendered":"Acidente entre \u00f4nibus e caminh\u00e3o mata 22 pessoas no interior, diz PM"},"content":{"rendered":"<p> <br \/>\n<\/p>\n<div class=\"mc-column content-text active-extra-styles \" data-block-type=\"unstyled\" data-block-weight=\"49\" data-block-id=\"2\">\n<p data-track-category=\"Link no Texto\" data-track-links=\"\">A batida entre um \u00f4nibus e um caminh\u00e3o provocou a morte de 22 pessoas na Rodovia Alfredo de Oliveira Carvalho, entre Tagua\u00ed e Taquarituba, no interior de S\u00e3o Paulo, na manh\u00e3 desta quarta-feira (25).<\/p>\n<p data-track-category=\"Link no Texto\" data-track-links=\"\">Segundo as informa\u00e7\u00f5es do tenente Alexandre Guedes, porta-voz da Pol\u00edcia Militar, o acidente aconteceu no km 172 em Tagua\u00ed. Os bombeiros disseram que os passageiros do \u00f4nibus s\u00e3o funcion\u00e1rios de uma empresa t\u00eaxtil.<\/p>\n<p data-track-category=\"Link no Texto\" data-track-links=\"\"><span>&#8220;A per\u00edcia est\u00e1 no local, \u00e9 um momento de muito trabalho da PM. Estamos no local para preservar vidas e salvar mais pessoas. \u00c9 muito cedo para afirmar o que causou [o acidente]. Trabalho agora \u00e9 de prestar socorro. Estamos focados em resgatar pessoas&#8221;, disse o tenente em entrevista \u00e0 Globonews.<\/span><\/p>\n<p>Os feridos est\u00e3o sendo levados para hospitais de Tagua\u00ed, Taquarituba, Fartura, Ita\u00ed e Avar\u00e9, de acordo com funcion\u00e1rios da Santa Casa de Miseric\u00f3rdia de Taquarituba.<\/p>\n<p data-track-category=\"Link no Texto\" data-track-links=\"\"><em><strong>Mais informa\u00e7\u00f5es em breve<\/strong><\/em><\/p>\n<\/div>\n<div id=\"mais_lidas\" class=\"block related-posts mais-lidas\">\n<ul class=\"block-menu\">\n<li data-tab=\"tab-1\" class=\"active\">Mais lidas<\/li>\n<\/ul>\n<div id=\"tab-1\" class=\"block-content active\">\n<div class=\"row\">\n<div class=\"col-s-12 col-l-3\"><a href=\"https:\/\/vejasp.abril.com.br\/cidades\/morre-fernando-vanucci\/\" class=\"card\"><span class=\"category hide-s\">Cidades<\/span><img title = \"[Tags]\"data-src=\"https:\/\/vejasp.abril.com.br\/wp-content\/uploads\/2016\/12\/fernando_vanucci_bola_na_rede.jpg?quality=70&amp;strip=info&amp;w=600&amp;h=400&amp;crop=1\"alt = \"fernando_vanucci_bola_na_rede Acidente entre \u00f4nibus e caminh\u00e3o mata 22 pessoas no interior, diz PM\" class=\"lazyload media\"><span class=\"category hide-l\">Cidades<\/span><span class=\"title\">Jornalista Fernando Vanucci morre ao 69 anos<\/span><\/a><\/div>\n<div class=\"col-s-12 col-l-3\"><a href=\"https:\/\/vejasp.abril.com.br\/cultura-lazer\/congonhas-sao-paulo-voos-angra-ubatuba-paraty\/\" class=\"card\"><span class=\"category hide-s\">Cultura &amp; Lazer<\/span><img title = \"[Tags]\"data-src=\"https:\/\/vejasp.abril.com.br\/wp-content\/uploads\/2016\/11\/8838_praia-do-felix-jpg.jpeg?quality=70&amp;strip=info&amp;w=680&amp;h=453&amp;crop=1\"alt = \"fernando_vanucci_bola_na_rede Acidente entre \u00f4nibus e caminh\u00e3o mata 22 pessoas no interior, diz PM\" class=\"lazyload media\"><span class=\"category hide-l\">Cultura &amp; Lazer<\/span><span class=\"title\">Congonhas tem voos para Ubatuba, Paraty e Angra por tempo limitado<\/span><\/a><\/div>\n<div class=\"col-s-12 col-l-3\"><a href=\"https:\/\/vejasp.abril.com.br\/cultura-lazer\/rose-miriam-entrevista-fantastico\/\" class=\"card\"><span class=\"category hide-s\">Cultura &amp; Lazer<\/span><img title = \"[Tags]\"data-src=\"https:\/\/vejasp.abril.com.br\/wp-content\/uploads\/2020\/11\/gugu-liberato-ao-lado-de-rose-e-dos-filhos-1606090340606_v2_900x506.png?w=680&amp;h=453&amp;crop=1\"alt = \"fernando_vanucci_bola_na_rede Acidente entre \u00f4nibus e caminh\u00e3o mata 22 pessoas no interior, diz PM\" class=\"lazyload media\"><span class=\"category hide-l\">Cultura &amp; Lazer<\/span><span class=\"title\">Rose Miriam diz que teve atrito com Gugu quando ele fez testamento<\/span><\/a><\/div>\n<div class=\"col-s-12 col-l-3\"><a href=\"https:\/\/vejasp.abril.com.br\/cultura-lazer\/silvio-santos-rotina-pandemia\/\" class=\"card\"><span class=\"category hide-s\">Cultura &amp; Lazer<\/span><img title = \"[Tags]\"data-src=\"https:\/\/vejasp.abril.com.br\/wp-content\/uploads\/2020\/10\/LM8F2816.jpg.jpg?quality=70&amp;strip=info&amp;crop=0px%2C131px%2C659px%2C448px&amp;resize=680%2C453\"alt = \"fernando_vanucci_bola_na_rede Acidente entre \u00f4nibus e caminh\u00e3o mata 22 pessoas no interior, diz PM\" class=\"lazyload media\"><span class=\"category hide-l\">Cultura &amp; Lazer<\/span><span class=\"title\">A nova rotina de Silvio Santos, longe da televis\u00e3o h\u00e1 oito meses<\/span><\/a><\/div>\n<\/div>\n<\/div>\n<\/div>\n<div id=\"leia_mais\" class=\"block related-posts leia-mais\">\n<ul class=\"block-menu\">\n<li data-tab=\"tab-1\" class=\"active\">Leia mais<\/li>\n<\/ul>\n<div id=\"tab-1\" class=\"block-content active\">\n<div class=\"row\">\n<div class=\"col-s-12 col-l-3\"><a href=\"https:\/\/vejasp.abril.com.br\/saude\/taxa-transmissao-covid-19-maio-imperial-college\/\" class=\"card\"><span class=\"category hide-s\"><\/span><img title = \"[Tags]\"data-src=\"https:\/\/vejasp.abril.com.br\/wp-content\/uploads\/2020\/08\/sp-registra-a-primeira-morte-pelo-novo-coronavirus-no-brasil-1584466697.jpg?quality=70&amp;strip=info&amp;w=680&amp;h=453&amp;crop=1\"alt = \"fernando_vanucci_bola_na_rede Acidente entre \u00f4nibus e caminh\u00e3o mata 22 pessoas no interior, diz PM\" class=\"lazyload media\"><span class=\"category hide-l\"><\/span><span class=\"title\">Taxa de transmiss\u00e3o da Covid-19 atinge maior valor desde maio<\/span><\/a><\/div>\n<div class=\"col-s-12 col-l-3\"><a href=\"https:\/\/vejasp.abril.com.br\/saude\/vacina-coronavac-teste-fase-final\/\" class=\"card\"><span class=\"category hide-s\"><\/span><img title = \"[Tags]\"data-src=\"https:\/\/vejasp.abril.com.br\/wp-content\/uploads\/2020\/06\/49886883603_480b50c837_o.jpg.jpg?quality=70&amp;strip=info&amp;w=680&amp;h=453&amp;crop=1\"alt = \"fernando_vanucci_bola_na_rede Acidente entre \u00f4nibus e caminh\u00e3o mata 22 pessoas no interior, diz PM\" class=\"lazyload media\"><span class=\"category hide-l\"><\/span><span class=\"title\">CoronaVac entra na fase final de testes e Brasil pode iniciar imuniza\u00e7\u00e3o em janeiro<\/span><\/a><\/div>\n<div class=\"col-s-12 col-l-3\"><a href=\"https:\/\/vejasp.abril.com.br\/saude\/vacina-oxford-astrazeneca\/\" class=\"card\"><span class=\"category hide-s\"><\/span><img title = \"[Tags]\"data-src=\"https:\/\/vejasp.abril.com.br\/wp-content\/uploads\/2020\/10\/vacina\u00e7\u00e3o.jpg?quality=70&amp;strip=info&amp;w=680&amp;h=453&amp;crop=1\"alt = \"fernando_vanucci_bola_na_rede Acidente entre \u00f4nibus e caminh\u00e3o mata 22 pessoas no interior, diz PM\" class=\"lazyload media\"><span class=\"category hide-l\"><\/span><span class=\"title\">Vacina da AstraZeneca pode ser 90% eficaz contra Covid, mostra teste<\/span><\/a><\/div>\n<div class=\"col-s-12 col-l-3\"><a href=\"https:\/\/vejasp.abril.com.br\/saude\/internacoes-covid-19-aumento\/\" class=\"card\"><span class=\"category hide-s\"><\/span><img title = \"[Tags]\"data-src=\"https:\/\/vejasp.abril.com.br\/wp-content\/uploads\/2020\/06\/test-tube-5065424_1920.jpg?quality=70&amp;strip=info&amp;w=680&amp;h=453&amp;crop=1\"alt = \"fernando_vanucci_bola_na_rede Acidente entre \u00f4nibus e caminh\u00e3o mata 22 pessoas no interior, diz PM\" class=\"lazyload media\"><span class=\"category hide-l\"><\/span><span class=\"title\">Interna\u00e7\u00f5es por Covid em hospitais privados continuam em alta na capital<\/span><\/a><\/div>\n<\/div>\n<\/div>\n<\/div>\n<div class=\"ads post-ads\"><span class=\"title\">Continua ap\u00f3s a publicidade<\/span><\/p>\n<div id=\"abrAD_rectangle3\" class=\"abrAD\" data-ad-><\/div>\n<\/div>\n<p><br \/>\n<br \/><a href=\"https:\/\/vejasp.abril.com.br\/cidades\/acidente-onibus-caminhao-mata-22-pessoas\/\">Fonte do Artigo <\/a><br \/>\nTags:<br \/>\n#loterias #loteriascaixa #megasena #resultadoapostas#noticias #noticiario  #noticia #brasil #noticiascolombia #mundo #esporte #colombia #noticiadeld #ltimasnoticias  #noticiario #noticiasregionales #noticiasdepartamentales #noticiashoy #esportes #noticiaahora #elinformantenoticias #noticiasdeboyac  #esporteinterativo #esportivo #diariodosesportes  #noticiero  #jogodefutebol #jogos #loto #apostas<\/p>\n","protected":false},"excerpt":{"rendered":"<p>A batida entre um \u00f4nibus e um caminh\u00e3o provocou a morte de 22 pessoas na Rodovia Alfredo de Oliveira Carvalho, entre Tagua\u00ed e Taquarituba, no interior de S\u00e3o Paulo, na manh\u00e3 desta quarta-feira (25). Segundo as informa\u00e7\u00f5es do tenente Alexandre Guedes, porta-voz da Pol\u00edcia Militar, o acidente aconteceu no km 172 em Tagua\u00ed. Os bombeiros [&hellip;]<\/p>\n","protected":false},"author":1,"featured_media":62481,"comment_status":"open","ping_status":"open","sticky":false,"template":"","format":"standard","meta":{"footnotes":""},"categories":[1],"tags":[],"class_list":["post-62480","post","type-post","status-publish","format-standard","has-post-thumbnail","hentry","category-curso-de-copy"],"_links":{"self":[{"href":"https:\/\/wiy.com.br\/noticias\/wp-json\/wp\/v2\/posts\/62480","targetHints":{"allow":["GET"]}}],"collection":[{"href":"https:\/\/wiy.com.br\/noticias\/wp-json\/wp\/v2\/posts"}],"about":[{"href":"https:\/\/wiy.com.br\/noticias\/wp-json\/wp\/v2\/types\/post"}],"author":[{"embeddable":true,"href":"https:\/\/wiy.com.br\/noticias\/wp-json\/wp\/v2\/users\/1"}],"replies":[{"embeddable":true,"href":"https:\/\/wiy.com.br\/noticias\/wp-json\/wp\/v2\/comments?post=62480"}],"version-history":[{"count":0,"href":"https:\/\/wiy.com.br\/noticias\/wp-json\/wp\/v2\/posts\/62480\/revisions"}],"wp:featuredmedia":[{"embeddable":true,"href":"https:\/\/wiy.com.br\/noticias\/wp-json\/wp\/v2\/media\/62481"}],"wp:attachment":[{"href":"https:\/\/wiy.com.br\/noticias\/wp-json\/wp\/v2\/media?parent=62480"}],"wp:term":[{"taxonomy":"category","embeddable":true,"href":"https:\/\/wiy.com.br\/noticias\/wp-json\/wp\/v2\/categories?post=62480"},{"taxonomy":"post_tag","embeddable":true,"href":"https:\/\/wiy.com.br\/noticias\/wp-json\/wp\/v2\/tags?post=62480"}],"curies":[{"name":"wp","href":"https:\/\/api.w.org\/{rel}","templated":true}]}}