{"id":62349,"date":"2023-02-26T14:56:51","date_gmt":"2023-02-26T17:56:51","guid":{"rendered":"https:\/\/wiy.com.br\/noticias\/mulher-humilha-funcionarios-e-agride-jovens-com-ataques-homofobicos-em-padaria\/"},"modified":"2020-11-22T15:43:10","modified_gmt":"2020-11-22T17:43:10","slug":"mulher-humilha-funcionarios-e-agride-jovens-com-ataques-homofobicos-em-padaria","status":"publish","type":"post","link":"https:\/\/wiy.com.br\/noticias\/mulher-humilha-funcionarios-e-agride-jovens-com-ataques-homofobicos-em-padaria\/","title":{"rendered":"Mulher humilha funcion\u00e1rios e agride jovens com ataques homof\u00f3bicos em padaria"},"content":{"rendered":"<p> <br \/>\n<\/p>\n<p>Uma mulher foi gravada, na noite de sexta (20), bradando ofensas homof\u00f3bicas e transf\u00f3bicas para dois clientes e atirando objetos em um deles numa padaria em S\u00e3o Paulo. Uma s\u00e9rie de v\u00eddeos circulou pelas redes sociais mostrando as agress\u00f5es. A <strong>Vejinha<\/strong> teve acesso tamb\u00e9m a imagens da cliente humilhando, instantes antes, dois funcion\u00e1rios do estabelecimento, no bairro da Pompeia.<\/p>\n<p>Em uma das grava\u00e7\u00f5es, a mulher, identificada como <span>Lidiane Biezok, est\u00e1 sentada ao balc\u00e3o da padaria Dona De\u00f4la,\u00a0<\/span>joga guardanapos sobre a estufa de salgados e olha para uma das atendentes. &#8220;Sabe para o que voc\u00ea presta? Para pegar meus restos. Para isso que voc\u00ea \u00e9 paga&#8221;, diz.<\/p>\n<p>Em seguida, dois clientes repreendem a atitude e Lidiane, que responde com ataques homof\u00f3bicos. &#8220;Cala a boca, sua bicha do c*&#8221;, grita.\u00a0 Em outras imagens, postadas em redes sociais, \u00e9 poss\u00edvel ver a Lidiane andando atr\u00e1s de uma das v\u00edtimas e jogando objetos. No caixa, chega a indagar: &#8220;<span>Isso aqui \u00e9 uma padaria gay?\u201d.\u00a0<\/span>Redes sociais da mulher, como Instagram e Linkedin, n\u00e3o est\u00e3o mais no ar.<\/p>\n<p>Outro funcion\u00e1rio da Dona De\u00f4la tamb\u00e9m sofreu ataques homof\u00f3bicos quando tentou acalm\u00e1-la. Na confus\u00e3o, um dos televisores da padaria foi quebrado com uma comanda.<\/p>\n<p>De acordo com frequentadores da padaria com quem a <strong>Vejinha <\/strong>falou, a mulher, que se identifica como &#8220;advogada internacional&#8221;, costuma frequentar o local. Procurada, <span>Lidiane ainda n\u00e3o foi encontrada at\u00e9 a publica\u00e7\u00e3o desta nota.\u00a0<\/span><\/p>\n<p>Na tarde de s\u00e1bado (21), a Dona De\u00f4la se manifestou nas redes sociais com um comunicado. <em>&#8220;Lamentavelmente, na noite de ontem, funcion\u00e1rios e clientes da nossa padaria na Pompeia foram alvo de ofensas racistas, homof\u00f3bicas e transf\u00f3bicas, que podem inclusive configurar crime. Por isso, seguindo a orienta\u00e7\u00e3o que lhes foi dada, a nossa equipe acionou a pol\u00edcia para que as provid\u00eancias fossem tomadas. A Dona De\u00f4la se solidariza com as v\u00edtimas desse ato repugnante e se coloca \u00e0 disposi\u00e7\u00e3o para prestar toda assist\u00eancia necess\u00e1ria. Reiteremos o nosso rep\u00fadio a qualquer tipo de discrimina\u00e7\u00e3o e o nosso compromisso com a prote\u00e7\u00e3o e o bem estar dos nosso funcion\u00e1rios e clientes.&#8221;<\/em><\/p>\n<div class=\"ads post-ads\"><span class=\"title\">Continua ap\u00f3s a publicidade<\/span><\/p>\n<div id=\"abrAD_rectangle2\" class=\"abrAD\" data-ad-><\/div>\n<\/div>\n<p>Um dos clientes agrdidos, Kelton, se mostrou indignado em suas redes sociais quando a pol\u00edcia chegou ao estabelecimento. &#8220;Ningu\u00e9m faz nada. Ele [policial] n\u00e3o pode tirar ela [da padaria]. Ela j\u00e1 agrediu, [&#8230;] foi racista, foi transf\u00f3bica, foi homof\u00f3bica e ela ainda consegue entrar dentro do estabelecimento. Como ela tem esse poder de estar aqui dentro ainda?&#8221;, questionou. As v\u00edtimas, tanto clientes quanto funcion\u00e1rios, registraram boletim de ocorr\u00eancia.<\/p>\n<p>De acordo com a assessoria de imprensa da Dona De\u00f4la, os ataques duraram cerca de 4 minutos e a pol\u00edcia foi imediatamente chamada.<\/p>\n<blockquote class=\"twitter-tweet\">\n<p>Um bom exemplo \u00e9 o que aconteceu na <a href=\"https:\/\/twitter.com\/donadeola?ref_src=twsrc%5Etfw\">@donadeola<\/a> se fosse um negro fazendo isso no m\u00ednimo passaria a noite preso. <a href=\"https:\/\/t.co\/LwCoUY8jxY\">pic.twitter.com\/LwCoUY8jxY<\/a><\/p>\n<p>\u2014 Andr\u00e9 FG (@andrefg) <a href=\"https:\/\/twitter.com\/andrefg\/status\/1330202841932238850?ref_src=twsrc%5Etfw\">November 21, 2020<\/a><\/p>\n<\/blockquote>\n<p><span><\/span><\/p>\n<p><div class=\"fb-video\" data-allowfullscreen=\"true\" data-href=\"https:\/\/www.facebook.com\/100000151142496\/videos\/3979545682060431\/\"><\/div>\n<\/p>\n<div id=\"mais_lidas\" class=\"block related-posts mais-lidas\">\n<ul class=\"block-menu\">\n<li data-tab=\"tab-1\" class=\"active\">Mais lidas<\/li>\n<\/ul>\n<div id=\"tab-1\" class=\"block-content active\">\n<div class=\"row\">\n<div class=\"col-s-12 col-l-3\"><a href=\"https:\/\/vejasp.abril.com.br\/cultura-lazer\/silvio-santos-rotina-pandemia\/\" class=\"card\"><span class=\"category hide-s\">Cultura &amp; Lazer<\/span><img title = \"[Tags]\"data-src=\"https:\/\/vejasp.abril.com.br\/wp-content\/uploads\/2020\/10\/LM8F2816.jpg.jpg?quality=70&amp;strip=info&amp;crop=0px%2C131px%2C659px%2C448px&amp;resize=680%2C453\"alt = \"LM8F2816.jpg Mulher humilha funcion\u00e1rios e agride jovens com ataques homof\u00f3bicos em padaria\" class=\"lazyload media\"><span class=\"category hide-l\">Cultura &amp; Lazer<\/span><span class=\"title\">A nova rotina de Silvio Santos, longe da televis\u00e3o h\u00e1 oito meses<\/span><\/a><\/div>\n<div class=\"col-s-12 col-l-3\"><a href=\"https:\/\/vejasp.abril.com.br\/cultura-lazer\/ana-maria-criticas-comentario-consciencia-negra-humana\/\" class=\"card\"><span class=\"category hide-s\">Cultura &amp; Lazer<\/span><img title = \"[Tags]\"data-src=\"https:\/\/vejasp.abril.com.br\/wp-content\/uploads\/2020\/03\/ana-maria-braga-insta.jpg?quality=70&amp;strip=info&amp;w=680&amp;h=453&amp;crop=1\"alt = \"LM8F2816.jpg Mulher humilha funcion\u00e1rios e agride jovens com ataques homof\u00f3bicos em padaria\" class=\"lazyload media\"><span class=\"category hide-l\">Cultura &amp; Lazer<\/span><span class=\"title\">Ana Maria Braga \u00e9 alvo de cr\u00edticas ap\u00f3s coment\u00e1rio sobre Dia da Consci\u00eancia Negra<\/span><\/a><\/div>\n<div class=\"col-s-12 col-l-3\"><a href=\"https:\/\/vejasp.abril.com.br\/cidades\/ano-letivo-2021-fevereiro\/\" class=\"card\"><span class=\"category hide-s\">Cidades<\/span><img title = \"[Tags]\"data-src=\"https:\/\/vejasp.abril.com.br\/wp-content\/uploads\/2020\/09\/50297955423_1b7e6c6dd8_k.jpg?quality=70&amp;strip=info&amp;w=680&amp;h=453&amp;crop=1\"alt = \"LM8F2816.jpg Mulher humilha funcion\u00e1rios e agride jovens com ataques homof\u00f3bicos em padaria\" class=\"lazyload media\"><span class=\"category hide-l\">Cidades<\/span><span class=\"title\">Secret\u00e1rio da Educa\u00e7\u00e3o d\u00e1 data para in\u00edcio do ano letivo em 2021<\/span><\/a><\/div>\n<div class=\"col-s-12 col-l-3\"><a href=\"https:\/\/vejasp.abril.com.br\/cidades\/carrefour-racismo-nota-televisao\/\" class=\"card\"><span class=\"category hide-s\">Cidades<\/span><img title = \"[Tags]\"data-src=\"https:\/\/vejasp.abril.com.br\/wp-content\/uploads\/2020\/11\/carrefour.png?w=680&amp;h=453&amp;crop=1\"alt = \"LM8F2816.jpg Mulher humilha funcion\u00e1rios e agride jovens com ataques homof\u00f3bicos em padaria\" class=\"lazyload media\"><span class=\"category hide-l\">Cidades<\/span><span class=\"title\">Carrefour interrompe hor\u00e1rio nobre para falar sobre morte de Jo\u00e3o Alberto<\/span><\/a><\/div>\n<\/div>\n<\/div>\n<\/div>\n<div id=\"leia_mais\" class=\"block related-posts leia-mais\">\n<ul class=\"block-menu\">\n<li data-tab=\"tab-1\" class=\"active\">Leia mais<\/li>\n<\/ul>\n<div id=\"tab-1\" class=\"block-content active\">\n<div class=\"row\">\n<div class=\"col-s-12 col-l-3\"><a href=\"https:\/\/vejasp.abril.com.br\/cultura-lazer\/ana-maria-criticas-comentario-consciencia-negra-humana\/\" class=\"card\"><span class=\"category hide-s\"><\/span><img title = \"[Tags]\"data-src=\"https:\/\/vejasp.abril.com.br\/wp-content\/uploads\/2020\/03\/ana-maria-braga-insta.jpg?quality=70&amp;strip=info&amp;w=680&amp;h=453&amp;crop=1\"alt = \"LM8F2816.jpg Mulher humilha funcion\u00e1rios e agride jovens com ataques homof\u00f3bicos em padaria\" class=\"lazyload media\"><span class=\"category hide-l\"><\/span><span class=\"title\">Ana Maria Braga \u00e9 alvo de cr\u00edticas ap\u00f3s coment\u00e1rio sobre Dia da Consci\u00eancia Negra<\/span><\/a><\/div>\n<div class=\"col-s-12 col-l-3\"><a href=\"https:\/\/vejasp.abril.com.br\/cultura-lazer\/corrida-marvel-virtual\/\" class=\"card\"><span class=\"category hide-s\"><\/span><img title = \"[Tags]\"data-src=\"https:\/\/vejasp.abril.com.br\/wp-content\/uploads\/2020\/11\/IMG_1687.jpg?quality=70&amp;strip=info&amp;w=680&amp;h=453&amp;crop=1\"alt = \"LM8F2816.jpg Mulher humilha funcion\u00e1rios e agride jovens com ataques homof\u00f3bicos em padaria\" class=\"lazyload media\"><span class=\"category hide-l\"><\/span><span class=\"title\">Segunda edi\u00e7\u00e3o da Corrida Marvel acontece virtualmente este m\u00eas<\/span><\/a><\/div>\n<div class=\"col-s-12 col-l-3\"><a href=\"https:\/\/vejasp.abril.com.br\/cultura-lazer\/silvio-santos-rotina-pandemia\/\" class=\"card\"><span class=\"category hide-s\"><\/span><img title = \"[Tags]\"data-src=\"https:\/\/vejasp.abril.com.br\/wp-content\/uploads\/2020\/10\/LM8F2816.jpg.jpg?quality=70&amp;strip=info&amp;crop=0px%2C131px%2C659px%2C448px&amp;resize=680%2C453\"alt = \"LM8F2816.jpg Mulher humilha funcion\u00e1rios e agride jovens com ataques homof\u00f3bicos em padaria\" class=\"lazyload media\"><span class=\"category hide-l\"><\/span><span class=\"title\">A nova rotina de Silvio Santos, longe da televis\u00e3o h\u00e1 oito meses<\/span><\/a><\/div>\n<div class=\"col-s-12 col-l-3\"><a href=\"https:\/\/vejasp.abril.com.br\/cultura-lazer\/jonas-mello-morre\/\" class=\"card\"><span class=\"category hide-s\"><\/span><img title = \"[Tags]\"data-src=\"https:\/\/vejasp.abril.com.br\/wp-content\/uploads\/2020\/11\/1605785397482.jpg?quality=70&amp;strip=info&amp;w=680&amp;h=453&amp;crop=1\"alt = \"LM8F2816.jpg Mulher humilha funcion\u00e1rios e agride jovens com ataques homof\u00f3bicos em padaria\" class=\"lazyload media\"><span class=\"category hide-l\"><\/span><span class=\"title\">Ator Jonas Mello, de Flor do Caribe, morre aos 83 anos<\/span><\/a><\/div>\n<\/div>\n<\/div>\n<\/div>\n<div class=\"ads post-ads\"><span class=\"title\">Continua ap\u00f3s a publicidade<\/span><\/p>\n<div id=\"abrAD_rectangle3\" class=\"abrAD\" data-ad-><\/div>\n<\/div>\n<p><script async src=\"http:\/\/platform.twitter.com\/widgets.js\" charset=\"utf-8\"><\/script><br \/>\n<br \/><br \/>\n<br \/><a href=\"https:\/\/vejasp.abril.com.br\/cidades\/mulher-humilha-funcionarios-agride-homofobia-dona-deola\/\">Fonte do Artigo <\/a><br \/>\nTags:<br \/>\n#loterias #loteriascaixa #megasena #resultadoapostas#noticias #noticiario  #noticia #brasil #noticiascolombia #mundo #esporte #colombia #noticiadeld #ltimasnoticias  #noticiario #noticiasregionales #noticiasdepartamentales #noticiashoy #esportes #noticiaahora #elinformantenoticias #noticiasdeboyac  #esporteinterativo #esportivo #diariodosesportes  #noticiero  #jogodefutebol #jogos #loto #apostas<\/p>\n","protected":false},"excerpt":{"rendered":"<p>Uma mulher foi gravada, na noite de sexta (20), bradando ofensas homof\u00f3bicas e transf\u00f3bicas para dois clientes e atirando objetos em um deles numa padaria em S\u00e3o Paulo. Uma s\u00e9rie de v\u00eddeos circulou pelas redes sociais mostrando as agress\u00f5es. A Vejinha teve acesso tamb\u00e9m a imagens da cliente humilhando, instantes antes, dois funcion\u00e1rios do estabelecimento, [&hellip;]<\/p>\n","protected":false},"author":1,"featured_media":62350,"comment_status":"open","ping_status":"open","sticky":false,"template":"","format":"standard","meta":{"footnotes":""},"categories":[1],"tags":[],"class_list":["post-62349","post","type-post","status-publish","format-standard","has-post-thumbnail","hentry","category-curso-de-copy"],"_links":{"self":[{"href":"https:\/\/wiy.com.br\/noticias\/wp-json\/wp\/v2\/posts\/62349","targetHints":{"allow":["GET"]}}],"collection":[{"href":"https:\/\/wiy.com.br\/noticias\/wp-json\/wp\/v2\/posts"}],"about":[{"href":"https:\/\/wiy.com.br\/noticias\/wp-json\/wp\/v2\/types\/post"}],"author":[{"embeddable":true,"href":"https:\/\/wiy.com.br\/noticias\/wp-json\/wp\/v2\/users\/1"}],"replies":[{"embeddable":true,"href":"https:\/\/wiy.com.br\/noticias\/wp-json\/wp\/v2\/comments?post=62349"}],"version-history":[{"count":0,"href":"https:\/\/wiy.com.br\/noticias\/wp-json\/wp\/v2\/posts\/62349\/revisions"}],"wp:featuredmedia":[{"embeddable":true,"href":"https:\/\/wiy.com.br\/noticias\/wp-json\/wp\/v2\/media\/62350"}],"wp:attachment":[{"href":"https:\/\/wiy.com.br\/noticias\/wp-json\/wp\/v2\/media?parent=62349"}],"wp:term":[{"taxonomy":"category","embeddable":true,"href":"https:\/\/wiy.com.br\/noticias\/wp-json\/wp\/v2\/categories?post=62349"},{"taxonomy":"post_tag","embeddable":true,"href":"https:\/\/wiy.com.br\/noticias\/wp-json\/wp\/v2\/tags?post=62349"}],"curies":[{"name":"wp","href":"https:\/\/api.w.org\/{rel}","templated":true}]}}