{"id":6185,"date":"2023-02-26T15:03:20","date_gmt":"2023-02-26T18:03:20","guid":{"rendered":"https:\/\/wiy.com.br\/noticias\/na-kraft-heinz-cada-ponto-de-crescimento-e-uma-vitoria\/"},"modified":"2019-02-21T06:44:01","modified_gmt":"2019-02-21T09:44:01","slug":"na-kraft-heinz-cada-ponto-de-crescimento-e-uma-vitoria","status":"publish","type":"post","link":"https:\/\/wiy.com.br\/noticias\/na-kraft-heinz-cada-ponto-de-crescimento-e-uma-vitoria\/","title":{"rendered":"Na Kraft Heinz, cada ponto de crescimento \u00e9 uma vit\u00f3ria"},"content":{"rendered":"<p> <br \/>\n<\/p>\n<p>Saem as planilhas de custos e os banqueiros de fus\u00f5es e aquisi\u00e7\u00f5es, entram novas vers\u00f5es de ketchups e biscoitos. A gigante de bens de consumo <a href=\"https:\/\/exame.abril.com.br\/noticias-sobre\/kraft\/\" target=\"_blank\" rel=\"noopener noreferrer\"><strong>Kraft Heinz<\/strong><\/a> divulga relat\u00f3rio trimestral nesta quinta-feira e analistas e investidores estar\u00e3o de olho em sua capacidade de crescer por conta pr\u00f3pria. \u00c9 um cen\u00e1rio novo para o fundo brasileiro 3G, controlador da companhia.<\/p>\n<p>A decis\u00e3o do 3G de unir dois \u00edcones do mercado de consumo americano, em 2015,\u00a0se baseava principalmente na possibilidade de a gigante do segmento de alimentos e bebidas reduzir custos e ter ganhos de escala. S\u00f3 que as melhorias operacionais n\u00e3o se traduziram em valoriza\u00e7\u00e3o das a\u00e7\u00f5es. Os pap\u00e9is do conglomerado ca\u00edram quase pela metade de l\u00e1 para c\u00e1, assim como sua fatia de mercado. Nesse per\u00edodo, o Kraft Heinz reduziu investimentos em marketing e a adotou a regra de \u201cor\u00e7amento base zero\u201d, com revis\u00e3o anual de cada linha de custo.<\/p>\n<p>O problema \u00e9 que o mercado andou, puxado por startups com apelo entre os jovens. Em 2017, a Kraft Heinz tentou responder \u00e0s press\u00f5es a seu estilo: comprando. Mas a recusa da gigante de bens de consumo Unilever por uma fus\u00e3o jogou a empresa no nevoeiro. Agora, a ordem \u00e9 correr atr\u00e1s.\u00a0\u201cCome\u00e7amos a acelerar a nossa agenda de crescimento\u2026 Decidimos investir mais\u201d, disse o presidente da companhia, Bernardo Hees, ao jornal brit\u00e2nico Financial Times.<\/p>\n<p>Apesar de a\u00a0empresa n\u00e3o ter impressionado os investidores nos tr\u00eas primeiros trimestres de 2018, a expectativa \u00e9 de que os resultados de outubro a dezembro tragam boas surpresas sustentadas pelo crescimento org\u00e2nico.<\/p>\n<p>De acordo com casa de an\u00e1lise Market Realist, as margens de lucro devem permanecer comprimidas pelas press\u00f5es de pre\u00e7o e aumento das commodities, al\u00e9m dos custos de transporte. No entanto, h\u00e1 expectativa de que o faturamento volte a crescer. \u201cO consenso de mercado \u00e9 que a receita da Kraft Heinz seja de 6,9 bilh\u00f5es de d\u00f3lares, o que representa uma alta de 1% em rela\u00e7\u00e3o ao mesmo per\u00edodo de 2017\u201d, escreve Adrian Stevens, do Market Realist. Os pap\u00e9is se valorizaram 10,6% em 2019 e o resultado pode fazer com que subam ainda mais.<\/p>\n<p>Pressionada, a empresa passa por mudan\u00e7as. Um ano ap\u00f3s a sa\u00edda do megainvestidor Warren Buffett, Marcel Telles, s\u00f3cio da 3G, anunciou que n\u00e3o vai se candidatar novamente a uma vaga no conselho da Kraft Heinz em 2019. Com o mandato v\u00e1lido at\u00e9 abril, Telles abre espa\u00e7o para Daniel S. Schwartz, que se tornou presidente do conselho da RBI (Restaurant Brands International), em janeiro. \u201cO bom da cultura 3G \u00e9 que n\u00e3o est\u00e1 personificada em apenas uma pessoa. \u00c9 claro que existem os guardi\u00f5es, mas a cultura vai permanecer na empresa mesmo sem o Telles\u201d, afirma\u00a0Daniel Martins, s\u00f3cio-fundador da gestora de investimentos Geo Capital, especializada em grandes empresas internacionais.<\/p>\n<p>\u00c9 justamente esta cultura de efici\u00eancia e grandes fus\u00f5es que estar\u00e1 mais uma vez \u00e0 prova nesta quinta-feira.<\/p>\n<p><br \/>\n<br \/><a href=\"https:\/\/exame.abril.com.br\/negocios\/na-kraft-heinz-cada-ponto-de-crescimento-e-uma-vitoria\/\">Fonte do Artigo<\/a><\/p>\n<p>#marketingdigital #marketing #seo #digitalmarketing #socialmedia #socialmediamarketing #business #contentmarketing #onlinemarketing #empreendedorismo #branding #entrepreneur #o #marketingtips #startup #smallbusiness #advertising #entrepreneurship #marketingonline #marketingstrategy #sucesso #success #webdesign #instagram #follow #like #sales #design #socialmediatips <\/p>\n","protected":false},"excerpt":{"rendered":"<p>Saem as planilhas de custos e os banqueiros de fus\u00f5es e aquisi\u00e7\u00f5es, entram novas vers\u00f5es de ketchups e biscoitos. A gigante de bens de consumo Kraft Heinz divulga relat\u00f3rio trimestral nesta quinta-feira e analistas e investidores estar\u00e3o de olho em sua capacidade de crescer por conta pr\u00f3pria. \u00c9 um cen\u00e1rio novo para o fundo brasileiro [&hellip;]<\/p>\n","protected":false},"author":1,"featured_media":6186,"comment_status":"open","ping_status":"open","sticky":false,"template":"","format":"standard","meta":{"footnotes":""},"categories":[339],"tags":[],"class_list":["post-6185","post","type-post","status-publish","format-standard","has-post-thumbnail","hentry","category-negocios"],"_links":{"self":[{"href":"https:\/\/wiy.com.br\/noticias\/wp-json\/wp\/v2\/posts\/6185","targetHints":{"allow":["GET"]}}],"collection":[{"href":"https:\/\/wiy.com.br\/noticias\/wp-json\/wp\/v2\/posts"}],"about":[{"href":"https:\/\/wiy.com.br\/noticias\/wp-json\/wp\/v2\/types\/post"}],"author":[{"embeddable":true,"href":"https:\/\/wiy.com.br\/noticias\/wp-json\/wp\/v2\/users\/1"}],"replies":[{"embeddable":true,"href":"https:\/\/wiy.com.br\/noticias\/wp-json\/wp\/v2\/comments?post=6185"}],"version-history":[{"count":0,"href":"https:\/\/wiy.com.br\/noticias\/wp-json\/wp\/v2\/posts\/6185\/revisions"}],"wp:featuredmedia":[{"embeddable":true,"href":"https:\/\/wiy.com.br\/noticias\/wp-json\/wp\/v2\/media\/6186"}],"wp:attachment":[{"href":"https:\/\/wiy.com.br\/noticias\/wp-json\/wp\/v2\/media?parent=6185"}],"wp:term":[{"taxonomy":"category","embeddable":true,"href":"https:\/\/wiy.com.br\/noticias\/wp-json\/wp\/v2\/categories?post=6185"},{"taxonomy":"post_tag","embeddable":true,"href":"https:\/\/wiy.com.br\/noticias\/wp-json\/wp\/v2\/tags?post=6185"}],"curies":[{"name":"wp","href":"https:\/\/api.w.org\/{rel}","templated":true}]}}