{"id":61545,"date":"2023-02-26T14:53:42","date_gmt":"2023-02-26T17:53:42","guid":{"rendered":"https:\/\/wiy.com.br\/noticias\/fim-de-semana-sera-de-sol-veja-a-previsao-do-tempo\/"},"modified":"2020-11-06T12:49:44","modified_gmt":"2020-11-06T14:49:44","slug":"fim-de-semana-sera-de-sol-veja-a-previsao-do-tempo","status":"publish","type":"post","link":"https:\/\/wiy.com.br\/noticias\/fim-de-semana-sera-de-sol-veja-a-previsao-do-tempo\/","title":{"rendered":"Fim de semana ser\u00e1 de sol: veja a previs\u00e3o do tempo"},"content":{"rendered":"<p> <br \/>\n<\/p>\n<div class=\"mc-column content-text active-extra-styles \" data-block-type=\"unstyled\" data-block-weight=\"35\" data-block-id=\"2\">\n<p data-track-category=\"Link no Texto\" data-track-links=\"\">A <strong>capital paulista<\/strong> ter\u00e1 um final de semana de sol e calor. Sem previs\u00e3o de chuva, o tempo fica mais seco e as temperaturas se elevam, diz o Climatempo.<\/p>\n<p data-track-category=\"Link no Texto\" data-track-links=\"\">A sexta-feira (6) come\u00e7ou fria como nos dias anteriores, com temperatura m\u00e9dia de 13\u00baC. Ao longo do dia, os term\u00f4metros sobem para os 24\u00baC.<\/p>\n<p data-track-category=\"Link no Texto\" data-track-links=\"\">No s\u00e1bado (7), o sol brilha e a m\u00e1xima chega aos 26\u00baC. A m\u00ednima \u00e9 de 12\u00baC. J\u00e1 no domingo (8), os term\u00f4metros variam entre 15\u00b0C e 28\u00b0C.<\/p>\n<p data-track-category=\"Link no Texto\" data-track-links=\"\">\n<\/div>\n<div class=\"ads post-ads\"><span class=\"title\">Continua ap\u00f3s a publicidade<\/span><\/p>\n<div id=\"abrAD_rectangle3\" class=\"abrAD\" data-ad-><\/div>\n<\/div>\n<p><br \/>\n<br \/><a href=\"https:\/\/vejasp.abril.com.br\/cidades\/previsao-do-tempo-fim-de-semana\/\">Fonte do Artigo <\/a><br \/>\nTags:<br \/>\n#loterias #loteriascaixa #megasena #resultadoapostas#noticias #noticiario  #noticia #brasil #noticiascolombia #mundo #esporte #colombia #noticiadeld #ltimasnoticias  #noticiario #noticiasregionales #noticiasdepartamentales #noticiashoy #esportes #noticiaahora #elinformantenoticias #noticiasdeboyac  #esporteinterativo #esportivo #diariodosesportes  #noticiero  #jogodefutebol #jogos #loto #apostas<\/p>\n","protected":false},"excerpt":{"rendered":"<p>A capital paulista ter\u00e1 um final de semana de sol e calor. Sem previs\u00e3o de chuva, o tempo fica mais seco e as temperaturas se elevam, diz o Climatempo. A sexta-feira (6) come\u00e7ou fria como nos dias anteriores, com temperatura m\u00e9dia de 13\u00baC. Ao longo do dia, os term\u00f4metros sobem para os 24\u00baC. No s\u00e1bado [&hellip;]<\/p>\n","protected":false},"author":1,"featured_media":61546,"comment_status":"open","ping_status":"open","sticky":false,"template":"","format":"standard","meta":{"footnotes":""},"categories":[1],"tags":[],"class_list":["post-61545","post","type-post","status-publish","format-standard","has-post-thumbnail","hentry","category-curso-de-copy"],"_links":{"self":[{"href":"https:\/\/wiy.com.br\/noticias\/wp-json\/wp\/v2\/posts\/61545","targetHints":{"allow":["GET"]}}],"collection":[{"href":"https:\/\/wiy.com.br\/noticias\/wp-json\/wp\/v2\/posts"}],"about":[{"href":"https:\/\/wiy.com.br\/noticias\/wp-json\/wp\/v2\/types\/post"}],"author":[{"embeddable":true,"href":"https:\/\/wiy.com.br\/noticias\/wp-json\/wp\/v2\/users\/1"}],"replies":[{"embeddable":true,"href":"https:\/\/wiy.com.br\/noticias\/wp-json\/wp\/v2\/comments?post=61545"}],"version-history":[{"count":0,"href":"https:\/\/wiy.com.br\/noticias\/wp-json\/wp\/v2\/posts\/61545\/revisions"}],"wp:featuredmedia":[{"embeddable":true,"href":"https:\/\/wiy.com.br\/noticias\/wp-json\/wp\/v2\/media\/61546"}],"wp:attachment":[{"href":"https:\/\/wiy.com.br\/noticias\/wp-json\/wp\/v2\/media?parent=61545"}],"wp:term":[{"taxonomy":"category","embeddable":true,"href":"https:\/\/wiy.com.br\/noticias\/wp-json\/wp\/v2\/categories?post=61545"},{"taxonomy":"post_tag","embeddable":true,"href":"https:\/\/wiy.com.br\/noticias\/wp-json\/wp\/v2\/tags?post=61545"}],"curies":[{"name":"wp","href":"https:\/\/api.w.org\/{rel}","templated":true}]}}