{"id":61526,"date":"2023-02-26T15:21:40","date_gmt":"2023-02-26T18:21:40","guid":{"rendered":"https:\/\/wiy.com.br\/noticias\/instituto-singularidades-ganha-nova-sede-na-regiao-da-paulista\/"},"modified":"2020-11-06T07:44:18","modified_gmt":"2020-11-06T09:44:18","slug":"instituto-singularidades-ganha-nova-sede-na-regiao-da-paulista","status":"publish","type":"post","link":"https:\/\/wiy.com.br\/noticias\/instituto-singularidades-ganha-nova-sede-na-regiao-da-paulista\/","title":{"rendered":"Instituto Singularidades ganha nova sede na regi\u00e3o da Paulista"},"content":{"rendered":"<p> <br \/>\n<\/p>\n<p>Ex-secret\u00e1rio municipal da Educa\u00e7\u00e3o e atual presidente do <strong>Instituto Singularidades<\/strong>, <strong>Alexandre Schneider<\/strong> retornou de uma temporada em Nova York para cuidar da nova sede da institui\u00e7\u00e3o dedicada ao ensino pedag\u00f3gico. Pr\u00f3ximo \u00e0 Avenida Paulista, o local ser\u00e1 inaugurado nesta sexta (6), em tr\u00eas andares com salas multi\u00faso, laborat\u00f3rio maker e mais \u00e1reas de conv\u00edvio do que a sede anterior, em Pinheiros. A reforma, segundo o presidente, custou cerca de 8 milh\u00f5es de reais. Mantida pela fam\u00edlia Diniz, a universidade planeja aumentar as op\u00e7\u00f5es de cursos e o n\u00famero de alunos \u2014 atualmente s\u00e3o cerca de 1 500 e, entre os professores formados, a maioria integra o corpo docente de col\u00e9gios como S\u00e3o Luiz e Vera Cruz. \u201cHoje o Singularidades forma mais professores para escolas de elite, mas queremos ampliar o apoio na forma\u00e7\u00e3o das redes p\u00fablicas e privadas ao redor do pa\u00eds\u201d, planeja Schneider. \u201cOutro desafio \u00e9 desenvolver novas metodologias para esse ensino atual, que mistura o uso da tecnologia com a aula presencial, e refor\u00e7ar a diversidade da nossa equipe.\u201d<\/p>\n<figure><img title = \"[Tags]\"alt = \"SINGULARIDADES_1 Instituto Singularidades ganha nova sede na regi\u00e3o da Paulista\"decoding=\"async\" src=\"https:\/\/vejasp.abril.com.br\/wp-content\/uploads\/2020\/11\/SINGULARIDADES_1.jpg\" \/><figcaption>Na Cincinato Braga, universidade para professores abre as portas.<span class=\"copyright\">Alexandre Battibugli\/Veja SP<\/span><\/figcaption><\/figure>\n<p><strong>Publicado em VEJA S\u00e3o Paulo de 11 de novembro de 2020, edi\u00e7\u00e3o n\u00ba 2712.<\/strong><\/p>\n<p><strong>+<a href=\"https:\/\/abr.ai\/assine-vejasp\" target=\"_blank\" data-saferedirecturl=\"https:\/\/www.google.com\/url?q=https:\/\/abr.ai\/assine-vejasp&amp;source=gmail&amp;ust=1602102083028000&amp;usg=AFQjCNHa3iaSEwf56DugKaoS1R-oSAjM_g\" rel=\"noopener noreferrer\"><span class=\"il\">Assine<\/span><span>\u00a0<\/span>a<span>\u00a0<\/span><span class=\"il\">Vejinha<\/span><span>\u00a0<\/span>a partir de 5,90<\/a><\/strong><\/p>\n<\/p>\n<div class=\"ads post-ads\"><span class=\"title\">Continua ap\u00f3s a publicidade<\/span><\/p>\n<div id=\"abrAD_rectangle3\" class=\"abrAD\" data-ad-><\/div>\n<\/div>\n<p><br \/>\n<br \/><a href=\"https:\/\/vejasp.abril.com.br\/blog\/terraco-paulistano\/faculdade-da-familia-diniz-abre-as-portas-em-nova-sede-proxima-a-paulista\/\">Fonte do Artigo <\/a><br \/>\nTags:<br \/>\n#loterias #loteriascaixa #megasena #resultadoapostas#noticias #noticiario  #noticia #brasil #noticiascolombia #mundo #esporte #colombia #noticiadeld #ltimasnoticias  #noticiario #noticiasregionales #noticiasdepartamentales #noticiashoy #esportes #noticiaahora #elinformantenoticias #noticiasdeboyac  #esporteinterativo #esportivo #diariodosesportes  #noticiero  #jogodefutebol #jogos #loto #apostas<\/p>\n","protected":false},"excerpt":{"rendered":"<p>Ex-secret\u00e1rio municipal da Educa\u00e7\u00e3o e atual presidente do Instituto Singularidades, Alexandre Schneider retornou de uma temporada em Nova York para cuidar da nova sede da institui\u00e7\u00e3o dedicada ao ensino pedag\u00f3gico. Pr\u00f3ximo \u00e0 Avenida Paulista, o local ser\u00e1 inaugurado nesta sexta (6), em tr\u00eas andares com salas multi\u00faso, laborat\u00f3rio maker e mais \u00e1reas de conv\u00edvio do [&hellip;]<\/p>\n","protected":false},"author":1,"featured_media":61527,"comment_status":"open","ping_status":"open","sticky":false,"template":"","format":"standard","meta":{"footnotes":""},"categories":[1],"tags":[],"class_list":["post-61526","post","type-post","status-publish","format-standard","has-post-thumbnail","hentry","category-curso-de-copy"],"_links":{"self":[{"href":"https:\/\/wiy.com.br\/noticias\/wp-json\/wp\/v2\/posts\/61526","targetHints":{"allow":["GET"]}}],"collection":[{"href":"https:\/\/wiy.com.br\/noticias\/wp-json\/wp\/v2\/posts"}],"about":[{"href":"https:\/\/wiy.com.br\/noticias\/wp-json\/wp\/v2\/types\/post"}],"author":[{"embeddable":true,"href":"https:\/\/wiy.com.br\/noticias\/wp-json\/wp\/v2\/users\/1"}],"replies":[{"embeddable":true,"href":"https:\/\/wiy.com.br\/noticias\/wp-json\/wp\/v2\/comments?post=61526"}],"version-history":[{"count":0,"href":"https:\/\/wiy.com.br\/noticias\/wp-json\/wp\/v2\/posts\/61526\/revisions"}],"wp:featuredmedia":[{"embeddable":true,"href":"https:\/\/wiy.com.br\/noticias\/wp-json\/wp\/v2\/media\/61527"}],"wp:attachment":[{"href":"https:\/\/wiy.com.br\/noticias\/wp-json\/wp\/v2\/media?parent=61526"}],"wp:term":[{"taxonomy":"category","embeddable":true,"href":"https:\/\/wiy.com.br\/noticias\/wp-json\/wp\/v2\/categories?post=61526"},{"taxonomy":"post_tag","embeddable":true,"href":"https:\/\/wiy.com.br\/noticias\/wp-json\/wp\/v2\/tags?post=61526"}],"curies":[{"name":"wp","href":"https:\/\/api.w.org\/{rel}","templated":true}]}}