{"id":61503,"date":"2023-02-26T15:38:20","date_gmt":"2023-02-26T18:38:20","guid":{"rendered":"https:\/\/wiy.com.br\/noticias\/boulos-e-alvo-de-criticas-apos-reclamar-de-valor-do-estacionamento-do-ibirapuera\/"},"modified":"2020-11-05T20:33:08","modified_gmt":"2020-11-05T22:33:08","slug":"boulos-e-alvo-de-criticas-apos-reclamar-de-valor-do-estacionamento-do-ibirapuera","status":"publish","type":"post","link":"https:\/\/wiy.com.br\/noticias\/boulos-e-alvo-de-criticas-apos-reclamar-de-valor-do-estacionamento-do-ibirapuera\/","title":{"rendered":"Boulos \u00e9 alvo de cr\u00edticas ap\u00f3s reclamar de valor do estacionamento do Ibirapuera"},"content":{"rendered":"<p> <br \/>\n<\/p>\n<p><strong>Guilherme Boulos<\/strong>, candidato do PSOL na disputa da prefeitura de S\u00e3o Paulo, foi alvo de <strong>cr\u00edticas<\/strong> de alguns eleitores ap\u00f3s publicar um tweet em que questiona a <strong>cobran\u00e7a<\/strong> de <strong>estacionamento<\/strong> no <strong>Parque Ibirapuera<\/strong>.<\/p>\n<p>A partir de sexta-feira (6) as cerca de 1 080 vagas para carros no interior do parque ser\u00e3o geridas pelo grupo Indigo. O Ibirapuera foi concedido para a iniciativa privada no \u00faltimo m\u00eas. Anteriormente as vagas j\u00e1 eram pagas, por meio da Zona Azul, da Companhia de Engenharia de Tr\u00e1fego (CET). Parar o carro por ali custava 5 reais a cada duas horas das 10h \u00e0s 20h durante a semana e das 8h \u00e0s 18h durante o final de semana.<\/p>\n<blockquote class=\"twitter-tweet\" data-width=\"500\" data-dnt=\"true\">\n<p lang=\"pt\" dir=\"ltr\">D\u00f3ria e Covas privatizaram o Ibirapuera h\u00e1 1 m\u00eas.<\/p>\n<p>A partir de agora, os paulistanos v\u00e3o pagar 12 reais de estacionamento nos finais de semana para visitar o parque.<\/p>\n<p>Privatizada e para quem pode pagar: esse \u00e9 o projeto dos tucanos para SP.<br \/>Vamos virar esse jogo! <a href=\"https:\/\/twitter.com\/hashtag\/ViraSp50?src=hash&amp;ref_src=twsrc%5Etfw\">#ViraSp50<\/a><\/p>\n<p>&mdash; Guilherme Boulos 50 (@GuilhermeBoulos) <a href=\"https:\/\/twitter.com\/GuilhermeBoulos\/status\/1324320304018165760?ref_src=twsrc%5Etfw\">November 5, 2020<\/a><\/p>\n<\/blockquote>\n<p>Com a mudan\u00e7a de gest\u00e3o, as vagas passam a ter pre\u00e7o \u00fanico de 10 reais durante a semana e 12 reais durante os finais de semana, com toler\u00e2ncia de 15 minutos, <a href=\"https:\/\/vejasp.abril.com.br\/blog\/terraco-paulistano\/parque-ibirapuera-tera-reformas-de-1-milhao-de-reais-no-estacionamento\/\">conforme antecipou a <strong><em>Vejinha<\/em><\/strong>.<\/a> Pelo Twitter, Boulos falou sobre a nova tarifa. &#8220;<span>A partir de agora, os paulistanos v\u00e3o pagar 12 reais de estacionamento nos finais de semana para visitar o parque. Privatizada e para quem pode pagar: esse \u00e9 o projeto dos tucanos para SP&#8221;, disse ele, em refer\u00eancia a concess\u00e3o do equipamento p\u00fablico, que se iniciou durante a gest\u00e3o de Jo\u00e3o Doria e foi concretizada por Bruno Covas (ambos do PSDB).<\/span><\/p>\n<p>Nos coment\u00e1rios, simpatizantes do candidato criticaram a fala. &#8220;A cobran\u00e7a \u00e9 para estacionar um carro, n\u00e3o para adentrar ou usufruir do parque. Eu nunca vou ser contra cobran\u00e7a de carro, incentivos diretos para o seu desuso \u00e9 exatamente o que precisamos no mundo hoje. Esperava mais de voc\u00ea nesse ponto, Boulos&#8221;, escreveu Eduardo Castro.<\/p>\n<p>&#8220;Eu vou votar em voc\u00ea Boulos, mas acho justa a cobran\u00e7a em estacionamentos&#8221;, disse a cantora Bivolt.<\/p>\n<p>A <strong><em>Vejinha<\/em> <\/strong>procurou a assessoria do candidato. O espa\u00e7o est\u00e1 aberto para manifesta\u00e7\u00e3o.<\/p>\n<blockquote class=\"twitter-tweet\" data-width=\"500\" data-dnt=\"true\">\n<p lang=\"pt\" dir=\"ltr\">E acesso ao parque \u00e9 ter carro pra pagar estacionamento, \u00e9?<\/p>\n<p>&mdash; Wagner Artur Cabral <img title = \"[Tags]\"decoding=\"async\" src=\"https:\/\/s.w.org\/images\/core\/emoji\/12.0.0-1\/72x72\/1f1e7-1f1f7.png\"alt = \"1f1e7-1f1f7 Boulos \u00e9 alvo de cr\u00edticas ap\u00f3s reclamar de valor do estacionamento do Ibirapuera\" class=\"wp-smiley\" \/> <img title = \"[Tags]\"decoding=\"async\" src=\"https:\/\/s.w.org\/images\/core\/emoji\/12.0.0-1\/72x72\/1f1fa-1f1f3.png\"alt = \"1f1e7-1f1f7 Boulos \u00e9 alvo de cr\u00edticas ap\u00f3s reclamar de valor do estacionamento do Ibirapuera\" class=\"wp-smiley\" \/> (@MrWagnerCabral) <a href=\"https:\/\/twitter.com\/MrWagnerCabral\/status\/1324321520412491777?ref_src=twsrc%5Etfw\">November 5, 2020<\/a><\/p>\n<div class=\"ads post-ads\"><span class=\"title\">Continua ap\u00f3s a publicidade<\/span><\/p>\n<div id=\"abrAD_rectangle2\" class=\"abrAD\" data-ad-><\/div>\n<\/div>\n<\/blockquote>\n<blockquote class=\"twitter-tweet\" data-width=\"500\" data-dnt=\"true\">\n<p lang=\"pt\" dir=\"ltr\">.<a href=\"https:\/\/twitter.com\/GuilhermeBoulos?ref_src=twsrc%5Etfw\">@GuilhermeBoulos<\/a> meu querido, cobrar pelo uso do espa\u00e7o p\u00fablico por um meio de transporte individual, poluidor, que estraga as cidades est\u00e1 longe de ser uma m\u00e1 ideia. Cobrar pelo uso do carro \u00e9 desprivatiza\u00e7\u00e3o do espa\u00e7o p\u00fablico. Vou marcar <a href=\"https:\/\/twitter.com\/plguedes?ref_src=twsrc%5Etfw\">@plguedes<\/a> aqui pra ajudar nas ideias<\/p>\n<p>&mdash; Leonardo Cisneiros (@leocisneiros) <a href=\"https:\/\/twitter.com\/leocisneiros\/status\/1324351321626038275?ref_src=twsrc%5Etfw\">November 5, 2020<\/a><\/p>\n<\/blockquote>\n<blockquote class=\"twitter-tweet\" data-width=\"500\" data-dnt=\"true\">\n<p lang=\"pt\" dir=\"ltr\">Eu vou votar em vc Boulos, mas acho justa a cobran\u00e7a em estacionamentos.<br \/>Sem contar que 12 reais pra quem frequenta o Autorama a noite eh bem mais barato que motel hahahaha<\/p>\n<p>&mdash; Bivolt (@bivolt_mc) <a href=\"https:\/\/twitter.com\/bivolt_mc\/status\/1324386619936378886?ref_src=twsrc%5Etfw\">November 5, 2020<\/a><\/p>\n<\/blockquote>\n<blockquote class=\"twitter-tweet\" data-width=\"500\" data-dnt=\"true\">\n<p lang=\"pt\" dir=\"ltr\">A cobran\u00e7a \u00e9 para estacionar um carro, n\u00e3o para adentrar ou usufruir do parque. Eu nunca vou ser contra cobran\u00e7a de carro, incentivos diretos para o seu desuso \u00e9 exatamente o que precisamos no mundo hoje. Esperava mais de voc\u00ea nesse ponto, Boulos.<\/p>\n<p>&mdash; Eduardo Castro (@eduardo_ocastro) <a href=\"https:\/\/twitter.com\/eduardo_ocastro\/status\/1324327192260681735?ref_src=twsrc%5Etfw\">November 5, 2020<\/a><\/p>\n<\/blockquote>\n<p>&nbsp;<\/p>\n<p>&nbsp;<\/p>\n<p>&nbsp;<\/p>\n<div class=\"ads post-ads\"><span class=\"title\">Continua ap\u00f3s a publicidade<\/span><\/p>\n<div id=\"abrAD_rectangle3\" class=\"abrAD\" data-ad-><\/div>\n<\/div>\n<p><script async src=\"http:\/\/platform.twitter.com\/widgets.js\" charset=\"utf-8\"><\/script><br \/>\n<br \/><br \/>\n<br \/><a href=\"https:\/\/vejasp.abril.com.br\/cidades\/guilherme-boulos-estacionamento-parque-ibirapuera\/\">Fonte do Artigo <\/a><br \/>\nTags:<br \/>\n#loterias #loteriascaixa #megasena #resultadoapostas#noticias #noticiario  #noticia #brasil #noticiascolombia #mundo #esporte #colombia #noticiadeld #ltimasnoticias  #noticiario #noticiasregionales #noticiasdepartamentales #noticiashoy #esportes #noticiaahora #elinformantenoticias #noticiasdeboyac  #esporteinterativo #esportivo #diariodosesportes  #noticiero  #jogodefutebol #jogos #loto #apostas<\/p>\n","protected":false},"excerpt":{"rendered":"<p>Guilherme Boulos, candidato do PSOL na disputa da prefeitura de S\u00e3o Paulo, foi alvo de cr\u00edticas de alguns eleitores ap\u00f3s publicar um tweet em que questiona a cobran\u00e7a de estacionamento no Parque Ibirapuera. A partir de sexta-feira (6) as cerca de 1 080 vagas para carros no interior do parque ser\u00e3o geridas pelo grupo Indigo. [&hellip;]<\/p>\n","protected":false},"author":1,"featured_media":61504,"comment_status":"open","ping_status":"open","sticky":false,"template":"","format":"standard","meta":{"footnotes":""},"categories":[1],"tags":[],"class_list":["post-61503","post","type-post","status-publish","format-standard","has-post-thumbnail","hentry","category-curso-de-copy"],"_links":{"self":[{"href":"https:\/\/wiy.com.br\/noticias\/wp-json\/wp\/v2\/posts\/61503","targetHints":{"allow":["GET"]}}],"collection":[{"href":"https:\/\/wiy.com.br\/noticias\/wp-json\/wp\/v2\/posts"}],"about":[{"href":"https:\/\/wiy.com.br\/noticias\/wp-json\/wp\/v2\/types\/post"}],"author":[{"embeddable":true,"href":"https:\/\/wiy.com.br\/noticias\/wp-json\/wp\/v2\/users\/1"}],"replies":[{"embeddable":true,"href":"https:\/\/wiy.com.br\/noticias\/wp-json\/wp\/v2\/comments?post=61503"}],"version-history":[{"count":0,"href":"https:\/\/wiy.com.br\/noticias\/wp-json\/wp\/v2\/posts\/61503\/revisions"}],"wp:featuredmedia":[{"embeddable":true,"href":"https:\/\/wiy.com.br\/noticias\/wp-json\/wp\/v2\/media\/61504"}],"wp:attachment":[{"href":"https:\/\/wiy.com.br\/noticias\/wp-json\/wp\/v2\/media?parent=61503"}],"wp:term":[{"taxonomy":"category","embeddable":true,"href":"https:\/\/wiy.com.br\/noticias\/wp-json\/wp\/v2\/categories?post=61503"},{"taxonomy":"post_tag","embeddable":true,"href":"https:\/\/wiy.com.br\/noticias\/wp-json\/wp\/v2\/tags?post=61503"}],"curies":[{"name":"wp","href":"https:\/\/api.w.org\/{rel}","templated":true}]}}