{"id":61316,"date":"2023-02-26T15:06:52","date_gmt":"2023-02-26T18:06:52","guid":{"rendered":"https:\/\/wiy.com.br\/noticias\/ator-tom-veiga-interprete-do-louro-jose-do-mais-voce-morre-no-rio\/"},"modified":"2020-11-03T04:13:53","modified_gmt":"2020-11-03T06:13:53","slug":"ator-tom-veiga-interprete-do-louro-jose-do-mais-voce-morre-no-rio","status":"publish","type":"post","link":"https:\/\/wiy.com.br\/noticias\/ator-tom-veiga-interprete-do-louro-jose-do-mais-voce-morre-no-rio\/","title":{"rendered":"Ator Tom Veiga, int\u00e9rprete do Louro Jos\u00e9 do Mais Voc\u00ea, morre no Rio"},"content":{"rendered":"<p> <br \/>\n<\/p>\n<p>O ator <strong>Tom Veiga<\/strong>, int\u00e9rprete do <strong>Louro Jos\u00e9<\/strong> no programa <em>Mais Voc\u00ea<\/em>, apresentado por <strong>Ana Maria Braga<\/strong> na TV Globo, foi encontrado morto em sua casa na Barra da Tijuca, no Rio, neste domingo (1\u00ba). Veiga tinha 47 anos e trabalhou no Mais Voc\u00ea por 20 anos. Ainda n\u00e3o se sabe a causa da morte. A informa\u00e7\u00e3o foi divulgada pelo G1.<\/p>\n<p>Em mar\u00e7o de 2017, Ana Maria fez uma homenagem ao personagem no anivers\u00e1rio dele: &#8220;Obrigada pela companhia, parceria, lealdade. A gente nunca discutiu, nunca brigou, a gente nunca ficou sem se falar por nenhuma raz\u00e3o. \u00c9 uma das rela\u00e7\u00f5es mais fant\u00e1sticas da minha vida. Ele \u00e9 irm\u00e3o do meu papagaio que est\u00e1 l\u00e1 na fazenda, que tamb\u00e9m \u00e9 Louro Jos\u00e9. \u00c9 meu filho de penas&#8221;.<\/p>\n<p>Veiga <a href=\"https:\/\/vejasp.abril.com.br\/cultura-lazer\/louro-jose-tom-veiga-casamento\/\" target=\"_blank\" rel=\"noopener noreferrer\">havia se separado em setembro da esposa<\/a>, a investidora <strong>Cybelle Herm\u00ednio<\/strong>, 31, com quem ficou casado por oito meses. Ele deixa uma filha do primeiro casamento com <strong>Alessandra Veiga<\/strong>.<\/p>\n<p><strong>+<a href=\"https:\/\/abr.ai\/assine-vejasp\" target=\"_blank\" data-saferedirecturl=\"https:\/\/www.google.com\/url?q=https:\/\/abr.ai\/assine-vejasp&amp;source=gmail&amp;ust=1602102083028000&amp;usg=AFQjCNHa3iaSEwf56DugKaoS1R-oSAjM_g\" rel=\"noopener noreferrer\"><span class=\"il\">Assine<\/span><span>\u00a0<\/span>a<span>\u00a0<\/span><span class=\"il\">Vejinha<\/span><span>\u00a0<\/span>a partir de 6,90<\/a><\/strong><\/p>\n<p>O personagem de Louro Jos\u00e9 foi criado por Ana Maria Braga em 1996, segundo o site <strong>Mem\u00f3ria Globo<\/strong>. Na \u00e9poca, ela apresentava o programa <em>Note e Anote<\/em>, na Record. \u201cPrecisava ser um bicho que falasse, que interagisse comigo, mas n\u00e3o podia ser cachorro, porque cachorro n\u00e3o fala, passarinho n\u00e3o fala. E, por elimina\u00e7\u00e3o, decidimos pelo papagaio. Eu tenho um em casa chamado Louro Jos\u00e9. Ele fala e assobia o hino nacional&#8221;, relembrou ela, em depoimento. &#8220;E eu disse: \u2018Vamos p\u00f4r o Louro.\u2019 Fiz um primeiro rascunho do desenho e pedi para uma pessoa que desenvolvia bonecos faz\u00ea-lo. Ele nasceu todo mambembe. Depois a gente foi ajeitando, mudando a espuma, at\u00e9 que ele virou global \u2013 a\u00ed ficou um astro, lindo. \u00c9 um filho mesmo.&#8221;<\/p>\n<p>Diversas pessoas foram testadas para manipular o fantoche, segundo a mat\u00e9ria da Globo, mas quem ficou com o papel desde o in\u00edcio foi <strong>Tom Veiga<\/strong>. Inicialmente, ele trabalhava como assistente de est\u00fadio do <em>Note e Anote<\/em>. Um dia, Veiga pegou o fantoche e brincou com os colegas. Ana Maria, ent\u00e3o, o viu e convidou para fazer ao vivo no dia seguinte. Um dos grandes sucessos do programa em sua fase inicial era o quadro de Pegadinhas, no qual Ana Maria e o Louro Jos\u00e9 disputavam um concurso de piadas.<\/p>\n<figure><img title = \"[Tags]\"alt = \"louro-jose-e-ana-maria Ator Tom Veiga, int\u00e9rprete do Louro Jos\u00e9 do Mais Voc\u00ea, morre no Rio\"decoding=\"async\" src=\"https:\/\/vejasp.abril.com.br\/wp-content\/uploads\/2020\/01\/louro-jose-e-ana-maria.jpg\" \/><figcaption>O personagem Louro Jos\u00e9 no programa Mais Voc\u00ea.<span class=\"copyright\">Reprodu\u00e7\u00e3o TV Globo\/Divulga\u00e7\u00e3o<\/span><\/figcaption><\/figure>\n<p>Bem-humorado, o <strong>papagaio<\/strong> apostava em tiradas engra\u00e7adas e j\u00e1 teve sua hist\u00f3ria contada no programa. Quando comemorou 18 anos de vida, o Louro ganhou um <strong>Arquivo Confidencial<\/strong> s\u00f3 seu. Neste dia vimos o nascimento do Louro e depoimentos de sua fam\u00edlia de penas. Com um grande apelo entre as crian\u00e7as, o papagaio ganhou vers\u00f5es em brinquedo.<\/p>\n<figure><img title = \"[Tags]\"alt = \"louro-jose-e-ana-maria Ator Tom Veiga, int\u00e9rprete do Louro Jos\u00e9 do Mais Voc\u00ea, morre no Rio\"decoding=\"async\" src=\"https:\/\/vejasp.abril.com.br\/wp-content\/uploads\/2020\/11\/Ana-Maria-Braga-e-Tom-Veiga-Reprodu\u00e7\u00e3o-Instagram.jpg\" \/><figcaption>Tom Veiga trabalhou no Mais Voc\u00ea por mais de 20 anos interpretando o boneco Louro Jos\u00e9.<span class=\"copyright\">Instagram\/Reprodu\u00e7\u00e3o<\/span><\/figcaption><\/figure>\n<p>No Twitter, alguns f\u00e3s e personalidades lamentaram a not\u00edcia:<\/p>\n<blockquote class=\"twitter-tweet\">\n<p>Morre Tom Veiga, o Louro Jos\u00e9 da Ana Maria Braga. Ele conseguiu dar uma personalidade inconfund\u00edvel ao papagaio de brinquedo, que animou as manh\u00e3s da Tv. Um personagem do Brasil. Surpreso e triste.<\/p>\n<p>\u2014 Britto Jr. (@brittojr) <a href=\"https:\/\/twitter.com\/brittojr\/status\/1323005712348385281?ref_src=twsrc%5Etfw\">November 1, 2020<\/a><\/p>\n<\/blockquote>\n<p><span><\/span><\/p>\n<blockquote class=\"twitter-tweet\">\n<p>Que tristeza&#8230; Muita for\u00e7a pra fam\u00edlia.<\/p>\n<p>O Louro Jos\u00e9 foi uma das maiores cria\u00e7\u00f5es da hist\u00f3ria da TV brasileira.<\/p>\n<p>V\u00e1 em paz, Tom Veiga <img title = \"[Tags]\"decoding=\"async\" src=\"https:\/\/s.w.org\/images\/core\/emoji\/12.0.0-1\/72x72\/1f614.png\"alt = \"louro-jose-e-ana-maria Ator Tom Veiga, int\u00e9rprete do Louro Jos\u00e9 do Mais Voc\u00ea, morre no Rio\" class=\"wp-smiley\" \/><img title = \"[Tags]\"decoding=\"async\" src=\"https:\/\/s.w.org\/images\/core\/emoji\/12.0.0-1\/72x72\/2764.png\"alt = \"louro-jose-e-ana-maria Ator Tom Veiga, int\u00e9rprete do Louro Jos\u00e9 do Mais Voc\u00ea, morre no Rio\" class=\"wp-smiley\" \/> <a href=\"https:\/\/t.co\/1COYOb9Kj9\">pic.twitter.com\/1COYOb9Kj9<\/a><\/p>\n<p>\u2014 Felipe Neto <img title = \"[Tags]\"decoding=\"async\" src=\"https:\/\/s.w.org\/images\/core\/emoji\/12.0.0-1\/72x72\/1f1e7-1f1f7.png\"alt = \"louro-jose-e-ana-maria Ator Tom Veiga, int\u00e9rprete do Louro Jos\u00e9 do Mais Voc\u00ea, morre no Rio\" class=\"wp-smiley\" \/><img title = \"[Tags]\"decoding=\"async\" src=\"https:\/\/s.w.org\/images\/core\/emoji\/12.0.0-1\/72x72\/1f3f4.png\"alt = \"louro-jose-e-ana-maria Ator Tom Veiga, int\u00e9rprete do Louro Jos\u00e9 do Mais Voc\u00ea, morre no Rio\" class=\"wp-smiley\" \/> (@felipeneto) <a href=\"https:\/\/twitter.com\/felipeneto\/status\/1323005596417855493?ref_src=twsrc%5Etfw\">November 1, 2020<\/a><\/p>\n<\/blockquote>\n<p><span><\/span><\/p>\n<blockquote class=\"twitter-tweet\">\n<p>Tom Veiga deu vida a um dia personagens mais emblem\u00e1ticos da hist\u00f3ria da TV. \u00c9 imposs\u00edvel n\u00e3o relembrar tantos momentos legais e divertidos ao lado da Ana Maria nessas mais de duas d\u00e9cadas de parceria. Que dia triste.<\/p>\n<div class=\"ads post-ads\"><span class=\"title\">Continua ap\u00f3s a publicidade<\/span><\/p>\n<div id=\"abrAD_rectangle2\" class=\"abrAD\" data-ad-><\/div>\n<\/div>\n<p>\u2014 Thiago Cipriano (@thiagocipriano) <a href=\"https:\/\/twitter.com\/thiagocipriano\/status\/1323007406113173504?ref_src=twsrc%5Etfw\">November 1, 2020<\/a><\/p>\n<\/blockquote>\n<p><span><\/span><\/p>\n<blockquote class=\"twitter-tweet\">\n<p>Conheci o Tom Veiga quando fui com o Luan gravar o Mais Voc\u00ea, e o encontrei em alguns shows no Rio de Janeiro. Pessoa do bem, sempre solicito e conversador. Mais uma perda triste de 2020&#8230; =\/<\/p>\n<p>\u2014 Rodrigo Berton (@rodrigo_berton) <a href=\"https:\/\/twitter.com\/rodrigo_berton\/status\/1323004408842563589?ref_src=twsrc%5Etfw\">November 1, 2020<\/a><\/p>\n<\/blockquote>\n<p><span><\/span><\/p>\n<blockquote class=\"twitter-tweet\">\n<p>Eu n\u00e3o acredito que 2020 levou o Tom Veiga, famosa voz do Louro Jos\u00e9. <img title = \"[Tags]\"decoding=\"async\" src=\"https:\/\/s.w.org\/images\/core\/emoji\/12.0.0-1\/72x72\/1f61e.png\"alt = \"louro-jose-e-ana-maria Ator Tom Veiga, int\u00e9rprete do Louro Jos\u00e9 do Mais Voc\u00ea, morre no Rio\" class=\"wp-smiley\" \/> Deus conforte o cora\u00e7\u00e3o dos familiares e amigos. <a href=\"https:\/\/t.co\/rqV6AV9NSt\">pic.twitter.com\/rqV6AV9NSt<\/a><\/p>\n<p>\u2014 Mumuzinho (@MumuzinhoC) <a href=\"https:\/\/twitter.com\/MumuzinhoC\/status\/1323008479657971717?ref_src=twsrc%5Etfw\">November 1, 2020<\/a><\/p>\n<\/blockquote>\n<p><span><\/span><\/p>\n<blockquote class=\"twitter-tweet\">\n<p>O Tom Veiga, int\u00e9rprete do Louro Jos\u00e9, era um humorista incr\u00edvel. Imagina vc todo dia ter que improvisar piadas em rede nacional, ser sempre o ponto c\u00f4mico de respiro de um programa di\u00e1rio falando pra milh\u00f5es de pessoas, com uma linguagem popular e acess\u00edvel?<br \/>\n\u00c9 pra poucos <a href=\"https:\/\/t.co\/B8Aq4g6Qfj\">pic.twitter.com\/B8Aq4g6Qfj<\/a><\/p>\n<p>\u2014 Marcos Castro (@marcoscastro) <a href=\"https:\/\/twitter.com\/marcoscastro\/status\/1323010619323437060?ref_src=twsrc%5Etfw\">November 1, 2020<\/a><\/p>\n<\/blockquote>\n<p><span><\/span><\/p>\n<blockquote class=\"twitter-tweet\">\n<p>V\u00e1 em paz Louro Jos\u00e9.<\/p>\n<p>\u2014 Roger Rocha Moreira (@roxmo) <a href=\"https:\/\/twitter.com\/roxmo\/status\/1323005881383079936?ref_src=twsrc%5Etfw\">November 1, 2020<\/a><\/p>\n<\/blockquote>\n<p><span><\/span><\/p>\n<p>&nbsp;<\/p>\n<p>&nbsp;<\/p>\n<p><strong>+<a href=\"https:\/\/abr.ai\/assine-vejasp\" target=\"_blank\" data-saferedirecturl=\"https:\/\/www.google.com\/url?q=https:\/\/abr.ai\/assine-vejasp&amp;source=gmail&amp;ust=1602102083028000&amp;usg=AFQjCNHa3iaSEwf56DugKaoS1R-oSAjM_g\" rel=\"noopener noreferrer\"><span class=\"il\">Assine<\/span><span>\u00a0<\/span>a<span>\u00a0<\/span><span class=\"il\">Vejinha<\/span><span>\u00a0<\/span>a partir de 6,90<\/a><\/strong><\/p>\n<div class=\"ads post-ads\"><span class=\"title\">Continua ap\u00f3s a publicidade<\/span><\/p>\n<div id=\"abrAD_rectangle3\" class=\"abrAD\" data-ad-><\/div>\n<\/div>\n<p><script async src=\"http:\/\/platform.twitter.com\/widgets.js\" charset=\"utf-8\"><\/script><br \/>\n<br \/><br \/>\n<br \/><a href=\"https:\/\/vejasp.abril.com.br\/cidades\/ator-tom-veiga-interprete-do-louro-jose-do-mais-voce-morre-no-rio\/\">Fonte do Artigo <\/a><br \/>\nTags:<br \/>\n#loterias #loteriascaixa #megasena #resultadoapostas#noticias #noticiario  #noticia #brasil #noticiascolombia #mundo #esporte #colombia #noticiadeld #ltimasnoticias  #noticiario #noticiasregionales #noticiasdepartamentales #noticiashoy #esportes #noticiaahora #elinformantenoticias #noticiasdeboyac  #esporteinterativo #esportivo #diariodosesportes  #noticiero  #jogodefutebol #jogos #loto #apostas<\/p>\n","protected":false},"excerpt":{"rendered":"<p>O ator Tom Veiga, int\u00e9rprete do Louro Jos\u00e9 no programa Mais Voc\u00ea, apresentado por Ana Maria Braga na TV Globo, foi encontrado morto em sua casa na Barra da Tijuca, no Rio, neste domingo (1\u00ba). Veiga tinha 47 anos e trabalhou no Mais Voc\u00ea por 20 anos. Ainda n\u00e3o se sabe a causa da morte. [&hellip;]<\/p>\n","protected":false},"author":1,"featured_media":61317,"comment_status":"open","ping_status":"open","sticky":false,"template":"","format":"standard","meta":{"footnotes":""},"categories":[1],"tags":[],"class_list":["post-61316","post","type-post","status-publish","format-standard","has-post-thumbnail","hentry","category-curso-de-copy"],"_links":{"self":[{"href":"https:\/\/wiy.com.br\/noticias\/wp-json\/wp\/v2\/posts\/61316","targetHints":{"allow":["GET"]}}],"collection":[{"href":"https:\/\/wiy.com.br\/noticias\/wp-json\/wp\/v2\/posts"}],"about":[{"href":"https:\/\/wiy.com.br\/noticias\/wp-json\/wp\/v2\/types\/post"}],"author":[{"embeddable":true,"href":"https:\/\/wiy.com.br\/noticias\/wp-json\/wp\/v2\/users\/1"}],"replies":[{"embeddable":true,"href":"https:\/\/wiy.com.br\/noticias\/wp-json\/wp\/v2\/comments?post=61316"}],"version-history":[{"count":0,"href":"https:\/\/wiy.com.br\/noticias\/wp-json\/wp\/v2\/posts\/61316\/revisions"}],"wp:featuredmedia":[{"embeddable":true,"href":"https:\/\/wiy.com.br\/noticias\/wp-json\/wp\/v2\/media\/61317"}],"wp:attachment":[{"href":"https:\/\/wiy.com.br\/noticias\/wp-json\/wp\/v2\/media?parent=61316"}],"wp:term":[{"taxonomy":"category","embeddable":true,"href":"https:\/\/wiy.com.br\/noticias\/wp-json\/wp\/v2\/categories?post=61316"},{"taxonomy":"post_tag","embeddable":true,"href":"https:\/\/wiy.com.br\/noticias\/wp-json\/wp\/v2\/tags?post=61316"}],"curies":[{"name":"wp","href":"https:\/\/api.w.org\/{rel}","templated":true}]}}