{"id":61312,"date":"2023-02-26T15:43:23","date_gmt":"2023-02-26T18:43:23","guid":{"rendered":"https:\/\/wiy.com.br\/noticias\/tom-veiga-sofreu-avc-diz-laudo-preliminar-do-iml\/"},"modified":"2020-11-03T03:09:31","modified_gmt":"2020-11-03T05:09:31","slug":"tom-veiga-sofreu-avc-diz-laudo-preliminar-do-iml","status":"publish","type":"post","link":"https:\/\/wiy.com.br\/noticias\/tom-veiga-sofreu-avc-diz-laudo-preliminar-do-iml\/","title":{"rendered":"Tom Veiga sofreu AVC, diz laudo preliminar do IML"},"content":{"rendered":"<p> <br \/>\n<\/p>\n<p>A causa da morte de <strong>Tom Veiga<\/strong>, int\u00e9rprete de Louro Jos\u00e9, foi AVC, acidente vascular cerebral, causado por um aneurisma, informou o &#8216;Mais Voc\u00ea&#8217; desta segunda-feira (2). O corpo do artista est\u00e1 no Instituto M\u00e9dico Legal, no Rio de Janeiro.<\/p>\n<p><a href=\"https:\/\/vejasp.abril.com.br\/cultura-lazer\/ana-maria-braga-tom-veiga\/\">Ana Maria Braga apresentou o programa muito emocionada<\/a>. &#8220;Hoje \u00e9 dia 2 de novembro, dia de finados, e eu venho aqui dizer para voc\u00ea que n\u00f3s da fam\u00edlia Louro, e voc\u00eas fazem parte dela, estamos de luto. Que ironia ele ter ido na v\u00e9spera de finados&#8221;.<\/p>\n<p>O personagem de Louro Jos\u00e9 foi criado por <strong>Ana Maria Braga<\/strong> em 1996, segundo o site <strong>Mem\u00f3ria Globo<\/strong>. Na \u00e9poca, ela apresentava o programa Note e Anote, na Record. \u201cPrecisava ser um bicho que falasse, que interagisse comigo, mas n\u00e3o podia ser cachorro, porque cachorro n\u00e3o fala, passarinho n\u00e3o fala. E, por elimina\u00e7\u00e3o, decidimos pelo papagaio. Eu tenho um em casa chamado Louro Jos\u00e9. Ele fala e assobia o hino nacional\u201d, relembrou ela, em depoimento. \u201cE eu disse: \u2018Vamos p\u00f4r o Louro.\u2019 Fiz um primeiro rascunho do desenho e pedi para uma pessoa que desenvolvia bonecos faz\u00ea-lo. Ele nasceu todo mambembe. Depois a gente foi ajeitando, mudando a espuma, at\u00e9 que ele virou global \u2013 a\u00ed ficou um astro, lindo. \u00c9 um filho mesmo.\u201d<\/p>\n<p>Diversas pessoas foram testadas para manipular o fantoche, segundo a mat\u00e9ria da Globo, mas quem ficou com o papel desde o in\u00edcio foi<strong> Tom Veiga<\/strong>. Inicialmente, ele trabalhava como assistente de est\u00fadio do Note e Anote. Um dia, Veiga pegou o fantoche e brincou com os colegas. Ana Maria, ent\u00e3o, o viu e convidou para fazer ao vivo no dia seguinte. Um dos grandes sucessos do programa em sua fase inicial era o quadro dePegadinhas, no qual Ana Maria e o Louro Jos\u00e9 disputavam um concurso de piadas.<\/p>\n<p>Bem-humorado, o papagaio apostava em tiradas engra\u00e7adas e j\u00e1 teve sua hist\u00f3ria contada no programa. Quando comemorou 18 anos de vida, o Louro ganhou um Arquivo Confidencial s\u00f3 seu. Neste dia vimos o nascimento do Louro e depoimentos de sua fam\u00edlia de penas. Com um grande apelo entre as crian\u00e7as, o papagaio ganhou vers\u00f5es em brinquedo.<\/p>\n<div class=\"ads post-ads\"><span class=\"title\">Continua ap\u00f3s a publicidade<\/span><\/p>\n<div id=\"abrAD_rectangle3\" class=\"abrAD\" data-ad-><\/div>\n<\/div>\n<p><br \/>\n<br \/><a href=\"https:\/\/vejasp.abril.com.br\/cidades\/tom-veiga-causa-morte\/\">Fonte do Artigo <\/a><br \/>\nTags:<br \/>\n#loterias #loteriascaixa #megasena #resultadoapostas#noticias #noticiario  #noticia #brasil #noticiascolombia #mundo #esporte #colombia #noticiadeld #ltimasnoticias  #noticiario #noticiasregionales #noticiasdepartamentales #noticiashoy #esportes #noticiaahora #elinformantenoticias #noticiasdeboyac  #esporteinterativo #esportivo #diariodosesportes  #noticiero  #jogodefutebol #jogos #loto #apostas<\/p>\n","protected":false},"excerpt":{"rendered":"<p>A causa da morte de Tom Veiga, int\u00e9rprete de Louro Jos\u00e9, foi AVC, acidente vascular cerebral, causado por um aneurisma, informou o &#8216;Mais Voc\u00ea&#8217; desta segunda-feira (2). O corpo do artista est\u00e1 no Instituto M\u00e9dico Legal, no Rio de Janeiro. Ana Maria Braga apresentou o programa muito emocionada. &#8220;Hoje \u00e9 dia 2 de novembro, dia [&hellip;]<\/p>\n","protected":false},"author":1,"featured_media":61313,"comment_status":"open","ping_status":"open","sticky":false,"template":"","format":"standard","meta":{"footnotes":""},"categories":[1],"tags":[],"class_list":["post-61312","post","type-post","status-publish","format-standard","has-post-thumbnail","hentry","category-curso-de-copy"],"_links":{"self":[{"href":"https:\/\/wiy.com.br\/noticias\/wp-json\/wp\/v2\/posts\/61312","targetHints":{"allow":["GET"]}}],"collection":[{"href":"https:\/\/wiy.com.br\/noticias\/wp-json\/wp\/v2\/posts"}],"about":[{"href":"https:\/\/wiy.com.br\/noticias\/wp-json\/wp\/v2\/types\/post"}],"author":[{"embeddable":true,"href":"https:\/\/wiy.com.br\/noticias\/wp-json\/wp\/v2\/users\/1"}],"replies":[{"embeddable":true,"href":"https:\/\/wiy.com.br\/noticias\/wp-json\/wp\/v2\/comments?post=61312"}],"version-history":[{"count":0,"href":"https:\/\/wiy.com.br\/noticias\/wp-json\/wp\/v2\/posts\/61312\/revisions"}],"wp:featuredmedia":[{"embeddable":true,"href":"https:\/\/wiy.com.br\/noticias\/wp-json\/wp\/v2\/media\/61313"}],"wp:attachment":[{"href":"https:\/\/wiy.com.br\/noticias\/wp-json\/wp\/v2\/media?parent=61312"}],"wp:term":[{"taxonomy":"category","embeddable":true,"href":"https:\/\/wiy.com.br\/noticias\/wp-json\/wp\/v2\/categories?post=61312"},{"taxonomy":"post_tag","embeddable":true,"href":"https:\/\/wiy.com.br\/noticias\/wp-json\/wp\/v2\/tags?post=61312"}],"curies":[{"name":"wp","href":"https:\/\/api.w.org\/{rel}","templated":true}]}}