{"id":61083,"date":"2023-02-26T14:57:26","date_gmt":"2023-02-26T17:57:26","guid":{"rendered":"https:\/\/wiy.com.br\/noticias\/palmirinha-e-internada-em-sao-paulo\/"},"modified":"2020-10-27T15:51:17","modified_gmt":"2020-10-27T18:51:17","slug":"palmirinha-e-internada-em-sao-paulo","status":"publish","type":"post","link":"https:\/\/wiy.com.br\/noticias\/palmirinha-e-internada-em-sao-paulo\/","title":{"rendered":"Palmirinha \u00e9 internada em S\u00e3o Paulo"},"content":{"rendered":"<p> <br \/>\n<\/p>\n<p><span><strong>Palmirinha<\/strong> <\/span><span>foi internada no Hospital Oswaldo Cruz, em S\u00e3o Paulo, nesta ter\u00e7a-feira (27) ap\u00f3s se sentir mal. Exames constataram uma <\/span><span>infec\u00e7\u00e3o urin\u00e1ria, revelou o colunista Fefito, do UOL.<\/span><\/p>\n<p><span>A cozinheira estava sentindo desconfortos e resolveu investigar as causas. Por causa da idade avan\u00e7ada, ela seguir\u00e1<\/span><span> internada, mas acredita que ter\u00e1 alta at\u00e9 o final da semana. No hospital, ela recebe tratamento intravenoso e faz uso de antibi\u00f3ticos.<\/span><\/p>\n<div id=\"relacionadas\" class=\"block related-posts three_columns\">\n<ul class=\"block-menu\">\n<li data-tab=\"tab-1\" class=\"active\">Relacionadas<\/li>\n<\/ul>\n<div id=\"tab-1\" class=\"block-content active\">\n<div class=\"row\">\n<li class=\"widget-news-item without-thumb with-border\">\n<div class=\"widget-news-info\"><a href=\"http:\/\/vejasp.abril.com.br\/cultura-lazer\">Cultura &amp; Lazer<\/a><span class=\"widget-news-item-title\"><a href=\"https:\/\/vejasp.abril.com.br\/blog\/pop\/rose-miriam-foto-gugu\/\">Rose Miriam posta foto com Gugu e se declara: \u201cAnjo\u201d\u00a0<\/a><\/span><span class=\"widget-news-item-date\">27 out 2020 &#8211; 12h10<\/span><\/div>\n<\/li>\n<li class=\"widget-news-item without-thumb with-border\">\n<div class=\"widget-news-info\"><a href=\"http:\/\/vejasp.abril.com.br\/cultura-lazer\">Cultura &amp; Lazer<\/a><span class=\"widget-news-item-title\"><a href=\"https:\/\/vejasp.abril.com.br\/blog\/na-plateia\/carolina-ferraz-produz-webserie-sobre-conviencia-de-ex-casal-na-quarentena\/\">Carolina Ferraz produz s\u00e9rie sobre conviv\u00eancia de ex-casal na quarentena<\/a><\/span><span class=\"widget-news-item-date\">26 out 2020 &#8211; 14h10<\/span><\/div>\n<\/li>\n<li class=\"widget-news-item without-thumb with-border\">\n<div class=\"widget-news-info\"><a href=\"http:\/\/vejasp.abril.com.br\/cidades\">Cidades<\/a><span class=\"widget-news-item-title\"><a href=\"https:\/\/vejasp.abril.com.br\/cidades\/jornalista-record-sequestrado\/\">Jornalista da Record \u00e9 sequestrado em sua pr\u00f3pria casa\u00a0<\/a><\/span><span class=\"widget-news-item-date\">27 out 2020 &#8211; 10h10<\/span><\/div>\n<\/li>\n<\/div>\n<\/div>\n<\/div>\n<p>&nbsp;<\/p>\n<div id=\"mais_lidas\" class=\"block related-posts \">\n<ul class=\"block-menu\">\n<li data-tab=\"tab-1\" class=\"active\">Mais Lidas<\/li>\n<\/ul>\n<div id=\"tab-1\" class=\"block-content active\">\n<div class=\"row\">\n<div class=\"col-s-12 col-l-3\"><a href=\"https:\/\/vejasp.abril.com.br\/blog\/astrologia\/previsoes-para-todos-os-signos-de-26-10-a-01-11\/\" class=\"card\"><span class=\"category hide-s\">Cultura &amp; Lazer<\/span><img title = \"[Tags]\"data-src=\"https:\/\/vejasp.abril.com.br\/wp-content\/uploads\/2020\/10\/JROBERTS.png?w=569&amp;h=356&amp;crop=1\"alt = \"JROBERTS Palmirinha \u00e9 internada em S\u00e3o Paulo\" class=\"lazyload media\"><span class=\"category hide-l\">Cultura &amp; Lazer<\/span><span class=\"title\">Previs\u00f5es para todos os signos: de 26\/10 a 01\/11<\/span><\/a><\/div>\n<div class=\"col-s-12 col-l-3\"><a href=\"https:\/\/vejasp.abril.com.br\/cidades\/menina-13-anos-namoro-titok\/\" class=\"card\"><span class=\"category hide-s\">Cidades<\/span><img title = \"[Tags]\"data-src=\"https:\/\/vejasp.abril.com.br\/wp-content\/uploads\/2020\/10\/WhatsApp-Image-2020-10-26-at-16.55.16.jpeg?quality=70&amp;strip=info&amp;w=680&amp;h=453&amp;crop=1\"alt = \"JROBERTS Palmirinha \u00e9 internada em S\u00e3o Paulo\" class=\"lazyload media\"><span class=\"category hide-l\">Cidades<\/span><span class=\"title\">Tiktoker de 19 anos assume namoro com crian\u00e7a de 13\u00a0e causa revolta<\/span><\/a><\/div>\n<div class=\"col-s-12 col-l-3\"><a href=\"https:\/\/vejasp.abril.com.br\/blog\/memoria\/flavio-silvino-lacos-de-familia\/\" class=\"card\"><span class=\"category hide-s\">Cultura &amp; Lazer<\/span><img title = \"[Tags]\"data-src=\"https:\/\/vejasp.abril.com.br\/wp-content\/uploads\/2018\/01\/flavio-silvino2.png?w=680&amp;h=453&amp;crop=1\"alt = \"JROBERTS Palmirinha \u00e9 internada em S\u00e3o Paulo\" class=\"lazyload media\"><span class=\"category hide-l\">Cultura &amp; Lazer<\/span><span class=\"title\">Fl\u00e1vio Silvino: como est\u00e1 o ator de &#8216;La\u00e7os de Fam\u00edlia&#8217; ap\u00f3s 20 anos<\/span><\/a><\/div>\n<div class=\"col-s-12 col-l-3\"><a href=\"https:\/\/vejasp.abril.com.br\/cidades\/homem-morte-paraquedas\/\" class=\"card\"><span class=\"category hide-s\">Cidades<\/span><img title = \"[Tags]\"data-src=\"https:\/\/vejasp.abril.com.br\/wp-content\/uploads\/2020\/10\/redes-sociais-2-.jpg?quality=70&amp;strip=info&amp;crop=0px%2C13px%2C984px%2C669px&amp;resize=680%2C453\"alt = \"JROBERTS Palmirinha \u00e9 internada em S\u00e3o Paulo\" class=\"lazyload media\"><span class=\"category hide-l\">Cidades<\/span><span class=\"title\">Homem morre ap\u00f3s saltar de paraquedas em Boituva, no interior de S\u00e3o Paulo<\/span><\/a><\/div>\n<\/div>\n<\/div>\n<\/div>\n<div id=\"leia_mais\" class=\"block related-posts \">\n<ul class=\"block-menu\">\n<li data-tab=\"tab-1\" class=\"active\">Leia Mais<\/li>\n<\/ul>\n<div id=\"tab-1\" class=\"block-content active\">\n<div class=\"row\">\n<div class=\"col-s-12 col-l-3\"><a href=\"https:\/\/vejasp.abril.com.br\/cidades\/paulo-cupertino-rafael-miguel-servidor\/\" class=\"card\"><span class=\"category hide-s\">Cidades<\/span><img title = \"[Tags]\"data-src=\"https:\/\/vejasp.abril.com.br\/wp-content\/uploads\/2020\/07\/rafael2.jpg?quality=70&amp;strip=info&amp;w=600&amp;h=400&amp;crop=1\"alt = \"JROBERTS Palmirinha \u00e9 internada em S\u00e3o Paulo\" class=\"lazyload media\"><span class=\"category hide-l\">Cidades<\/span><span class=\"title\">Servidor que atendeu Paulo Cupertino lamenta: &quot;Ca\u00ed no conto do vig\u00e1rio&quot;<\/span><\/a><\/div>\n<div class=\"col-s-12 col-l-3\"><a href=\"https:\/\/vejasp.abril.com.br\/cidades\/esgoto-rio-pinheiros\/\" class=\"card\"><span class=\"category hide-s\">Cidades<\/span><img title = \"[Tags]\"data-src=\"https:\/\/vejasp.abril.com.br\/wp-content\/uploads\/2018\/09\/pinheiros_16.jpg?quality=70&amp;strip=info&amp;w=680&amp;h=453&amp;crop=1\"alt = \"JROBERTS Palmirinha \u00e9 internada em S\u00e3o Paulo\" class=\"lazyload media\"><span class=\"category hide-l\">Cidades<\/span><span class=\"title\">Governo de S\u00e3o Paulo anuncia 530 000 liga\u00e7\u00f5es de esgoto no rio Pinheiros<\/span><\/a><\/div>\n<div class=\"col-s-12 col-l-3\"><a href=\"https:\/\/vejasp.abril.com.br\/cidades\/mortes-motociclistas-marginais\/\" class=\"card\"><span class=\"category hide-s\">Cidades<\/span><img title = \"[Tags]\"data-src=\"https:\/\/vejasp.abril.com.br\/wp-content\/uploads\/2017\/02\/cdg20170214006-jpeg.jpg?quality=70&amp;strip=info&amp;w=680&amp;h=453&amp;crop=1\"alt = \"JROBERTS Palmirinha \u00e9 internada em S\u00e3o Paulo\" class=\"lazyload media\"><span class=\"category hide-l\">Cidades<\/span><span class=\"title\">Mortes de motociclistas crescem 20% nas marginais Tiet\u00ea e Pinheiros<\/span><\/a><\/div>\n<div class=\"col-s-12 col-l-3\"><a href=\"https:\/\/vejasp.abril.com.br\/cidades\/incendio-hospital-rio-de-janeiro\/\" class=\"card\"><span class=\"category hide-s\">Cidades<\/span><img title = \"[Tags]\"data-src=\"https:\/\/vejasp.abril.com.br\/wp-content\/uploads\/2020\/10\/hospital-rio-de-janeiro-incendio-macas.jpg?quality=70&amp;strip=info&amp;w=680&amp;h=453&amp;crop=1\"alt = \"JROBERTS Palmirinha \u00e9 internada em S\u00e3o Paulo\" class=\"lazyload media\"><span class=\"category hide-l\">Cidades<\/span><span class=\"title\">RIO: Inc\u00eandio atinge hospital e pacientes s\u00e3o transferidos<\/span><\/a><\/div>\n<\/div>\n<\/div>\n<\/div>\n<p><br \/>\n<br \/><a href=\"https:\/\/vejasp.abril.com.br\/cidades\/palmirinha-internada-sao-paulo\/\">Fonte do Artigo <\/a><br \/>\nTags:<br \/>\n#loterias #loteriascaixa #megasena #resultadoapostas#noticias #noticiario  #noticia #brasil #noticiascolombia #mundo #esporte #colombia #noticiadeld #ltimasnoticias  #noticiario #noticiasregionales #noticiasdepartamentales #noticiashoy #esportes #noticiaahora #elinformantenoticias #noticiasdeboyac  #esporteinterativo #esportivo #diariodosesportes  #noticiero  #jogodefutebol #jogos #loto #apostas<\/p>\n","protected":false},"excerpt":{"rendered":"<p>Palmirinha foi internada no Hospital Oswaldo Cruz, em S\u00e3o Paulo, nesta ter\u00e7a-feira (27) ap\u00f3s se sentir mal. Exames constataram uma infec\u00e7\u00e3o urin\u00e1ria, revelou o colunista Fefito, do UOL. A cozinheira estava sentindo desconfortos e resolveu investigar as causas. Por causa da idade avan\u00e7ada, ela seguir\u00e1 internada, mas acredita que ter\u00e1 alta at\u00e9 o final da [&hellip;]<\/p>\n","protected":false},"author":1,"featured_media":61084,"comment_status":"open","ping_status":"open","sticky":false,"template":"","format":"standard","meta":{"footnotes":""},"categories":[1],"tags":[],"class_list":["post-61083","post","type-post","status-publish","format-standard","has-post-thumbnail","hentry","category-curso-de-copy"],"_links":{"self":[{"href":"https:\/\/wiy.com.br\/noticias\/wp-json\/wp\/v2\/posts\/61083","targetHints":{"allow":["GET"]}}],"collection":[{"href":"https:\/\/wiy.com.br\/noticias\/wp-json\/wp\/v2\/posts"}],"about":[{"href":"https:\/\/wiy.com.br\/noticias\/wp-json\/wp\/v2\/types\/post"}],"author":[{"embeddable":true,"href":"https:\/\/wiy.com.br\/noticias\/wp-json\/wp\/v2\/users\/1"}],"replies":[{"embeddable":true,"href":"https:\/\/wiy.com.br\/noticias\/wp-json\/wp\/v2\/comments?post=61083"}],"version-history":[{"count":0,"href":"https:\/\/wiy.com.br\/noticias\/wp-json\/wp\/v2\/posts\/61083\/revisions"}],"wp:featuredmedia":[{"embeddable":true,"href":"https:\/\/wiy.com.br\/noticias\/wp-json\/wp\/v2\/media\/61084"}],"wp:attachment":[{"href":"https:\/\/wiy.com.br\/noticias\/wp-json\/wp\/v2\/media?parent=61083"}],"wp:term":[{"taxonomy":"category","embeddable":true,"href":"https:\/\/wiy.com.br\/noticias\/wp-json\/wp\/v2\/categories?post=61083"},{"taxonomy":"post_tag","embeddable":true,"href":"https:\/\/wiy.com.br\/noticias\/wp-json\/wp\/v2\/tags?post=61083"}],"curies":[{"name":"wp","href":"https:\/\/api.w.org\/{rel}","templated":true}]}}