{"id":61002,"date":"2023-02-26T15:40:08","date_gmt":"2023-02-26T18:40:08","guid":{"rendered":"https:\/\/wiy.com.br\/noticias\/motociclista-morre-apos-ser-arremessado-por-carro-e-bater-em-outro-veiculo\/"},"modified":"2020-10-26T12:22:15","modified_gmt":"2020-10-26T15:22:15","slug":"motociclista-morre-apos-ser-arremessado-por-carro-e-bater-em-outro-veiculo","status":"publish","type":"post","link":"https:\/\/wiy.com.br\/noticias\/motociclista-morre-apos-ser-arremessado-por-carro-e-bater-em-outro-veiculo\/","title":{"rendered":"Motociclista morre ap\u00f3s ser arremessado por carro e bater em outro ve\u00edculo"},"content":{"rendered":"<p> <br \/>\n<\/p>\n<p>Um entregador de 42 anos morreu depois de bater em um carro, no Jardim Angela Rosa, em Franca, no interior de S\u00e3o Paulo. Ele n\u00e3o resistiu aos ferimentos e morreu no \u00faltimo domingo (25), na Santa Casa.<\/p>\n<p>Em um cruzamento, ele foi lan\u00e7ado de sua moto depois de colidir com o carro e ainda bateu em outro ve\u00edculo estacionado. C\u00e2meras de seguran\u00e7a gravaram o grave acidente.<\/p>\n<\/p>\n<p>No v\u00eddeo, \u00e9 poss\u00edvel ver o momento em que o motociclista \u00e9 atingido. Ele \u00e9 arremessado a uma longa dist\u00e2ncia e cai no ch\u00e3o sem o capacete. O entregador chegou a ser socorrido pelo Corpo de Bombeiros e levado ao hospital em estado grave.<\/p>\n<p>De acordo com assessoria da Santa Casa, a v\u00edtima teve uma parada cardiorrespirat\u00f3ria, foi entubada, mas n\u00e3o aguentou os ferimentos e morreu.<\/p>\n<p><strong>+<a href=\"https:\/\/abr.ai\/assine-vejasp\" target=\"_blank\" data-saferedirecturl=\"https:\/\/www.google.com\/url?q=https:\/\/abr.ai\/assine-vejasp&amp;source=gmail&amp;ust=1603807722693000&amp;usg=AFQjCNGsAHt8QqpU-tc9EYJP7v52nClCnA\" rel=\"noopener noreferrer\">Assine a Vejinha a partir de 5,90<\/a><\/strong><\/p>\n<div>\n<div id=\"relacionadas\" class=\"block related-posts three_columns\">\n<ul class=\"block-menu\">\n<li data-tab=\"tab-1\" class=\"active\">Relacionadas<\/li>\n<\/ul>\n<div id=\"tab-1\" class=\"block-content active\">\n<div class=\"row\">\n<li class=\"widget-news-item without-thumb with-border\">\n<div class=\"widget-news-info\"><a href=\"http:\/\/vejasp.abril.com.br\/cidades\">Cidades<\/a><span class=\"widget-news-item-title\"><a href=\"https:\/\/vejasp.abril.com.br\/cidades\/homem-morte-paraquedas\/\">Homem morre ap\u00f3s saltar de paraquedas em Boituva, no interior de S\u00e3o Paulo<\/a><\/span><span class=\"widget-news-item-date\">26 out 2020 &#8211; 10h10<\/span><\/div>\n<\/li>\n<li class=\"widget-news-item without-thumb with-border\">\n<div class=\"widget-news-info\"><a href=\"http:\/\/vejasp.abril.com.br\/cidades\">Cidades<\/a><span class=\"widget-news-item-title\"><a href=\"https:\/\/vejasp.abril.com.br\/cidades\/imovel-atingido-carro-15-vez\/\">Im\u00f3vel \u00e9 atingido por carro pela 15\u00aa vez<\/a><\/span><span class=\"widget-news-item-date\">24 out 2020 &#8211; 14h10<\/span><\/div>\n<\/li>\n<li class=\"widget-news-item without-thumb with-border\">\n<div class=\"widget-news-info\"><a href=\"http:\/\/vejasp.abril.com.br\/cidades\">Cidades<\/a><span class=\"widget-news-item-title\"><a href=\"https:\/\/vejasp.abril.com.br\/cidades\/plantacao-maconha-apartamento\/\">Pol\u00edcia descobre planta\u00e7\u00e3o de maconha em apartamento de Higien\u00f3polis<\/a><\/span><span class=\"widget-news-item-date\">22 out 2020 &#8211; 17h10<\/span><\/div>\n<\/li>\n<\/div>\n<\/div>\n<\/div>\n<\/div>\n<div id=\"mais_lidas\" class=\"block related-posts \">\n<ul class=\"block-menu\">\n<li data-tab=\"tab-1\" class=\"active\">Mais Lidas<\/li>\n<\/ul>\n<div id=\"tab-1\" class=\"block-content active\">\n<div class=\"row\">\n<div class=\"col-s-12 col-l-3\"><a href=\"https:\/\/vejasp.abril.com.br\/blog\/pop\/video-briga-leblon-dono-conversivel-wilton-vacari\/\" class=\"card\"><span class=\"category hide-s\">Cultura &amp; Lazer<\/span><img title = \"[Tags]\"data-src=\"https:\/\/vejasp.abril.com.br\/wp-content\/uploads\/2020\/09\/leblon.jpg?quality=70&amp;strip=info&amp;w=192&amp;h=192&amp;crop=1\"alt = \"leblon Motociclista morre ap\u00f3s ser arremessado por carro e bater em outro ve\u00edculo\" class=\"lazyload media\"><span class=\"category hide-l\">Cultura &amp; Lazer<\/span><span class=\"title\">&#8220;Sou engenheiro da Petrobras&#8221;, diz dono de convers\u00edvel do Leblon<\/span><\/a><\/div>\n<div class=\"col-s-12 col-l-3\"><a href=\"https:\/\/vejasp.abril.com.br\/blog\/memoria\/o-que-aconteceu-com-liminha-assistente-de-palco-do-gugu\/\" class=\"card\"><span class=\"category hide-s\"><\/span><img title = \"[Tags]\"data-src=\"https:\/\/vejasp.abril.com.br\/wp-content\/uploads\/2020\/10\/liminha.jpg?quality=70&amp;strip=info&amp;w=192&amp;h=192&amp;crop=1\"alt = \"leblon Motociclista morre ap\u00f3s ser arremessado por carro e bater em outro ve\u00edculo\" class=\"lazyload media\"><span class=\"category hide-l\"><\/span><span class=\"title\">O que aconteceu com Liminha, assistente de palco do Gugu?<\/span><\/a><\/div>\n<div class=\"col-s-12 col-l-3\"><a href=\"https:\/\/vejasp.abril.com.br\/blog\/memoria\/flavio-silvino-lacos-de-familia\/\" class=\"card\"><span class=\"category hide-s\">Cultura &amp; Lazer<\/span><img title = \"[Tags]\"data-src=\"https:\/\/vejasp.abril.com.br\/wp-content\/uploads\/2018\/01\/flavio-silvino2.png?w=192&amp;h=192&amp;crop=1\"alt = \"leblon Motociclista morre ap\u00f3s ser arremessado por carro e bater em outro ve\u00edculo\" class=\"lazyload media\"><span class=\"category hide-l\">Cultura &amp; Lazer<\/span><span class=\"title\">Fl\u00e1vio Silvino: como est\u00e1 o ator de &#8216;La\u00e7os de Fam\u00edlia&#8217; ap\u00f3s 20 anos<\/span><\/a><\/div>\n<div class=\"col-s-12 col-l-3\"><a href=\"https:\/\/vejasp.abril.com.br\/blog\/pop\/briga-video-leblon-quem-sao-pessoas\/\" class=\"card\"><span class=\"category hide-s\">Cultura &amp; Lazer<\/span><img title = \"[Tags]\"data-src=\"https:\/\/vejasp.abril.com.br\/wp-content\/uploads\/2020\/09\/Sem-T\u00edtulo-6.jpg?quality=70&amp;strip=info&amp;w=192&amp;h=192&amp;crop=1\"alt = \"leblon Motociclista morre ap\u00f3s ser arremessado por carro e bater em outro ve\u00edculo\" class=\"lazyload media\"><span class=\"category hide-l\">Cultura &amp; Lazer<\/span><span class=\"title\">Quem s\u00e3o as pessoas que aparecem brigando no v\u00eddeo do Leblon<\/span><\/a><\/div>\n<\/div>\n<\/div>\n<\/div>\n<div class=\"ads post-ads\"><span class=\"title\">Continua ap\u00f3s a publicidade<\/span><\/p>\n<div id=\"abrAD_rectangle3\" class=\"abrAD\" data-ad-><\/div>\n<\/div>\n<p><br \/>\n<br \/><a href=\"https:\/\/vejasp.abril.com.br\/cidades\/motociclista-morre-arremessado\/\">Fonte do Artigo <\/a><br \/>\nTags:<br \/>\n#loterias #loteriascaixa #megasena #resultadoapostas#noticias #noticiario  #noticia #brasil #noticiascolombia #mundo #esporte #colombia #noticiadeld #ltimasnoticias  #noticiario #noticiasregionales #noticiasdepartamentales #noticiashoy #esportes #noticiaahora #elinformantenoticias #noticiasdeboyac  #esporteinterativo #esportivo #diariodosesportes  #noticiero  #jogodefutebol #jogos #loto #apostas<\/p>\n","protected":false},"excerpt":{"rendered":"<p>Um entregador de 42 anos morreu depois de bater em um carro, no Jardim Angela Rosa, em Franca, no interior de S\u00e3o Paulo. Ele n\u00e3o resistiu aos ferimentos e morreu no \u00faltimo domingo (25), na Santa Casa. Em um cruzamento, ele foi lan\u00e7ado de sua moto depois de colidir com o carro e ainda bateu [&hellip;]<\/p>\n","protected":false},"author":1,"featured_media":61003,"comment_status":"open","ping_status":"open","sticky":false,"template":"","format":"standard","meta":{"footnotes":""},"categories":[1],"tags":[],"class_list":["post-61002","post","type-post","status-publish","format-standard","has-post-thumbnail","hentry","category-curso-de-copy"],"_links":{"self":[{"href":"https:\/\/wiy.com.br\/noticias\/wp-json\/wp\/v2\/posts\/61002","targetHints":{"allow":["GET"]}}],"collection":[{"href":"https:\/\/wiy.com.br\/noticias\/wp-json\/wp\/v2\/posts"}],"about":[{"href":"https:\/\/wiy.com.br\/noticias\/wp-json\/wp\/v2\/types\/post"}],"author":[{"embeddable":true,"href":"https:\/\/wiy.com.br\/noticias\/wp-json\/wp\/v2\/users\/1"}],"replies":[{"embeddable":true,"href":"https:\/\/wiy.com.br\/noticias\/wp-json\/wp\/v2\/comments?post=61002"}],"version-history":[{"count":0,"href":"https:\/\/wiy.com.br\/noticias\/wp-json\/wp\/v2\/posts\/61002\/revisions"}],"wp:featuredmedia":[{"embeddable":true,"href":"https:\/\/wiy.com.br\/noticias\/wp-json\/wp\/v2\/media\/61003"}],"wp:attachment":[{"href":"https:\/\/wiy.com.br\/noticias\/wp-json\/wp\/v2\/media?parent=61002"}],"wp:term":[{"taxonomy":"category","embeddable":true,"href":"https:\/\/wiy.com.br\/noticias\/wp-json\/wp\/v2\/categories?post=61002"},{"taxonomy":"post_tag","embeddable":true,"href":"https:\/\/wiy.com.br\/noticias\/wp-json\/wp\/v2\/tags?post=61002"}],"curies":[{"name":"wp","href":"https:\/\/api.w.org\/{rel}","templated":true}]}}