{"id":6082,"date":"2023-02-26T15:43:25","date_gmt":"2023-02-26T18:43:25","guid":{"rendered":"https:\/\/wiy.com.br\/noticias\/venezuela-guaido-responde-a-desafio-de-maduro-e-espera-eleicoes-este-ano\/"},"modified":"2019-02-20T17:04:49","modified_gmt":"2019-02-20T20:04:49","slug":"venezuela-guaido-responde-a-desafio-de-maduro-e-espera-eleicoes-este-ano","status":"publish","type":"post","link":"https:\/\/wiy.com.br\/noticias\/venezuela-guaido-responde-a-desafio-de-maduro-e-espera-eleicoes-este-ano\/","title":{"rendered":"Venezuela: Guaid\u00f3 responde a desafio de Maduro e espera elei\u00e7\u00f5es este ano"},"content":{"rendered":"<p> <br \/>\n<\/p>\n<p>O opositor venezuelano <strong><a href=\"https:\/\/exame.abril.com.br\/noticias-sobre\/juan-guaido\" target=\"_blank\" rel=\"noopener noreferrer\">Juan Guaid\u00f3<\/a><\/strong>, reconhecido por mais de 50 pa\u00edses como presidente interino, disse nesta quarta-feira que espera que o seu pa\u00eds realize elei\u00e7\u00f5es este ano, assim que a autoridade eleitoral deixe de ser &#8220;ref\u00e9m&#8221; do governo de <strong><a href=\"https:\/\/exame.abril.com.br\/noticias-sobre\/nicolas-maduro\" target=\"_blank\" rel=\"noopener noreferrer\">Nicol\u00e1s Maduro<\/a><\/strong>.<\/p>\n<p>&#8220;Isso pode acontecer muito em breve, entre seis e nove meses, uma vez terminada a usurpa\u00e7\u00e3o do poder por Maduro&#8221;, declarou Guaid\u00f3 em uma entrevista por telefone \u00e0 rede mexicana Televisa.<\/p>\n<p>O coment\u00e1rio foi uma resposta ao desafio lan\u00e7ado por Maduro na ter\u00e7a-feira de convocar elei\u00e7\u00f5es.<\/p>\n<p>&#8220;Por que n\u00e3o convoca elei\u00e7\u00f5es para que a sua revolta possa ser apoiada pelo voto do povo? Convoque elei\u00e7\u00f5es sr. autoproclamado, sr. palha\u00e7o. Convoque elei\u00e7\u00f5es sr. palha\u00e7o. Convoque elei\u00e7\u00f5es!&#8221;, afirmou, referindo-se a Guaid\u00f3, durante um evento p\u00fablico em Caracas.<\/p>\n<p>A Venezuela vive uma disputa de poder desde 23 de janeiro, quando Guaid\u00f3, chefe do Parlamento eleito em 2015, se autoproclamou presidente interino, comprometendo-se a organizar novas elei\u00e7\u00f5es.<\/p>\n<div class=\"widget-news widget-box no-margin no-border\"><span class=\"widget-news-title content-box-title\">Veja tamb\u00e9m<\/span><\/p>\n<ul class=\"widget-news-list\">\n<li class=\"widget-news-item without-thumb with-border\">\n<div class=\"widget-news-info\"><a href=\"http:\/\/exame.abril.com.br\/mundo\">MUNDO<\/a><span class=\"widget-news-item-title\"><a href=\"https:\/\/exame.abril.com.br\/mundo\/comandantes-dos-eua-e-da-colombia-pressionam-militares-da-venezuela\/\">Comandantes dos EUA e da Col\u00f4mbia pressionam militares da Venezuela<\/a><\/span><span class=\"widget-news-item-date\">20 fev 2019 &#8211; 15h02<\/span><\/div>\n<\/li>\n<\/ul>\n<\/div>\n<p>Guaid\u00f3 descreveu os coment\u00e1rios de Maduro como &#8220;chantagem&#8221; e &#8220;uma declara\u00e7\u00e3o vazia para tentar confundir a opini\u00e3o p\u00fablica internacional&#8221;.<\/p>\n<p>Ele insistiu que o Parlamento venezuelano est\u00e1 tomando as medidas necess\u00e1rias para organizar novas elei\u00e7\u00f5es, mas explicou que elas devem ser convocadas pelo Conselho Nacional Eleitoral, um \u00f3rg\u00e3o que, segundo ele, est\u00e1 &#8220;sequestrado pelo regime&#8221; de Maduro.<\/p>\n<p>&#8220;Para termos uma elei\u00e7\u00e3o verdadeiramente livre na Venezuela, precisamos renovar o Conselho Nacional Eleitoral&#8221;, afirmou.<\/p>\n<p>Maduro, que \u00e9 apoiado pela R\u00fassia, Cuba, China e Turquia, assegura que terminar\u00e1 seu mandato (2019-2025) e rejeita os apelos da Uni\u00e3o Europeia e de v\u00e1rios governos para buscar uma solu\u00e7\u00e3o para a crise por meio de elei\u00e7\u00f5es presidenciais livres.<\/p>\n<p>Guaid\u00f3 tamb\u00e9m rejeitou que o pa\u00eds esteja pr\u00f3ximo de uma interven\u00e7\u00e3o militar dos Estados Unidos, como denuncia Maduro. &#8220;N\u00e3o h\u00e1 possibilidade de interven\u00e7\u00e3o como tal, porque cabe aos venezuelanos decidir&#8221;, disse ele.<\/p>\n<p>A esse respeito, explicou que as conquistas da oposi\u00e7\u00e3o, como alcan\u00e7ar a maioria no Parlamento em 2015, os protestos e a prote\u00e7\u00e3o dos bens do pa\u00eds no exterior t\u00eam sido &#8220;uma decis\u00e3o do povo venezuelano&#8221;.<\/p>\n<p><br \/>\n<br \/><a href=\"https:\/\/exame.abril.com.br\/mundo\/venezuela-guaido-responde-a-desafio-de-maduro-e-espera-eleicoes-este-ano\/\">Source link <\/a><\/p>\n","protected":false},"excerpt":{"rendered":"<p>O opositor venezuelano Juan Guaid\u00f3, reconhecido por mais de 50 pa\u00edses como presidente interino, disse nesta quarta-feira que espera que o seu pa\u00eds realize elei\u00e7\u00f5es este ano, assim que a autoridade eleitoral deixe de ser &#8220;ref\u00e9m&#8221; do governo de Nicol\u00e1s Maduro. &#8220;Isso pode acontecer muito em breve, entre seis e nove meses, uma vez terminada [&hellip;]<\/p>\n","protected":false},"author":1,"featured_media":6083,"comment_status":"open","ping_status":"open","sticky":false,"template":"","format":"standard","meta":{"footnotes":""},"categories":[337],"tags":[],"class_list":["post-6082","post","type-post","status-publish","format-standard","has-post-thumbnail","hentry","category-noticias"],"_links":{"self":[{"href":"https:\/\/wiy.com.br\/noticias\/wp-json\/wp\/v2\/posts\/6082","targetHints":{"allow":["GET"]}}],"collection":[{"href":"https:\/\/wiy.com.br\/noticias\/wp-json\/wp\/v2\/posts"}],"about":[{"href":"https:\/\/wiy.com.br\/noticias\/wp-json\/wp\/v2\/types\/post"}],"author":[{"embeddable":true,"href":"https:\/\/wiy.com.br\/noticias\/wp-json\/wp\/v2\/users\/1"}],"replies":[{"embeddable":true,"href":"https:\/\/wiy.com.br\/noticias\/wp-json\/wp\/v2\/comments?post=6082"}],"version-history":[{"count":0,"href":"https:\/\/wiy.com.br\/noticias\/wp-json\/wp\/v2\/posts\/6082\/revisions"}],"wp:featuredmedia":[{"embeddable":true,"href":"https:\/\/wiy.com.br\/noticias\/wp-json\/wp\/v2\/media\/6083"}],"wp:attachment":[{"href":"https:\/\/wiy.com.br\/noticias\/wp-json\/wp\/v2\/media?parent=6082"}],"wp:term":[{"taxonomy":"category","embeddable":true,"href":"https:\/\/wiy.com.br\/noticias\/wp-json\/wp\/v2\/categories?post=6082"},{"taxonomy":"post_tag","embeddable":true,"href":"https:\/\/wiy.com.br\/noticias\/wp-json\/wp\/v2\/tags?post=6082"}],"curies":[{"name":"wp","href":"https:\/\/api.w.org\/{rel}","templated":true}]}}