{"id":60666,"date":"2023-02-26T15:12:44","date_gmt":"2023-02-26T18:12:44","guid":{"rendered":"https:\/\/wiy.com.br\/noticias\/estados-unidos-pedem-uso-obrigatorio-de-mascara-em-avioes-e-trens\/"},"modified":"2020-10-20T10:33:53","modified_gmt":"2020-10-20T13:33:53","slug":"estados-unidos-pedem-uso-obrigatorio-de-mascara-em-avioes-e-trens","status":"publish","type":"post","link":"https:\/\/wiy.com.br\/noticias\/estados-unidos-pedem-uso-obrigatorio-de-mascara-em-avioes-e-trens\/","title":{"rendered":"Estados Unidos pedem uso obrigat\u00f3rio de m\u00e1scara em avi\u00f5es e trens"},"content":{"rendered":"<p> <br \/>\n<\/p>\n<p>O Centro de Controle e Preven\u00e7\u00e3o de Doen\u00e7as dos Estados Unidos (CDC) divulgou\u00a0nesta segunda-feira (19) &#8220;forte recomenda\u00e7\u00e3o&#8221; para que passageiros e funcion\u00e1rios em avi\u00f5es, trens, metr\u00f4s, \u00f4nibus, t\u00e1xis e ve\u00edculos de carona compartilhada utilizem <strong>m\u00e1scaras<\/strong> para prevenir a propaga\u00e7\u00e3o da<strong> Covid-19<\/strong>.<img title = \"[Tags]\"alt = \"ebc Estados Unidos pedem uso obrigat\u00f3rio de m\u00e1scara em avi\u00f5es e trens\"decoding=\"async\" src=\"https:\/\/agenciabrasil.ebc.com.br\/ebc.png?id=1391075&amp;o=node\" border=\"0\" \/><img title = \"[Tags]\"alt = \"ebc Estados Unidos pedem uso obrigat\u00f3rio de m\u00e1scara em avi\u00f5es e trens\"decoding=\"async\" src=\"https:\/\/agenciabrasil.ebc.com.br\/ebc.gif?id=1391075&amp;o=node\" border=\"0\" \/><\/p>\n<p>A orienta\u00e7\u00e3o provis\u00f3ria tamb\u00e9m pede a utiliza\u00e7\u00e3o das prote\u00e7\u00f5es faciais em<span>\u00a0<\/span><em>hubs<\/em><span>\u00a0<\/span>de transporte, como aeroportos e esta\u00e7\u00f5es de trem.<\/p>\n<p>&#8220;A utiliza\u00e7\u00e3o ampla e rotineira de m\u00e1scaras nos sistemas de transportes vai\u00a0proteger norte-americanos e oferecer confian\u00e7a para que se possa\u00a0novamente viajar com seguran\u00e7a mesmo durante a pandemia&#8221;, afirmou o CDC.<\/p>\n<p>Companhias a\u00e9reas, o sistema de trens Amtrak e a maioria dos sistemas p\u00fablicos de trens e aeroportos norte-americanos j\u00e1 exigem que todos os passageiros e trabalhadores cubram seus rostos, assim como as empresas Uber e Lyft.<\/p>\n<p>Mas, em julho, a Casa Branca foi contr\u00e1ria a um projeto que tornaria obrigat\u00f3rio o uso de m\u00e1scaras por todos os funcion\u00e1rios e passageiros de companhias a\u00e9reas, trens e sistemas de transporte p\u00fablico. A Casa Branca n\u00e3o comentou imediatamente a recomenda\u00e7\u00e3o do CDC.<\/p>\n<p>O gabinete de Administra\u00e7\u00e3o e Or\u00e7amentos da Casa Branca disse na \u00e9poca que o projeto de lei que obrigava o uso de m\u00e1scaras era &#8220;restritivo demais&#8221;, e acrescentou que essas\u00a0decis\u00f5es deveriam ficar com os estados, governos locais, sistemas de transporte e autoridades de sa\u00fade p\u00fablica.<\/p>\n<p>Segundo o CDC,\u00a0 os\u00a0operadores de transportes deveriam garantir que todos os passageiros e funcion\u00e1rios utilizassem m\u00e1scaras durante toda a\u00a0viagem, e que deveriam oferecer informa\u00e7\u00f5es para pessoas que est\u00e3o comprando ou reservando viagens e\/ou transporte\u00a0sobre a necessidade de uso de m\u00e1scaras, assim como, onde fosse poss\u00edvel, disponibilizar essa prote\u00e7\u00e3o.<\/p>\n<p><strong>+<a href=\"https:\/\/abr.ai\/assine-vejasp\" target=\"_blank\" data-saferedirecturl=\"https:\/\/www.google.com\/url?q=https:\/\/abr.ai\/assine-vejasp&amp;source=gmail&amp;ust=1603286796096000&amp;usg=AFQjCNHKlQ7GVdU9lSZcMlls7yPcf-ZyCQ\" rel=\"noopener noreferrer\"><span class=\"il\">Assine<\/span><span>\u00a0<\/span>a<span>\u00a0<\/span><span class=\"il\">Vejinha<\/span><span>\u00a0<\/span>a partir de 5,90<\/a><\/strong><span>\u00a0<\/span><\/p>\n<div id=\"relacionadas\" class=\"block related-posts three_columns\">\n<ul class=\"block-menu\">\n<li data-tab=\"tab-1\" class=\"active\">Relacionadas<\/li>\n<\/ul>\n<div id=\"tab-1\" class=\"block-content active\">\n<div class=\"row\">\n<li class=\"widget-news-item without-thumb with-border\">\n<div class=\"widget-news-info\"><a href=\"http:\/\/vejasp.abril.com.br\/cultura-lazer\">Cultura &amp; Lazer<\/a><span class=\"widget-news-item-title\"><a href=\"https:\/\/vejasp.abril.com.br\/cultura-lazer\/jeff-bridges-cancer\/\">Jeff Bridges, ator veterano vencedor do Oscar, revela que est\u00e1 com c\u00e2ncer<\/a><\/span><span class=\"widget-news-item-date\">20 out 2020 &#8211; 09h10<\/span><\/div>\n<\/li>\n<li class=\"widget-news-item without-thumb with-border\">\n<div class=\"widget-news-info\"><a href=\"http:\/\/vejasp.abril.com.br\/cidades\">Cidades<\/a><span class=\"widget-news-item-title\"><a href=\"https:\/\/vejasp.abril.com.br\/cidades\/policial-encontrado-morto-presidente-prudente-cracolandia\/\">Policial \u00e9 encontrado morto dentro de carro\u00e7a no centro de S\u00e3o Paulo<\/a><\/span><span class=\"widget-news-item-date\">19 out 2020 &#8211; 21h10<\/span><\/div>\n<\/li>\n<li class=\"widget-news-item without-thumb with-border\">\n<div class=\"widget-news-info\"><a href=\"http:\/\/vejasp.abril.com.br\/cidades\">Cidades<\/a><span class=\"widget-news-item-title\"><a href=\"https:\/\/vejasp.abril.com.br\/cidades\/garota-de-programa-esfaqueada\/\">Garota de programa \u00e9 esfaqueada mais de 30 vezes por clientes<\/a><\/span><span class=\"widget-news-item-date\">19 out 2020 &#8211; 19h10<\/span><\/div>\n<\/li>\n<\/div>\n<\/div>\n<\/div>\n<div id=\"mais_lidas\" class=\"block related-posts \">\n<ul class=\"block-menu\">\n<li data-tab=\"tab-1\" class=\"active\">Mais Lidas<\/li>\n<\/ul>\n<div id=\"tab-1\" class=\"block-content active\">\n<div class=\"row\">\n<div class=\"col-s-12 col-l-3\"><a href=\"https:\/\/vejasp.abril.com.br\/blog\/pop\/fatima-bernardes-encontro\/\" class=\"card\"><span class=\"category hide-s\">Cultura &amp; Lazer<\/span><img title = \"[Tags]\"data-src=\"https:\/\/vejasp.abril.com.br\/wp-content\/uploads\/2020\/03\/fatima.jpg?quality=70&amp;strip=info&amp;w=192&amp;h=192&amp;crop=1\"alt = \"ebc Estados Unidos pedem uso obrigat\u00f3rio de m\u00e1scara em avi\u00f5es e trens\" class=\"lazyload media\"><span class=\"category hide-l\">Cultura &amp; Lazer<\/span><span class=\"title\">F\u00e1tima Bernardes \u00e9 substitu\u00edda \u00e0s pressas no Encontro desta ter\u00e7a (22)<\/span><\/a><\/div>\n<div class=\"col-s-12 col-l-3\"><a href=\"https:\/\/vejasp.abril.com.br\/blog\/pop\/video-briga-leblon-dono-conversivel-wilton-vacari\/\" class=\"card\"><span class=\"category hide-s\">Cultura &amp; Lazer<\/span><img title = \"[Tags]\"data-src=\"https:\/\/vejasp.abril.com.br\/wp-content\/uploads\/2020\/09\/leblon.jpg?quality=70&amp;strip=info&amp;w=192&amp;h=192&amp;crop=1\"alt = \"ebc Estados Unidos pedem uso obrigat\u00f3rio de m\u00e1scara em avi\u00f5es e trens\" class=\"lazyload media\"><span class=\"category hide-l\">Cultura &amp; Lazer<\/span><span class=\"title\">&#8220;Sou engenheiro da Petrobras&#8221;, diz dono de convers\u00edvel do Leblon<\/span><\/a><\/div>\n<div class=\"col-s-12 col-l-3\"><a href=\"https:\/\/vejasp.abril.com.br\/blog\/memoria\/o-que-aconteceu-com-liminha-assistente-de-palco-do-gugu\/\" class=\"card\"><span class=\"category hide-s\"><\/span><img title = \"[Tags]\"data-src=\"https:\/\/vejasp.abril.com.br\/wp-content\/uploads\/2020\/10\/liminha.jpg?quality=70&amp;strip=info&amp;w=192&amp;h=192&amp;crop=1\"alt = \"ebc Estados Unidos pedem uso obrigat\u00f3rio de m\u00e1scara em avi\u00f5es e trens\" class=\"lazyload media\"><span class=\"category hide-l\"><\/span><span class=\"title\">O que aconteceu com Liminha, assistente de palco do Gugu?<\/span><\/a><\/div>\n<div class=\"col-s-12 col-l-3\"><a href=\"https:\/\/vejasp.abril.com.br\/blog\/pop\/latino-daniela-albuquerque-divida-rede-tv\/\" class=\"card\"><span class=\"category hide-s\"><\/span><img title = \"[Tags]\"data-src=\"https:\/\/vejasp.abril.com.br\/wp-content\/uploads\/2020\/09\/latino.jpg?quality=70&amp;strip=info&amp;w=192&amp;h=192&amp;crop=1\"alt = \"ebc Estados Unidos pedem uso obrigat\u00f3rio de m\u00e1scara em avi\u00f5es e trens\" class=\"lazyload media\"><span class=\"category hide-l\"><\/span><span class=\"title\">Latino alfineta post de Daniela Albuquerque: &#8220;Pe\u00e7a pro seu marido pagar a d\u00edvida&#8221;<\/span><\/a><\/div>\n<\/div>\n<\/div>\n<\/div>\n<div class=\"ads post-ads\"><span class=\"title\">Continua ap\u00f3s a publicidade<\/span><\/p>\n<div id=\"abrAD_rectangle3\" class=\"abrAD\" data-ad-><\/div>\n<\/div>\n<p><br \/>\n<br \/><a href=\"https:\/\/vejasp.abril.com.br\/cidades\/estados-unidos-mascara\/\">Fonte do Artigo <\/a><br \/>\nTags:<br \/>\n#loterias #loteriascaixa #megasena #resultadoapostas#noticias #noticiario  #noticia #brasil #noticiascolombia #mundo #esporte #colombia #noticiadeld #ltimasnoticias  #noticiario #noticiasregionales #noticiasdepartamentales #noticiashoy #esportes #noticiaahora #elinformantenoticias #noticiasdeboyac  #esporteinterativo #esportivo #diariodosesportes  #noticiero  #jogodefutebol #jogos #loto #apostas<\/p>\n","protected":false},"excerpt":{"rendered":"<p>O Centro de Controle e Preven\u00e7\u00e3o de Doen\u00e7as dos Estados Unidos (CDC) divulgou\u00a0nesta segunda-feira (19) &#8220;forte recomenda\u00e7\u00e3o&#8221; para que passageiros e funcion\u00e1rios em avi\u00f5es, trens, metr\u00f4s, \u00f4nibus, t\u00e1xis e ve\u00edculos de carona compartilhada utilizem m\u00e1scaras para prevenir a propaga\u00e7\u00e3o da Covid-19. A orienta\u00e7\u00e3o provis\u00f3ria tamb\u00e9m pede a utiliza\u00e7\u00e3o das prote\u00e7\u00f5es faciais em\u00a0hubs\u00a0de transporte, como aeroportos [&hellip;]<\/p>\n","protected":false},"author":1,"featured_media":60667,"comment_status":"open","ping_status":"open","sticky":false,"template":"","format":"standard","meta":{"footnotes":""},"categories":[1],"tags":[],"class_list":["post-60666","post","type-post","status-publish","format-standard","has-post-thumbnail","hentry","category-curso-de-copy"],"_links":{"self":[{"href":"https:\/\/wiy.com.br\/noticias\/wp-json\/wp\/v2\/posts\/60666","targetHints":{"allow":["GET"]}}],"collection":[{"href":"https:\/\/wiy.com.br\/noticias\/wp-json\/wp\/v2\/posts"}],"about":[{"href":"https:\/\/wiy.com.br\/noticias\/wp-json\/wp\/v2\/types\/post"}],"author":[{"embeddable":true,"href":"https:\/\/wiy.com.br\/noticias\/wp-json\/wp\/v2\/users\/1"}],"replies":[{"embeddable":true,"href":"https:\/\/wiy.com.br\/noticias\/wp-json\/wp\/v2\/comments?post=60666"}],"version-history":[{"count":0,"href":"https:\/\/wiy.com.br\/noticias\/wp-json\/wp\/v2\/posts\/60666\/revisions"}],"wp:featuredmedia":[{"embeddable":true,"href":"https:\/\/wiy.com.br\/noticias\/wp-json\/wp\/v2\/media\/60667"}],"wp:attachment":[{"href":"https:\/\/wiy.com.br\/noticias\/wp-json\/wp\/v2\/media?parent=60666"}],"wp:term":[{"taxonomy":"category","embeddable":true,"href":"https:\/\/wiy.com.br\/noticias\/wp-json\/wp\/v2\/categories?post=60666"},{"taxonomy":"post_tag","embeddable":true,"href":"https:\/\/wiy.com.br\/noticias\/wp-json\/wp\/v2\/tags?post=60666"}],"curies":[{"name":"wp","href":"https:\/\/api.w.org\/{rel}","templated":true}]}}