{"id":60521,"date":"2023-02-26T15:47:41","date_gmt":"2023-02-26T18:47:41","guid":{"rendered":"https:\/\/wiy.com.br\/noticias\/prefeitura-so-deve-definir-volta-das-aulas-regulares-na-proxima-semana\/"},"modified":"2020-10-13T20:47:14","modified_gmt":"2020-10-13T23:47:14","slug":"prefeitura-so-deve-definir-volta-das-aulas-regulares-na-proxima-semana","status":"publish","type":"post","link":"https:\/\/wiy.com.br\/noticias\/prefeitura-so-deve-definir-volta-das-aulas-regulares-na-proxima-semana\/","title":{"rendered":"Prefeitura s\u00f3 deve definir volta das aulas regulares na pr\u00f3xima semana"},"content":{"rendered":"<p> <br \/>\n<\/p>\n<div class=\"mc-column content-text active-extra-styles \" data-block-type=\"unstyled\" data-block-weight=\"54\" data-block-id=\"2\">\n<p data-track-category=\"Link no Texto\" data-track-links=\"\">A defini\u00e7\u00e3o sobre a <strong>volta<\/strong> das <strong>aulas<\/strong> <strong>regulares<\/strong> na <strong>rede municipal <\/strong>no dia 3 de novembro deve ser anunciada pela prefeitura na pr\u00f3xima semana. A gest\u00e3o Bruno Covas (PSDB) informou nesta ter\u00e7a-feira (13), durante coletiva de imprensa, que a confirma\u00e7\u00e3o ou n\u00e3o ocorre no dia 22 de outubro.<\/p>\n<p data-track-category=\"Link no Texto\" data-track-links=\"\">O motivo \u00e9 o censo sorol\u00f3gico que est\u00e1 sendo realizado com professores e alunos da rede municipal. A prefeitura aguarda os resultados dos estudo para definir a volta das aulas regulares. Em setembro, quando a pesquisa foi anunciada, Covas afirmou que cerca de 777 000 estudantes, docentes e funcion\u00e1rios passar\u00e3o por testes para identificar quantos j\u00e1 tiveram contato com a doen\u00e7a pand\u00eamica.<\/p>\n<p data-track-category=\"Link no Texto\" data-track-links=\"\">Secret\u00e1rio municipal de Educa\u00e7\u00e3o, Bruno Caetano afirmou ainda que 14 escolas municipais v\u00e3o reabrir para atividades extracurriculares no dia 19 de outubro. O protocolo de reabertura publicado no Di\u00e1rio Oficial determinava que as unidades de ensino contam com duas datas para decidirem se ir\u00e3o reabrir para oferecer atividades extracurriculares, sendo estas 7 e 19 de outubro. At\u00e9 ent\u00e3o, apenas uma escola municipal tinha decidido voltar a receber alunos presencialmente.<span>\u00a0<\/span><\/p>\n<\/div>\n<div id=\"relacionadas\" class=\"block related-posts three_columns\">\n<ul class=\"block-menu\">\n<li data-tab=\"tab-1\" class=\"active\">Relacionadas<\/li>\n<\/ul>\n<div id=\"tab-1\" class=\"block-content active\">\n<div class=\"row\">\n<li class=\"widget-news-item without-thumb with-border\">\n<div class=\"widget-news-info\"><a href=\"http:\/\/vejasp.abril.com.br\/cidades\">Cidades<\/a><span class=\"widget-news-item-title\"><a href=\"https:\/\/vejasp.abril.com.br\/cidades\/russomanno-moradores-de-rua-covid-19\/\">Russomanno diz que moradores de rua s\u00e3o mais resistentes \u00e0 Covid-19: &#8220;N\u00e3o t\u00eam como tomar banho&#8221;<\/a><\/span><span class=\"widget-news-item-date\">13 out 2020 &#8211; 17h10<\/span><\/div>\n<\/li>\n<li class=\"widget-news-item without-thumb with-border\">\n<div class=\"widget-news-info\"><a href=\"http:\/\/vejasp.abril.com.br\/saude\">Sa\u00fade<\/a><span class=\"widget-news-item-title\"><a href=\"https:\/\/vejasp.abril.com.br\/saude\/coronavirus-covid-19-campanha-vacinacao-oms-mariangela-simao\/\">Covid-19: Vacina\u00e7\u00e3o em massa n\u00e3o deve ocorrer em 2021 no Brasil, diz vice-diretora da OMS<\/a><\/span><span class=\"widget-news-item-date\">13 out 2020 &#8211; 15h10<\/span><\/div>\n<\/li>\n<li class=\"widget-news-item without-thumb with-border\">\n<div class=\"widget-news-info\"><a href=\"http:\/\/vejasp.abril.com.br\/cultura-lazer\">Cultura &amp; Lazer<\/a><span class=\"widget-news-item-title\"><a href=\"https:\/\/vejasp.abril.com.br\/cultura-lazer\/cristiano-ronaldo-covid-19\/\">Cristiano Ronaldo testa positivo para Covid-19<\/a><\/span><span class=\"widget-news-item-date\">13 out 2020 &#8211; 15h10<\/span><\/div>\n<\/li>\n<li class=\"widget-news-item without-thumb with-border\">\n<div class=\"widget-news-info\"><a href=\"http:\/\/vejasp.abril.com.br\/saude\">Sa\u00fade<\/a><span class=\"widget-news-item-title\"><a href=\"https:\/\/vejasp.abril.com.br\/saude\/teste-da-vacina-da-johnson-johnsons-e-pausado-apos-doenca-em-paciente\/\">Teste da vacina da Johnson &#038; Johnson \u00e9 pausado ap\u00f3s doen\u00e7a em paciente<\/a><\/span><span class=\"widget-news-item-date\">13 out 2020 &#8211; 11h10<\/span><\/div>\n<\/li>\n<\/div>\n<\/div>\n<\/div>\n<div class=\"wall protected-content\">\n<div class=\"mc-column content-text active-extra-styles \" data-block-type=\"unstyled\" data-block-weight=\"66\" data-block-id=\"5\">\n<div class=\"mc-column content-media content-video\" data-block-type=\"backstage-video\" data-block-id=\"13\">\n<div class=\"content-media__container\">\n<div class=\"content-video__bigger-player-description-fixer\">\n<article class=\"content-video\">\n<section class=\"content-video__video-container\">\n<div class=\"content-video__placeholder\" data-video-id=\"8920184\"><\/div>\n<\/section>\n<\/article>\n<\/div>\n<\/div>\n<\/div>\n<\/div>\n<\/div>\n<div id=\"mais_lidas\" class=\"block related-posts \">\n<ul class=\"block-menu\">\n<li data-tab=\"tab-1\" class=\"active\">Mais Lidas<\/li>\n<\/ul>\n<div id=\"tab-1\" class=\"block-content active\">\n<div class=\"row\">\n<div class=\"col-s-12 col-l-3\"><a href=\"https:\/\/vejasp.abril.com.br\/blog\/pop\/fatima-bernardes-encontro\/\" class=\"card\"><span class=\"category hide-s\"><\/span><img title = \"[Tags]\"data-src=\"https:\/\/vejasp.abril.com.br\/wp-content\/uploads\/2020\/03\/fatima.jpg?quality=70&amp;strip=info&amp;w=192&amp;h=192&amp;crop=1\"alt = \"fatima Prefeitura s\u00f3 deve definir volta das aulas regulares na pr\u00f3xima semana\" class=\"lazyload media\"><span class=\"category hide-l\"><\/span><span class=\"title\">F\u00e1tima Bernardes \u00e9 substitu\u00edda \u00e0s pressas no Encontro desta ter\u00e7a (22)<\/span><\/a><\/div>\n<div class=\"col-s-12 col-l-3\"><a href=\"https:\/\/vejasp.abril.com.br\/blog\/pop\/video-briga-leblon-dono-conversivel-wilton-vacari\/\" class=\"card\"><span class=\"category hide-s\">Cultura &amp; Lazer<\/span><img title = \"[Tags]\"data-src=\"https:\/\/vejasp.abril.com.br\/wp-content\/uploads\/2020\/09\/leblon.jpg?quality=70&amp;strip=info&amp;w=192&amp;h=192&amp;crop=1\"alt = \"fatima Prefeitura s\u00f3 deve definir volta das aulas regulares na pr\u00f3xima semana\" class=\"lazyload media\"><span class=\"category hide-l\">Cultura &amp; Lazer<\/span><span class=\"title\">&#8220;Sou engenheiro da Petrobras&#8221;, diz dono de convers\u00edvel do Leblon<\/span><\/a><\/div>\n<div class=\"col-s-12 col-l-3\"><a href=\"https:\/\/vejasp.abril.com.br\/cidades\/frente-fria-sao-paulo-inverno\/\" class=\"card\"><span class=\"category hide-s\">Cidades<\/span><img title = \"[Tags]\"data-src=\"https:\/\/vejasp.abril.com.br\/wp-content\/uploads\/2019\/09\/aep20110111146.163701.jpg?quality=70&amp;strip=info&amp;crop=0px%2C793px%2C3168px%2C3168px&amp;resize=192%2C192\"alt = \"fatima Prefeitura s\u00f3 deve definir volta das aulas regulares na pr\u00f3xima semana\" class=\"lazyload media\"><span class=\"category hide-l\">Cidades<\/span><span class=\"title\">Frente fria que avan\u00e7a sobre SP vai provocar mudan\u00e7a radical no tempo<\/span><\/a><\/div>\n<div class=\"col-s-12 col-l-3\"><a href=\"https:\/\/vejasp.abril.com.br\/blog\/miguel-barbieri\/netflix-filmes-polemicos-mignonnes-odiabo-de-cada-dia\/\" class=\"card\"><span class=\"category hide-s\">Cultura &amp; Lazer<\/span><img title = \"[Tags]\"data-src=\"https:\/\/vejasp.abril.com.br\/wp-content\/uploads\/2020\/09\/diabo1.jpg?quality=70&amp;strip=info&amp;w=192&amp;h=192&amp;crop=1\"alt = \"fatima Prefeitura s\u00f3 deve definir volta das aulas regulares na pr\u00f3xima semana\" class=\"lazyload media\"><span class=\"category hide-l\">Cultura &amp; Lazer<\/span><span class=\"title\">Netflix: dois filmes pol\u00eamicos que est\u00e3o dividindo as opini\u00f5es<\/span><\/a><\/div>\n<\/div>\n<\/div>\n<\/div>\n<p><br \/>\n<br \/><a href=\"https:\/\/vejasp.abril.com.br\/cidades\/prefeitura-sao-paulo-volta-aulas-rede-municipal\/\">Fonte do Artigo <\/a><br \/>\nTags:<br \/>\n#loterias #loteriascaixa #megasena #resultadoapostas#noticias #noticiario  #noticia #brasil #noticiascolombia #mundo #esporte #colombia #noticiadeld #ltimasnoticias  #noticiario #noticiasregionales #noticiasdepartamentales #noticiashoy #esportes #noticiaahora #elinformantenoticias #noticiasdeboyac  #esporteinterativo #esportivo #diariodosesportes  #noticiero  #jogodefutebol #jogos #loto #apostas<\/p>\n","protected":false},"excerpt":{"rendered":"<p>A defini\u00e7\u00e3o sobre a volta das aulas regulares na rede municipal no dia 3 de novembro deve ser anunciada pela prefeitura na pr\u00f3xima semana. A gest\u00e3o Bruno Covas (PSDB) informou nesta ter\u00e7a-feira (13), durante coletiva de imprensa, que a confirma\u00e7\u00e3o ou n\u00e3o ocorre no dia 22 de outubro. O motivo \u00e9 o censo sorol\u00f3gico que [&hellip;]<\/p>\n","protected":false},"author":1,"featured_media":60522,"comment_status":"open","ping_status":"open","sticky":false,"template":"","format":"standard","meta":{"footnotes":""},"categories":[1],"tags":[],"class_list":["post-60521","post","type-post","status-publish","format-standard","has-post-thumbnail","hentry","category-curso-de-copy"],"_links":{"self":[{"href":"https:\/\/wiy.com.br\/noticias\/wp-json\/wp\/v2\/posts\/60521","targetHints":{"allow":["GET"]}}],"collection":[{"href":"https:\/\/wiy.com.br\/noticias\/wp-json\/wp\/v2\/posts"}],"about":[{"href":"https:\/\/wiy.com.br\/noticias\/wp-json\/wp\/v2\/types\/post"}],"author":[{"embeddable":true,"href":"https:\/\/wiy.com.br\/noticias\/wp-json\/wp\/v2\/users\/1"}],"replies":[{"embeddable":true,"href":"https:\/\/wiy.com.br\/noticias\/wp-json\/wp\/v2\/comments?post=60521"}],"version-history":[{"count":0,"href":"https:\/\/wiy.com.br\/noticias\/wp-json\/wp\/v2\/posts\/60521\/revisions"}],"wp:featuredmedia":[{"embeddable":true,"href":"https:\/\/wiy.com.br\/noticias\/wp-json\/wp\/v2\/media\/60522"}],"wp:attachment":[{"href":"https:\/\/wiy.com.br\/noticias\/wp-json\/wp\/v2\/media?parent=60521"}],"wp:term":[{"taxonomy":"category","embeddable":true,"href":"https:\/\/wiy.com.br\/noticias\/wp-json\/wp\/v2\/categories?post=60521"},{"taxonomy":"post_tag","embeddable":true,"href":"https:\/\/wiy.com.br\/noticias\/wp-json\/wp\/v2\/tags?post=60521"}],"curies":[{"name":"wp","href":"https:\/\/api.w.org\/{rel}","templated":true}]}}