{"id":60501,"date":"2023-02-26T15:51:27","date_gmt":"2023-02-26T18:51:27","guid":{"rendered":"https:\/\/wiy.com.br\/noticias\/jovem-e-rendido-com-arma-na-cabeca-durante-transmissao-ao-vivo\/"},"modified":"2020-10-13T12:37:14","modified_gmt":"2020-10-13T15:37:14","slug":"jovem-e-rendido-com-arma-na-cabeca-durante-transmissao-ao-vivo","status":"publish","type":"post","link":"https:\/\/wiy.com.br\/noticias\/jovem-e-rendido-com-arma-na-cabeca-durante-transmissao-ao-vivo\/","title":{"rendered":"Jovem \u00e9 rendido com arma na cabe\u00e7a durante transmiss\u00e3o ao vivo"},"content":{"rendered":"<p> <br \/>\n<\/p>\n<p><span>Na \u00faltima sexta-feira (9), o streamer <strong>Guilherme Menezes<\/strong> foi assaltado enquanto fazia uma transmiss\u00e3o ao vivo em sua casa, no Guaruj\u00e1. Seguidores que assistiam ao jovem de 25 anos jogando ligaram para a Pol\u00edcia Militar, que chegou no local e prendeu um dos dois suspeitos. O outro conseguiu fugir.\u00a0<\/span><\/p>\n<p><span>Durante o v\u00eddeo, \u00e9 poss\u00edvel ver Guilherme sendo rendido. O assaltante aponta uma arma para sua cabe\u00e7a, tira o fone e, em seguida, o leva para longe da c\u00e2mera. De acordo com depoimento para o UOL, Guilherme contou que, ap\u00f3s a cena, foi rendido junto com sua fam\u00edlia na sala da casa.\u00a0<\/span><\/p>\n<blockquote class=\"twitter-tweet\" data-width=\"500\" data-dnt=\"true\">\n<p lang=\"pt\" dir=\"ltr\">Jovem \u00e9 rendido com arma na cabe\u00e7a durante transmiss\u00e3o ao vivo -&gt; <a href=\"https:\/\/t.co\/36p8MloOUN\">https:\/\/t.co\/36p8MloOUN<\/a> <a href=\"https:\/\/t.co\/8ijpGSnVSm\">pic.twitter.com\/8ijpGSnVSm<\/a><\/p>\n<p>&mdash; VEJA S\u00e3o Paulo (@VejaSP) <a href=\"https:\/\/twitter.com\/VejaSP\/status\/1316038691052310529?ref_src=twsrc%5Etfw\">October 13, 2020<\/a><\/p>\n<\/blockquote>\n<p><span>&#8220;Um dos assaltantes estava com uma arma, que depois na delegacia soubemos que era um simulacro, e um fac\u00e3o. Eles come\u00e7aram a pegar tudo de valor pela casa, desde eletroeletr\u00f4nicos, joias, dinheiro, at\u00e9 coisas de baixo valor, tipo livros&#8221;, contou Guilherme ao site. Ele estava acompanhado dos pais, do irm\u00e3o e da cunhada.\u00a0<\/span><\/p>\n<div class=\"ads post-ads\"><span class=\"title\">Continua ap\u00f3s a publicidade<\/span><\/p>\n<div id=\"abrAD_rectangle2\" class=\"abrAD\" data-ad-><\/div>\n<\/div>\n<p><span>O streamer ainda ressaltou que sua maior preocupa\u00e7\u00e3o era com a sa\u00fade de seu pai, que sofre com problemas card\u00edacos. Ele passa bem. Nas redes sociais, agradeceu a a\u00e7\u00e3o r\u00e1pida dos seguidores.\u00a0<\/span><\/p>\n<blockquote class=\"twitter-tweet\" data-width=\"500\" data-dnt=\"true\">\n<p lang=\"pt\" dir=\"ltr\">Galera, voc\u00eas salvaram minha vida e da minha fam\u00edlia. Gra\u00e7as a estar em live, a pol\u00edcia conseguiu chegar no meio do assalto. Obrigado, depois eu explico mais.<\/p>\n<p>&mdash; guixxm (@guixxmTV) <a href=\"https:\/\/twitter.com\/guixxmTV\/status\/1314703216551100416?ref_src=twsrc%5Etfw\">October 9, 2020<\/a><\/p>\n<\/blockquote>\n<p><span><\/span><\/p>\n<h3>Como os assaltantes entraram?<\/h3>\n<p><span>Ainda em entrevista ao UOL, Guilherme contou que a chave da casa havia sido furtada na semana do assalto. &#8220;Meu pai saiu cedo e, por costume, jogou a chave de volta para a garagem. Um dos homens que estava trabalhando em uma constru\u00e7\u00e3o civil viu a cena e usou algo pra &#8216;pescar&#8217; a chave no quintal. No dia 9, entraram usando a chave&#8221;.<\/span><\/p>\n<p><strong>+<a href=\"https:\/\/abr.ai\/assine-vejasp\" target=\"_blank\" data-saferedirecturl=\"https:\/\/www.google.com\/url?q=https:\/\/abr.ai\/assine-vejasp&amp;source=gmail&amp;ust=1602688718921000&amp;usg=AFQjCNHesXPklxO-A-1OBmDxQyOXPgCo4w\" rel=\"noopener noreferrer\">Assine a Vejinha a partir de 6,90<\/a><\/strong><\/p>\n<div>\n<\/div>\n<div><\/div>\n<div>\n<div id=\"relacionadas\" class=\"block related-posts three_columns\">\n<ul class=\"block-menu\">\n<li data-tab=\"tab-1\" class=\"active\">Relacionadas<\/li>\n<\/ul>\n<div id=\"tab-1\" class=\"block-content active\">\n<div class=\"row\">\n<li class=\"widget-news-item without-thumb with-border\">\n<div class=\"widget-news-info\"><a href=\"http:\/\/vejasp.abril.com.br\/cidades\">Cidades<\/a><span class=\"widget-news-item-title\"><a href=\"https:\/\/vejasp.abril.com.br\/cidades\/homem-mata-namorada-18-anos\/\">Homem mata ex-companheira que comemorava 18 anos na segunda (12)<\/a><\/span><span class=\"widget-news-item-date\">13 out 2020 &#8211; 10h10<\/span><\/div>\n<\/li>\n<li class=\"widget-news-item without-thumb with-border\">\n<div class=\"widget-news-info\"><a href=\"http:\/\/vejasp.abril.com.br\/cultura-lazer\">Cultura &amp; Lazer<\/a><span class=\"widget-news-item-title\"><a href=\"https:\/\/vejasp.abril.com.br\/cultura-lazer\/tom-parker-the-wanted-tumor-cerebro-cancer\/\">Tom Parker, do The Wanted, descobre tumor inoper\u00e1vel no c\u00e9rebro<\/a><\/span><span class=\"widget-news-item-date\">12 out 2020 &#8211; 18h10<\/span><\/div>\n<\/li>\n<li class=\"widget-news-item without-thumb with-border\">\n<div class=\"widget-news-info\"><a href=\"http:\/\/vejasp.abril.com.br\/saude\">Sa\u00fade<\/a><span class=\"widget-news-item-title\"><a href=\"https:\/\/vejasp.abril.com.br\/saude\/coronavirus-sobrevive-1-mes-dinheiro-celular\/\">V\u00edrus da Covid-19 pode sobreviver quase 1 m\u00eas no dinheiro e celular, diz estudo<\/a><\/span><span class=\"widget-news-item-date\">12 out 2020 &#8211; 17h10<\/span><\/div>\n<\/li>\n<li class=\"widget-news-item without-thumb with-border\">\n<div class=\"widget-news-info\"><a href=\"http:\/\/vejasp.abril.com.br\/cidades\">Cidades<\/a><span class=\"widget-news-item-title\"><a href=\"https:\/\/vejasp.abril.com.br\/cidades\/funcionaria-da-usp-assume-culpa-em-morte-de-estudante\/\">Funcion\u00e1ria da USP assume culpa em morte de estudante<\/a><\/span><span class=\"widget-news-item-date\">12 out 2020 &#8211; 11h10<\/span><\/div>\n<\/li>\n<\/div>\n<\/div>\n<\/div>\n<\/div>\n<div id=\"mais_lidas\" class=\"block related-posts \">\n<ul class=\"block-menu\">\n<li data-tab=\"tab-1\" class=\"active\">Mais Lidas<\/li>\n<\/ul>\n<div id=\"tab-1\" class=\"block-content active\">\n<div class=\"row\">\n<div class=\"col-s-12 col-l-3\"><a href=\"https:\/\/vejasp.abril.com.br\/blog\/pop\/fatima-bernardes-encontro\/\" class=\"card\"><span class=\"category hide-s\"><\/span><img title = \"[Tags]\"data-src=\"https:\/\/vejasp.abril.com.br\/wp-content\/uploads\/2020\/03\/fatima.jpg?quality=70&amp;strip=info&amp;w=192&amp;h=192&amp;crop=1\"alt = \"fatima Jovem \u00e9 rendido com arma na cabe\u00e7a durante transmiss\u00e3o ao vivo\" class=\"lazyload media\"><span class=\"category hide-l\"><\/span><span class=\"title\">F\u00e1tima Bernardes \u00e9 substitu\u00edda \u00e0s pressas no Encontro desta ter\u00e7a (22)<\/span><\/a><\/div>\n<div class=\"col-s-12 col-l-3\"><a href=\"https:\/\/vejasp.abril.com.br\/blog\/pop\/video-briga-leblon-dono-conversivel-wilton-vacari\/\" class=\"card\"><span class=\"category hide-s\">Cultura &amp; Lazer<\/span><img title = \"[Tags]\"data-src=\"https:\/\/vejasp.abril.com.br\/wp-content\/uploads\/2020\/09\/leblon.jpg?quality=70&amp;strip=info&amp;w=192&amp;h=192&amp;crop=1\"alt = \"fatima Jovem \u00e9 rendido com arma na cabe\u00e7a durante transmiss\u00e3o ao vivo\" class=\"lazyload media\"><span class=\"category hide-l\">Cultura &amp; Lazer<\/span><span class=\"title\">&#8220;Sou engenheiro da Petrobras&#8221;, diz dono de convers\u00edvel do Leblon<\/span><\/a><\/div>\n<div class=\"col-s-12 col-l-3\"><a href=\"https:\/\/vejasp.abril.com.br\/cidades\/frente-fria-sao-paulo-inverno\/\" class=\"card\"><span class=\"category hide-s\">Cidades<\/span><img title = \"[Tags]\"data-src=\"https:\/\/vejasp.abril.com.br\/wp-content\/uploads\/2019\/09\/aep20110111146.163701.jpg?quality=70&amp;strip=info&amp;crop=0px%2C793px%2C3168px%2C3168px&amp;resize=192%2C192\"alt = \"fatima Jovem \u00e9 rendido com arma na cabe\u00e7a durante transmiss\u00e3o ao vivo\" class=\"lazyload media\"><span class=\"category hide-l\">Cidades<\/span><span class=\"title\">Frente fria que avan\u00e7a sobre SP vai provocar mudan\u00e7a radical no tempo<\/span><\/a><\/div>\n<div class=\"col-s-12 col-l-3\"><a href=\"https:\/\/vejasp.abril.com.br\/blog\/miguel-barbieri\/netflix-filmes-polemicos-mignonnes-odiabo-de-cada-dia\/\" class=\"card\"><span class=\"category hide-s\">Cultura &amp; Lazer<\/span><img title = \"[Tags]\"data-src=\"https:\/\/vejasp.abril.com.br\/wp-content\/uploads\/2020\/09\/diabo1.jpg?quality=70&amp;strip=info&amp;w=192&amp;h=192&amp;crop=1\"alt = \"fatima Jovem \u00e9 rendido com arma na cabe\u00e7a durante transmiss\u00e3o ao vivo\" class=\"lazyload media\"><span class=\"category hide-l\">Cultura &amp; Lazer<\/span><span class=\"title\">Netflix: dois filmes pol\u00eamicos que est\u00e3o dividindo as opini\u00f5es<\/span><\/a><\/div>\n<\/div>\n<\/div>\n<\/div>\n<div class=\"ads post-ads\"><span class=\"title\">Continua ap\u00f3s a publicidade<\/span><\/p>\n<div id=\"abrAD_rectangle3\" class=\"abrAD\" data-ad-><\/div>\n<\/div>\n<p><script async src=\"http:\/\/platform.twitter.com\/widgets.js\" charset=\"utf-8\"><\/script><br \/>\n<br \/><br \/>\n<br \/><a href=\"https:\/\/vejasp.abril.com.br\/cidades\/jovem-e-rendido-com-arma-na-cabeca-enquanto-faz-transmissao-ao-vivo\/\">Fonte do Artigo <\/a><br \/>\nTags:<br \/>\n#loterias #loteriascaixa #megasena #resultadoapostas#noticias #noticiario  #noticia #brasil #noticiascolombia #mundo #esporte #colombia #noticiadeld #ltimasnoticias  #noticiario #noticiasregionales #noticiasdepartamentales #noticiashoy #esportes #noticiaahora #elinformantenoticias #noticiasdeboyac  #esporteinterativo #esportivo #diariodosesportes  #noticiero  #jogodefutebol #jogos #loto #apostas<\/p>\n","protected":false},"excerpt":{"rendered":"<p>Na \u00faltima sexta-feira (9), o streamer Guilherme Menezes foi assaltado enquanto fazia uma transmiss\u00e3o ao vivo em sua casa, no Guaruj\u00e1. Seguidores que assistiam ao jovem de 25 anos jogando ligaram para a Pol\u00edcia Militar, que chegou no local e prendeu um dos dois suspeitos. O outro conseguiu fugir.\u00a0 Durante o v\u00eddeo, \u00e9 poss\u00edvel ver [&hellip;]<\/p>\n","protected":false},"author":1,"featured_media":60502,"comment_status":"open","ping_status":"open","sticky":false,"template":"","format":"standard","meta":{"footnotes":""},"categories":[1],"tags":[],"class_list":["post-60501","post","type-post","status-publish","format-standard","has-post-thumbnail","hentry","category-curso-de-copy"],"_links":{"self":[{"href":"https:\/\/wiy.com.br\/noticias\/wp-json\/wp\/v2\/posts\/60501","targetHints":{"allow":["GET"]}}],"collection":[{"href":"https:\/\/wiy.com.br\/noticias\/wp-json\/wp\/v2\/posts"}],"about":[{"href":"https:\/\/wiy.com.br\/noticias\/wp-json\/wp\/v2\/types\/post"}],"author":[{"embeddable":true,"href":"https:\/\/wiy.com.br\/noticias\/wp-json\/wp\/v2\/users\/1"}],"replies":[{"embeddable":true,"href":"https:\/\/wiy.com.br\/noticias\/wp-json\/wp\/v2\/comments?post=60501"}],"version-history":[{"count":0,"href":"https:\/\/wiy.com.br\/noticias\/wp-json\/wp\/v2\/posts\/60501\/revisions"}],"wp:featuredmedia":[{"embeddable":true,"href":"https:\/\/wiy.com.br\/noticias\/wp-json\/wp\/v2\/media\/60502"}],"wp:attachment":[{"href":"https:\/\/wiy.com.br\/noticias\/wp-json\/wp\/v2\/media?parent=60501"}],"wp:term":[{"taxonomy":"category","embeddable":true,"href":"https:\/\/wiy.com.br\/noticias\/wp-json\/wp\/v2\/categories?post=60501"},{"taxonomy":"post_tag","embeddable":true,"href":"https:\/\/wiy.com.br\/noticias\/wp-json\/wp\/v2\/tags?post=60501"}],"curies":[{"name":"wp","href":"https:\/\/api.w.org\/{rel}","templated":true}]}}