{"id":60441,"date":"2023-02-26T15:09:23","date_gmt":"2023-02-26T18:09:23","guid":{"rendered":"https:\/\/wiy.com.br\/noticias\/celebracoes-na-basilica-de-aparecida-vao-ser-realizadas-sem-devotos\/"},"modified":"2020-10-12T11:11:45","modified_gmt":"2020-10-12T14:11:45","slug":"celebracoes-na-basilica-de-aparecida-vao-ser-realizadas-sem-devotos","status":"publish","type":"post","link":"https:\/\/wiy.com.br\/noticias\/celebracoes-na-basilica-de-aparecida-vao-ser-realizadas-sem-devotos\/","title":{"rendered":"Celebra\u00e7\u00f5es na Bas\u00edlica de Aparecida v\u00e3o ser realizadas sem devotos"},"content":{"rendered":"<p> <br \/>\n<\/p>\n<p>O Dia da Padroeira do Brasil, celebrado hoje (12), vai ser bem diferente este ano. Acostumada a receber muitas pessoas \u2013 s\u00f3 em 2019 foram 162 mil romeiros, a Bas\u00edlica de Aparecida este ano vai fazer celebra\u00e7\u00f5es sem a presen\u00e7a de devotos em seu interior, de forma virtual. Isso tudo por causa da pandemia do novo coronav\u00edrus, que chegou ao Brasil em fevereiro deste ano.<img title = \"[Tags]\"alt = \"ebc Celebra\u00e7\u00f5es na Bas\u00edlica de Aparecida v\u00e3o ser realizadas sem devotos\"decoding=\"async\" src=\"https:\/\/agenciabrasil.ebc.com.br\/ebc.png?id=1390340&amp;o=node\" border=\"0\" \/><img title = \"[Tags]\"alt = \"ebc Celebra\u00e7\u00f5es na Bas\u00edlica de Aparecida v\u00e3o ser realizadas sem devotos\"decoding=\"async\" src=\"https:\/\/agenciabrasil.ebc.com.br\/ebc.gif?id=1390340&amp;o=node\" border=\"0\" \/><\/p>\n<p><strong><a href=\"https:\/\/www.assine.abril.com.br\/portal\/assinar\/revista-veja-sao-paulo?origem=sr_vesp_cta_redacao&amp;utm_source=sites&amp;utm_medium=sr&amp;utm_campaign=sr_vesp_cta_redacao\">+ Assine a Vejinha a partir de R$ 6,90 mensais<\/a><\/strong><\/p>\n<p>Para possibilitar a participa\u00e7\u00e3o dos fi\u00e9is, a Rede Aparecida de Comunica\u00e7\u00e3o e as redes sociais do Santu\u00e1rio Nacional \u00a0v\u00e3o transmitir ao vivo as festividades em louvor \u00e0 Padroeira.<\/p>\n<p>A principal missa do dia ocorre \u00e0s 9h no Altar Central da Bas\u00edlica Nova. A celebra\u00e7\u00e3o ser\u00e1 presidida pelo arcebispo de Aparecida, Dom Orlando Brandes. No mesmo local, haver\u00e1 ainda outra celebra\u00e7\u00e3o \u00e0s 18h, encerrando as comemora\u00e7\u00f5es.<\/p>\n<p>Na Bas\u00edlica Velha, as missas ocorrem \u00e0s 7h e \u00e0s 12h. \u00c0s 15h, a tradicional Consagra\u00e7\u00e3o Solene ser\u00e1 dedicada aos membros da Fam\u00edlia dos Devotos, que devem assistir a celebra\u00e7\u00e3o de casa este ano.<\/p>\n<p>Durante as celebra\u00e7\u00f5es, pessoas que atuam em institui\u00e7\u00f5es diretamente ligadas \u00e0 Arquidiocese de Aparecida e \u00e0s obras sociais e de evangeliza\u00e7\u00e3o do Santu\u00e1rio Nacional v\u00e3o representar os fi\u00e9is no interior das Bas\u00edlicas.<\/p>\n<div class=\"ads post-ads\"><span class=\"title\">Continua ap\u00f3s a publicidade<\/span><\/p>\n<div id=\"abrAD_rectangle2\" class=\"abrAD\" data-ad-><\/div>\n<\/div>\n<div id=\"relacionadas\" class=\"block related-posts three_columns\">\n<ul class=\"block-menu\">\n<li data-tab=\"tab-1\" class=\"active\">Relacionadas<\/li>\n<\/ul>\n<div id=\"tab-1\" class=\"block-content active\">\n<div class=\"row\">\n<li class=\"widget-news-item without-thumb with-border\">\n<div class=\"widget-news-info\"><a href=\"http:\/\/vejasp.abril.com.br\/cidades\">Cidades<\/a><span class=\"widget-news-item-title\"><a href=\"https:\/\/vejasp.abril.com.br\/cidades\/papa-francisco-julio-lancellotti\/\">Papa Francisco fala sobre padre J\u00falio Lancellotti em discurso no Vaticano<\/a><\/span><span class=\"widget-news-item-date\">11 out 2020 &#8211; 11h10<\/span><\/div>\n<\/li>\n<li class=\"widget-news-item without-thumb with-border\">\n<div class=\"widget-news-info\"><a href=\"http:\/\/vejasp.abril.com.br\/cidades\">Cidades<\/a><span class=\"widget-news-item-title\"><a href=\"https:\/\/vejasp.abril.com.br\/cidades\/quem-e-carlo-acutis-beato\/\">Quem \u00e9 Carlo Acutis, jovem beatificado pela Igreja Cat\u00f3lica, e qual sua rela\u00e7\u00e3o com o Brasil<\/a><\/span><span class=\"widget-news-item-date\">10 out 2020 &#8211; 18h10<\/span><\/div>\n<\/li>\n<\/div>\n<\/div>\n<\/div>\n<p>Outro evento que sofreu altera\u00e7\u00e3o foi a tradicional prociss\u00e3o, que no ano passado foi acompanhada por mais de 20 mil pessoas. Este ano ela n\u00e3o ser\u00e1 realizada, assim como os shows.<\/p>\n<p>Os fi\u00e9is que desejarem participar da festa de forma mais ativa, poder\u00e3o enviar fotos durante a Novena. O envio das imagens pode ser realizado durante a Novena das 15h \u00e0s 19h. As fotos podem ser publicadas no Instagram com a hashtag #EuNaNovena ou enviadas por meio de um formul\u00e1rio no site<span>\u00a0<\/span><a href=\"https:\/\/santuarionacional.org.br\/eunanovena\/\" target=\"_blank\" rel=\"noopener noreferrer\">https:\/\/santuarionacional.org.br\/eunanovena\/<\/a>. As imagens poder\u00e3o ser divulgadas na TV Aparecida ou nas redes sociais do Santu\u00e1rio Nacional. No fim do dia, as fotos recebidas ser\u00e3o veiculadas em um conte\u00fado especial nas redes sociais do Santu\u00e1rio.<\/p>\n<p>\u201cVamos realizar esta iniciativa de tal modo que a gente consiga, ao longo da Novena, mostrar as fotografias das pessoas que, do conforto de suas casas, est\u00e3o rezando conosco\u201d, disse o padre Eduardo Catalfo, reitor do Santu\u00e1rio Nacional.<\/p>\n<p>Tamb\u00e9m ser\u00e1 poss\u00edvel enviar inten\u00e7\u00f5es de missa, acender velas virtuais e acompanhar imagens ao vivo de espa\u00e7os do Santu\u00e1rio por meio do site<span>\u00a0<\/span><a href=\"https:\/\/www.a12.com\/reze-no-santuario\" target=\"_blank\" rel=\"noopener noreferrer\">https:\/\/www.a12.com\/reze-no-santuario<\/a><span>\u00a0<\/span>.<\/p>\n<p>Apesar das restri\u00e7\u00f5es de p\u00fablico presente no Santu\u00e1rio, alguns romeiros decidiram se arriscar e mantiveram a caminhada este ano. Segundo a concession\u00e1ria CCR NovaDutra, que administra a Rodovia Presidente Dutra, por onde passa o maior fluxo de romeiros com destino \u00e0 Bas\u00edlica, entre os dias 1\u00ba e 9 de outubro deste ano, 1.288 romeiros passaram pela rodovia com destino a Aparecida. No mesmo per\u00edodo, no ano passado, foram contabilizados 3.708 romeiros.<\/p>\n<p>Por meio de nota, a CCR NovaDutra informou que n\u00e3o recomenda este tipo de manifesta\u00e7\u00e3o de f\u00e9, em fun\u00e7\u00e3o do risco para os peregrinos, que se utilizam do acostamento para caminhar. Al\u00e9m disso, ressaltou a concession\u00e1ria, os eventos na Bas\u00edlica este ano ser\u00e3o todos virtuais por conta da pandemia do novo coronav\u00edrus.<\/p>\n<div id=\"mais_lidas\" class=\"block related-posts \">\n<ul class=\"block-menu\">\n<li data-tab=\"tab-1\" class=\"active\">Mais Lidas<\/li>\n<\/ul>\n<div id=\"tab-1\" class=\"block-content active\">\n<div class=\"row\">\n<div class=\"col-s-12 col-l-3\"><a href=\"https:\/\/vejasp.abril.com.br\/blog\/pop\/fatima-bernardes-encontro\/\" class=\"card\"><span class=\"category hide-s\"><\/span><img title = \"[Tags]\"data-src=\"https:\/\/vejasp.abril.com.br\/wp-content\/uploads\/2020\/03\/fatima.jpg?quality=70&amp;strip=info&amp;w=192&amp;h=192&amp;crop=1\"alt = \"ebc Celebra\u00e7\u00f5es na Bas\u00edlica de Aparecida v\u00e3o ser realizadas sem devotos\" class=\"lazyload media\"><span class=\"category hide-l\"><\/span><span class=\"title\">F\u00e1tima Bernardes \u00e9 substitu\u00edda \u00e0s pressas no Encontro desta ter\u00e7a (22)<\/span><\/a><\/div>\n<div class=\"col-s-12 col-l-3\"><a href=\"https:\/\/vejasp.abril.com.br\/blog\/pop\/video-briga-leblon-dono-conversivel-wilton-vacari\/\" class=\"card\"><span class=\"category hide-s\">Cultura &amp; Lazer<\/span><img title = \"[Tags]\"data-src=\"https:\/\/vejasp.abril.com.br\/wp-content\/uploads\/2020\/09\/leblon.jpg?quality=70&amp;strip=info&amp;w=192&amp;h=192&amp;crop=1\"alt = \"ebc Celebra\u00e7\u00f5es na Bas\u00edlica de Aparecida v\u00e3o ser realizadas sem devotos\" class=\"lazyload media\"><span class=\"category hide-l\">Cultura &amp; Lazer<\/span><span class=\"title\">&#8220;Sou engenheiro da Petrobras&#8221;, diz dono de convers\u00edvel do Leblon<\/span><\/a><\/div>\n<div class=\"col-s-12 col-l-3\"><a href=\"https:\/\/vejasp.abril.com.br\/cidades\/frente-fria-sao-paulo-inverno\/\" class=\"card\"><span class=\"category hide-s\">Cidades<\/span><img title = \"[Tags]\"data-src=\"https:\/\/vejasp.abril.com.br\/wp-content\/uploads\/2019\/09\/aep20110111146.163701.jpg?quality=70&amp;strip=info&amp;crop=0px%2C793px%2C3168px%2C3168px&amp;resize=192%2C192\"alt = \"ebc Celebra\u00e7\u00f5es na Bas\u00edlica de Aparecida v\u00e3o ser realizadas sem devotos\" class=\"lazyload media\"><span class=\"category hide-l\">Cidades<\/span><span class=\"title\">Frente fria que avan\u00e7a sobre SP vai provocar mudan\u00e7a radical no tempo<\/span><\/a><\/div>\n<div class=\"col-s-12 col-l-3\"><a href=\"https:\/\/vejasp.abril.com.br\/blog\/miguel-barbieri\/netflix-filmes-polemicos-mignonnes-odiabo-de-cada-dia\/\" class=\"card\"><span class=\"category hide-s\">Cultura &amp; Lazer<\/span><img title = \"[Tags]\"data-src=\"https:\/\/vejasp.abril.com.br\/wp-content\/uploads\/2020\/09\/diabo1.jpg?quality=70&amp;strip=info&amp;w=192&amp;h=192&amp;crop=1\"alt = \"ebc Celebra\u00e7\u00f5es na Bas\u00edlica de Aparecida v\u00e3o ser realizadas sem devotos\" class=\"lazyload media\"><span class=\"category hide-l\">Cultura &amp; Lazer<\/span><span class=\"title\">Netflix: dois filmes pol\u00eamicos que est\u00e3o dividindo as opini\u00f5es<\/span><\/a><\/div>\n<\/div>\n<\/div>\n<\/div>\n<div class=\"ads post-ads\"><span class=\"title\">Continua ap\u00f3s a publicidade<\/span><\/p>\n<div id=\"abrAD_rectangle3\" class=\"abrAD\" data-ad-><\/div>\n<\/div>\n<p><br \/>\n<br \/><a href=\"https:\/\/vejasp.abril.com.br\/cidades\/celebracoes-na-basilica-de-aparecida-vao-ser-realizadas-sem-devotos\/\">Fonte do Artigo <\/a><br \/>\nTags:<br \/>\n#loterias #loteriascaixa #megasena #resultadoapostas#noticias #noticiario  #noticia #brasil #noticiascolombia #mundo #esporte #colombia #noticiadeld #ltimasnoticias  #noticiario #noticiasregionales #noticiasdepartamentales #noticiashoy #esportes #noticiaahora #elinformantenoticias #noticiasdeboyac  #esporteinterativo #esportivo #diariodosesportes  #noticiero  #jogodefutebol #jogos #loto #apostas<\/p>\n","protected":false},"excerpt":{"rendered":"<p>O Dia da Padroeira do Brasil, celebrado hoje (12), vai ser bem diferente este ano. Acostumada a receber muitas pessoas \u2013 s\u00f3 em 2019 foram 162 mil romeiros, a Bas\u00edlica de Aparecida este ano vai fazer celebra\u00e7\u00f5es sem a presen\u00e7a de devotos em seu interior, de forma virtual. Isso tudo por causa da pandemia do [&hellip;]<\/p>\n","protected":false},"author":1,"featured_media":60442,"comment_status":"open","ping_status":"open","sticky":false,"template":"","format":"standard","meta":{"footnotes":""},"categories":[1],"tags":[],"class_list":["post-60441","post","type-post","status-publish","format-standard","has-post-thumbnail","hentry","category-curso-de-copy"],"_links":{"self":[{"href":"https:\/\/wiy.com.br\/noticias\/wp-json\/wp\/v2\/posts\/60441","targetHints":{"allow":["GET"]}}],"collection":[{"href":"https:\/\/wiy.com.br\/noticias\/wp-json\/wp\/v2\/posts"}],"about":[{"href":"https:\/\/wiy.com.br\/noticias\/wp-json\/wp\/v2\/types\/post"}],"author":[{"embeddable":true,"href":"https:\/\/wiy.com.br\/noticias\/wp-json\/wp\/v2\/users\/1"}],"replies":[{"embeddable":true,"href":"https:\/\/wiy.com.br\/noticias\/wp-json\/wp\/v2\/comments?post=60441"}],"version-history":[{"count":0,"href":"https:\/\/wiy.com.br\/noticias\/wp-json\/wp\/v2\/posts\/60441\/revisions"}],"wp:featuredmedia":[{"embeddable":true,"href":"https:\/\/wiy.com.br\/noticias\/wp-json\/wp\/v2\/media\/60442"}],"wp:attachment":[{"href":"https:\/\/wiy.com.br\/noticias\/wp-json\/wp\/v2\/media?parent=60441"}],"wp:term":[{"taxonomy":"category","embeddable":true,"href":"https:\/\/wiy.com.br\/noticias\/wp-json\/wp\/v2\/categories?post=60441"},{"taxonomy":"post_tag","embeddable":true,"href":"https:\/\/wiy.com.br\/noticias\/wp-json\/wp\/v2\/tags?post=60441"}],"curies":[{"name":"wp","href":"https:\/\/api.w.org\/{rel}","templated":true}]}}