{"id":60428,"date":"2023-02-26T15:47:49","date_gmt":"2023-02-26T18:47:49","guid":{"rendered":"https:\/\/wiy.com.br\/noticias\/quem-e-andre-do-rap-traficante-chefe-do-pcc-que-segue-foragido-apos-ser-solto\/"},"modified":"2020-10-11T17:51:22","modified_gmt":"2020-10-11T20:51:22","slug":"quem-e-andre-do-rap-traficante-chefe-do-pcc-que-segue-foragido-apos-ser-solto","status":"publish","type":"post","link":"https:\/\/wiy.com.br\/noticias\/quem-e-andre-do-rap-traficante-chefe-do-pcc-que-segue-foragido-apos-ser-solto\/","title":{"rendered":"Quem \u00e9 Andr\u00e9 do Rap, traficante chefe do PCC que segue foragido ap\u00f3s ser solto"},"content":{"rendered":"<p> <br \/>\n<\/p>\n<div class=\"mc-column content-text active-extra-styles \" data-block-type=\"unstyled\" data-block-weight=\"57\" data-block-id=\"2\">\n<p data-track-category=\"Link no Texto\" data-track-links=\"\">O traficante <strong>Andr\u00e9 Oliveira Macedo<\/strong>, conhecido como<strong> Andr\u00e9 do Rap<\/strong>, um dos chefes do Primeiro Comando da Capital, \u00e9 suspeito de ter deixado o pa\u00eds.\u00a0 Andr\u00e9 do Rap foi libertado da Penitenci\u00e1ria de Presidente Venceslau, no interior paulista, na manh\u00e3 do s\u00e1bado (10), ap\u00f3s ter um habeas corpus concedido pelo ministro do Supremo Tribunal Federal (STF) Marco Aur\u00e9lio Mello. O presidente do STF, Luiz Fux, suspendeu a decis\u00e3o horas depois e determinou que o traficante voltasse \u00e0 pris\u00e3o. Ele, no entanto, n\u00e3o foi encontrado.<\/p>\n<p data-track-category=\"Link no Texto\" data-track-links=\"\">Investigadores acreditam que ele possa estar no Paraguai.\u00a0Em nota, a Secretaria da Seguran\u00e7a P\u00fablica (SSP) afirmou que policiais dos departamentos Estadual de Investiga\u00e7\u00f5es Criminais (DEIC), de Homic\u00eddios e de Prote\u00e7\u00e3o \u00e0 Pessoa (DHPP) e de Opera\u00e7\u00f5es Policiais Especiais (DOPE) est\u00e3o em dilig\u00eancias desde a tarde do s\u00e1bado (10) para tentar encontrar Andr\u00e9 do Rap.<\/p>\n<h3 data-track-category=\"Link no Texto\">Quem \u00e9 Andr\u00e9 do Rap<\/h3>\n<\/div>\n<p data-track-category=\"Link no Texto\" data-track-links=\"\">O traficante foi preso em setembro de 2019 durante uma opera\u00e7\u00e3o policial. Ele estava em um condom\u00ednio de luxo em Angra dos Reis, no Rio de Janeiro. De acordo com a pol\u00edcia, ele exerce posi\u00e7\u00e3o de chefia no PCC, gerenciando remessas de coca\u00edna \u00e0 Europa.<\/p>\n<div class=\"mc-column content-text active-extra-styles \" data-block-type=\"unstyled\" data-block-weight=\"56\" data-block-id=\"9\">\n<p data-track-category=\"Link no Texto\" data-track-links=\"\">Quando foi preso, ele chegou a S\u00e3o Paulo em um helic\u00f3ptero particular. Jo\u00e3o Doria (PSBD), governador de S\u00e3o Paulo, disse que mandou a pol\u00edcia realizar uma for\u00e7a-tarefa para encontrar o criminoso. Ele tamb\u00e9m criticou a decis\u00e3o de Marco Aur\u00e9lio Mello.<\/p>\n<blockquote class=\"twitter-tweet\" data-width=\"500\" data-dnt=\"true\">\n<p lang=\"pt\" dir=\"ltr\">Sobre a manifesta\u00e7\u00e3o de hoje (11\/10) do ministro do STF Marco Aur\u00e9lio Mello: n\u00e3o sou jurista, sou um brasileiro indignado com sua atitude de colocar criminoso em liberdade. Lugar de bandido \u00e9 na cadeia.<\/p>\n<p>&mdash; Jo\u00e3o Doria (@jdoriajr) <a href=\"https:\/\/twitter.com\/jdoriajr\/status\/1315361873643143168?ref_src=twsrc%5Etfw\">October 11, 2020<\/a><\/p>\n<\/blockquote>\n<\/div>\n<div class=\"mc-column content-text active-extra-styles \" data-block-type=\"unstyled\" data-block-weight=\"45\" data-block-id=\"13\">\n<p data-track-category=\"Link no Texto\" data-track-links=\"\">O ministro do STF alegou, na decis\u00e3o, que Andr\u00e9 do Rap estava preso h\u00e1 muito tempo provisoriamente. A legisla\u00e7\u00e3o, que mudou recentemente, determina que pris\u00f5es desse tipo sejam revistas a cada 90 dias.<\/p>\n<\/div>\n<div class=\"mc-column content-text active-extra-styles \" data-block-type=\"unstyled\" data-block-weight=\"43\" data-block-id=\"17\">\n<p data-track-category=\"Link no Texto\" data-track-links=\"\">Quando foi libertado no \u00faltimo s\u00e1bado (10), o traficante alegou que morava no Guaruj\u00e1, no litoral de S\u00e3o Paulo, mas n\u00e3o foi encontrado no endere\u00e7o informado.<\/p>\n<\/div>\n<div class=\"mc-column content-text active-extra-styles \" data-block-type=\"unstyled\" data-block-weight=\"53\" data-block-id=\"18\">\n<div id=\"relacionadas\" class=\"block related-posts three_columns\">\n<ul class=\"block-menu\">\n<li data-tab=\"tab-1\" class=\"active\">Relacionadas<\/li>\n<\/ul>\n<div id=\"tab-1\" class=\"block-content active\">\n<div class=\"row\">\n<li class=\"widget-news-item without-thumb with-border\">\n<div class=\"widget-news-info\"><a href=\"http:\/\/vejasp.abril.com.br\/cidades\">Cidades<\/a><span class=\"widget-news-item-title\"><a href=\"https:\/\/vejasp.abril.com.br\/cidades\/neto-alta-hospitalar\/\">Neto recebe alta hospitalar ap\u00f3s ser internado com a Covid-19<\/a><\/span><span class=\"widget-news-item-date\">11 out 2020 &#8211; 16h10<\/span><\/div>\n<\/li>\n<li class=\"widget-news-item without-thumb with-border\">\n<div class=\"widget-news-info\"><a href=\"http:\/\/vejasp.abril.com.br\/saude\">Sa\u00fade<\/a><span class=\"widget-news-item-title\"><a href=\"https:\/\/vejasp.abril.com.br\/saude\/estabilidade-sao-paulo-covid-19\/\">Estado de S\u00e3o Paulo tem tend\u00eancia de estabilidade para mortes por Covid-19<\/a><\/span><span class=\"widget-news-item-date\">11 out 2020 &#8211; 12h10<\/span><\/div>\n<\/li>\n<li class=\"widget-news-item without-thumb with-border\">\n<div class=\"widget-news-info\"><a href=\"http:\/\/vejasp.abril.com.br\/cidades\">Cidades<\/a><span class=\"widget-news-item-title\"><a href=\"https:\/\/vejasp.abril.com.br\/cidades\/papa-francisco-julio-lancellotti\/\">Papa Francisco fala sobre padre J\u00falio Lancellotti em discurso no Vaticano<\/a><\/span><span class=\"widget-news-item-date\">11 out 2020 &#8211; 11h10<\/span><\/div>\n<\/li>\n<\/div>\n<\/div>\n<\/div>\n<\/div>\n<div class=\"wall protected-content\">\n<div class=\"mc-column content-text active-extra-styles \" data-block-type=\"unstyled\" data-block-weight=\"20\" data-block-id=\"4\">\n<div class=\"mc-column content-text active-extra-styles\" data-block-type=\"raw\" data-block-weight=\"1\" data-block-id=\"8\">\n<div class=\"content-intertitle\"><\/div>\n<\/div>\n<\/div>\n<\/div>\n<div id=\"mais_lidas\" class=\"block related-posts \">\n<ul class=\"block-menu\">\n<li data-tab=\"tab-1\" class=\"active\">Mais Lidas<\/li>\n<\/ul>\n<div id=\"tab-1\" class=\"block-content active\">\n<div class=\"row\">\n<div class=\"col-s-12 col-l-3\"><a href=\"https:\/\/vejasp.abril.com.br\/blog\/pop\/fatima-bernardes-encontro\/\" class=\"card\"><span class=\"category hide-s\"><\/span><img title = \"[Tags]\"data-src=\"https:\/\/vejasp.abril.com.br\/wp-content\/uploads\/2020\/03\/fatima.jpg?quality=70&amp;strip=info&amp;w=192&amp;h=192&amp;crop=1\"alt = \"fatima Quem \u00e9 Andr\u00e9 do Rap, traficante chefe do PCC que segue foragido ap\u00f3s ser solto\" class=\"lazyload media\"><span class=\"category hide-l\"><\/span><span class=\"title\">F\u00e1tima Bernardes \u00e9 substitu\u00edda \u00e0s pressas no Encontro desta ter\u00e7a (22)<\/span><\/a><\/div>\n<div class=\"col-s-12 col-l-3\"><a href=\"https:\/\/vejasp.abril.com.br\/blog\/pop\/video-briga-leblon-dono-conversivel-wilton-vacari\/\" class=\"card\"><span class=\"category hide-s\">Cultura &amp; Lazer<\/span><img title = \"[Tags]\"data-src=\"https:\/\/vejasp.abril.com.br\/wp-content\/uploads\/2020\/09\/leblon.jpg?quality=70&amp;strip=info&amp;w=192&amp;h=192&amp;crop=1\"alt = \"fatima Quem \u00e9 Andr\u00e9 do Rap, traficante chefe do PCC que segue foragido ap\u00f3s ser solto\" class=\"lazyload media\"><span class=\"category hide-l\">Cultura &amp; Lazer<\/span><span class=\"title\">&#8220;Sou engenheiro da Petrobras&#8221;, diz dono de convers\u00edvel do Leblon<\/span><\/a><\/div>\n<div class=\"col-s-12 col-l-3\"><a href=\"https:\/\/vejasp.abril.com.br\/cidades\/frente-fria-sao-paulo-inverno\/\" class=\"card\"><span class=\"category hide-s\">Cidades<\/span><img title = \"[Tags]\"data-src=\"https:\/\/vejasp.abril.com.br\/wp-content\/uploads\/2019\/09\/aep20110111146.163701.jpg?quality=70&amp;strip=info&amp;crop=0px%2C793px%2C3168px%2C3168px&amp;resize=192%2C192\"alt = \"fatima Quem \u00e9 Andr\u00e9 do Rap, traficante chefe do PCC que segue foragido ap\u00f3s ser solto\" class=\"lazyload media\"><span class=\"category hide-l\">Cidades<\/span><span class=\"title\">Frente fria que avan\u00e7a sobre SP vai provocar mudan\u00e7a radical no tempo<\/span><\/a><\/div>\n<div class=\"col-s-12 col-l-3\"><a href=\"https:\/\/vejasp.abril.com.br\/blog\/miguel-barbieri\/netflix-filmes-polemicos-mignonnes-odiabo-de-cada-dia\/\" class=\"card\"><span class=\"category hide-s\">Cultura &amp; Lazer<\/span><img title = \"[Tags]\"data-src=\"https:\/\/vejasp.abril.com.br\/wp-content\/uploads\/2020\/09\/diabo1.jpg?quality=70&amp;strip=info&amp;w=192&amp;h=192&amp;crop=1\"alt = \"fatima Quem \u00e9 Andr\u00e9 do Rap, traficante chefe do PCC que segue foragido ap\u00f3s ser solto\" class=\"lazyload media\"><span class=\"category hide-l\">Cultura &amp; Lazer<\/span><span class=\"title\">Netflix: dois filmes pol\u00eamicos que est\u00e3o dividindo as opini\u00f5es<\/span><\/a><\/div>\n<\/div>\n<\/div>\n<\/div>\n<div class=\"ads post-ads\"><span class=\"title\">Continua ap\u00f3s a publicidade<\/span><\/p>\n<div id=\"abrAD_rectangle3\" class=\"abrAD\" data-ad-><\/div>\n<\/div>\n<p><script async src=\"http:\/\/platform.twitter.com\/widgets.js\" charset=\"utf-8\"><\/script><br \/>\n<br \/><br \/>\n<br \/><a href=\"https:\/\/vejasp.abril.com.br\/cidades\/andre-do-rap-pcc-foragido\/\">Fonte do Artigo <\/a><br \/>\nTags:<br \/>\n#loterias #loteriascaixa #megasena #resultadoapostas#noticias #noticiario  #noticia #brasil #noticiascolombia #mundo #esporte #colombia #noticiadeld #ltimasnoticias  #noticiario #noticiasregionales #noticiasdepartamentales #noticiashoy #esportes #noticiaahora #elinformantenoticias #noticiasdeboyac  #esporteinterativo #esportivo #diariodosesportes  #noticiero  #jogodefutebol #jogos #loto #apostas<\/p>\n","protected":false},"excerpt":{"rendered":"<p>O traficante Andr\u00e9 Oliveira Macedo, conhecido como Andr\u00e9 do Rap, um dos chefes do Primeiro Comando da Capital, \u00e9 suspeito de ter deixado o pa\u00eds.\u00a0 Andr\u00e9 do Rap foi libertado da Penitenci\u00e1ria de Presidente Venceslau, no interior paulista, na manh\u00e3 do s\u00e1bado (10), ap\u00f3s ter um habeas corpus concedido pelo ministro do Supremo Tribunal Federal [&hellip;]<\/p>\n","protected":false},"author":1,"featured_media":60429,"comment_status":"open","ping_status":"open","sticky":false,"template":"","format":"standard","meta":{"footnotes":""},"categories":[1],"tags":[],"class_list":["post-60428","post","type-post","status-publish","format-standard","has-post-thumbnail","hentry","category-curso-de-copy"],"_links":{"self":[{"href":"https:\/\/wiy.com.br\/noticias\/wp-json\/wp\/v2\/posts\/60428","targetHints":{"allow":["GET"]}}],"collection":[{"href":"https:\/\/wiy.com.br\/noticias\/wp-json\/wp\/v2\/posts"}],"about":[{"href":"https:\/\/wiy.com.br\/noticias\/wp-json\/wp\/v2\/types\/post"}],"author":[{"embeddable":true,"href":"https:\/\/wiy.com.br\/noticias\/wp-json\/wp\/v2\/users\/1"}],"replies":[{"embeddable":true,"href":"https:\/\/wiy.com.br\/noticias\/wp-json\/wp\/v2\/comments?post=60428"}],"version-history":[{"count":0,"href":"https:\/\/wiy.com.br\/noticias\/wp-json\/wp\/v2\/posts\/60428\/revisions"}],"wp:featuredmedia":[{"embeddable":true,"href":"https:\/\/wiy.com.br\/noticias\/wp-json\/wp\/v2\/media\/60429"}],"wp:attachment":[{"href":"https:\/\/wiy.com.br\/noticias\/wp-json\/wp\/v2\/media?parent=60428"}],"wp:term":[{"taxonomy":"category","embeddable":true,"href":"https:\/\/wiy.com.br\/noticias\/wp-json\/wp\/v2\/categories?post=60428"},{"taxonomy":"post_tag","embeddable":true,"href":"https:\/\/wiy.com.br\/noticias\/wp-json\/wp\/v2\/tags?post=60428"}],"curies":[{"name":"wp","href":"https:\/\/api.w.org\/{rel}","templated":true}]}}