{"id":60310,"date":"2023-02-26T15:30:27","date_gmt":"2023-02-26T18:30:27","guid":{"rendered":"https:\/\/wiy.com.br\/noticias\/polo-digital-instalado-no-recife-tem-numeros-de-vale-do-silicio-brasileiro\/"},"modified":"2020-10-09T06:46:15","modified_gmt":"2020-10-09T09:46:15","slug":"polo-digital-instalado-no-recife-tem-numeros-de-vale-do-silicio-brasileiro","status":"publish","type":"post","link":"https:\/\/wiy.com.br\/noticias\/polo-digital-instalado-no-recife-tem-numeros-de-vale-do-silicio-brasileiro\/","title":{"rendered":"Polo digital instalado no Recife tem n\u00fameros de Vale do Sil\u00edcio brasileiro"},"content":{"rendered":"<p> <br \/>\n<\/p>\n<p>A fuga de c\u00e9rebros era intensa entre formados em tecnologia no Recife. O fechamento de algumas empresas locais deixou muita gente com experi\u00eancia na \u00e1rea desempregada. Algo muito atual \u2014 desesperan\u00e7ados de achar um bom emprego ou rec\u00e9m-desempregados apesar do bom curr\u00edculo.<\/p>\n<p>O cientista e empreendedor Silvio Meira tinha a ideia de um polo digital no c\u00e2mpus da universidade federal. Mas o urbanista Claudio Marinho convenceu Meira que o impacto seria muito maior se o polo fosse instalado no Recife Antigo, levando vida ao patrim\u00f4nio hist\u00f3rico com pouco uso. \u201cMe diga algum restaurante bom para levar um visitante aqui perto da UFPE\u201d, provocou Marinho. Convenceu.<\/p>\n<p>Com vinte anos de idade, o Porto Digital tem n\u00fameros de Vale do Sil\u00edcio brasileiro: quase 12 000 empregos diretos e \u00e9 respons\u00e1vel por 4% da arrecada\u00e7\u00e3o do imposto sobre servi\u00e7os do Recife. Isso tudo com um aporte inicial de 30 milh\u00f5es de reais do governo estadual, uma ninharia perto dos bilh\u00f5es que rotineiramente s\u00e3o despejados nas ind\u00fastrias automobil\u00edsticas e de outros setores \u201cestrat\u00e9gicos\u201d.<\/p>\n<p>Mas o que fez o impacto do Porto Digital ser maior foi, de fato, o componente urbano.\u00a0<strong>\u201cN\u00e3o d\u00e1 para ficar isolado, em um c\u00e2mpus no meio do nada. A garotada chega aqui de bicicleta, de transporte p\u00fablico\u201d, conta. \u201cMuito do sucesso das startups depende de encontros fortuitos, no boteco, no almo\u00e7o.\u00a0<\/strong>O jovem com uma grande ideia pode se aproximar de um CEO, de um investidor, de algu\u00e9m de uma empresa de tecnologia maior e apresentar seus projetos. Encastelado em uma torre envidra\u00e7ada \u00e9 mais dif\u00edcil\u201d, diz Silvio Meira.<\/p>\n<figure><img title = \"[Tags]\"alt = \"foto-4-legendada Polo digital instalado no Recife tem n\u00fameros de Vale do Sil\u00edcio brasileiro\"decoding=\"async\" src=\"https:\/\/vejasp.abril.com.br\/wp-content\/uploads\/2020\/10\/foto-4-legendada.jpg\" \/><figcaption>Em S\u00e3o Paulo, o governo Alckmin levou quinze anos para tirar do papel um polo tecnol\u00f3gico no quintal da USP, que nunca funcionou; muitas incubadoras da Faria Lima ainda t\u00eam pouca rela\u00e7\u00e3o com a vida do bairro, ao contr\u00e1rio do Recife<span class=\"copyright\">Raul Juste Lores\/Veja SP<\/span><\/figcaption><\/figure>\n<p>Ele compara o pioneiro distrito digital de Boston, com sedes corporativas ao longo de uma estrada, cada uma em sua bolha (e usando seu pr\u00f3prio refeit\u00f3rio), com boa parte do Vale do Sil\u00edcio, onde os encontros s\u00e3o mais espont\u00e2neos, da universit\u00e1ria Palo Alto \u00e0 cosmopolita San Francisco (que abriga Twitter, Uber, Airbnb e Salesforce). A conviv\u00eancia fez um dos lados crescer mais que o outro.<\/p>\n<div class=\"ads post-ads\"><span class=\"title\">Continua ap\u00f3s a publicidade<\/span><\/p>\n<div id=\"abrAD_rectangle2\" class=\"abrAD\" data-ad-><\/div>\n<\/div>\n<p>A m\u00e1quina de empregos acabou gerando um c\u00edrculo virtuoso de mais interessados em estudar carreiras como ci\u00eancia da computa\u00e7\u00e3o, engenharia de computa\u00e7\u00e3o e de software, e sistemas de informa\u00e7\u00e3o. H\u00e1 um estudante nessa \u00e1rea para cada 346 habitantes no Recife (a maior propor\u00e7\u00e3o entre todas as capitais com mais de 500 000 habitantes); em S\u00e3o Paulo, h\u00e1 um para cada 704 (15\u00ba lugar entre 23). Mais de 300 empresas digitais surgiram ali, como Mr. Plot (do Mundo Bita), Neurotech, Insole e In Loco, a grande maioria se instalando e restaurando casar\u00f5es hist\u00f3ricos. Gigantes como Accenture, Microsoft e Samsung abriram escrit\u00f3rios ali para aproveitar o ambiente.<\/p>\n<p>A lentid\u00e3o da burocracia do patrim\u00f4nio, infelizmente, emperra v\u00e1rias iniciativas. O Porto seria mais rico se tivesse mais moradia, mas projetos de adapta\u00e7\u00e3o do casario e de armaz\u00e9ns para uso residencial s\u00e3o morosos.\u00a0<strong>Uma passagem interna entre dois pequenos casar\u00f5es pode levar tr\u00eas anos para ser aprovada (em Portugal, por exemplo, mudan\u00e7as no interior das edifica\u00e7\u00f5es s\u00e3o bem mais expressas).\u00a0<\/strong>Que os burocratas percebam que muitas vezes condenam pr\u00e9dios ao abandono com seu \u201czelo\u201d.<\/p>\n<section class=\"type:slideshow\">\n<figure><img title = \"[Tags]\"decoding=\"async\" src=\"https:\/\/vejasp.abril.com.br\/wp-content\/uploads\/2020\/10\/recife-1.jpg?quality=70&#038;strip=info&#038;w=817\"alt = \"foto-4-legendada Polo digital instalado no Recife tem n\u00fameros de Vale do Sil\u00edcio brasileiro\"><figcaption> <em>Raul Juste LoresVeja SP<\/em><\/figcaption><\/figure>\n<figure><img title = \"[Tags]\"decoding=\"async\" src=\"https:\/\/vejasp.abril.com.br\/wp-content\/uploads\/2020\/10\/recife-3.jpg?quality=70&#038;strip=info&#038;w=817\"alt = \"foto-4-legendada Polo digital instalado no Recife tem n\u00fameros de Vale do Sil\u00edcio brasileiro\"><figcaption> <em>Raul Juste LoresVeja SP<\/em><\/figcaption><\/figure>\n<figure><img title = \"[Tags]\"decoding=\"async\" src=\"https:\/\/vejasp.abril.com.br\/wp-content\/uploads\/2020\/10\/recife-2.jpg?quality=70&#038;strip=info&#038;w=817\"alt = \"foto-4-legendada Polo digital instalado no Recife tem n\u00fameros de Vale do Sil\u00edcio brasileiro\"><figcaption> <em>Raul Juste LoresVeja SP<\/em><\/figcaption><\/figure>\n<figure><img title = \"[Tags]\"decoding=\"async\" src=\"https:\/\/vejasp.abril.com.br\/wp-content\/uploads\/2020\/10\/recife-5.jpg?quality=70&#038;strip=info&#038;w=817\"alt = \"foto-4-legendada Polo digital instalado no Recife tem n\u00fameros de Vale do Sil\u00edcio brasileiro\"><figcaption> <em>Raul Juste LoresVeja SP<\/em><\/figcaption><\/figure>\n<\/section>\n<p><b>+<\/b><a href=\"https:\/\/abr.ai\/assine-vejasp\"><b>Assine a Vejinha a partir de 6,90<\/b><\/a><span>.<\/span><\/p>\n<p><b>Publicado em VEJA S\u00e3o Paulo de 14 de outubro de 2020, edi\u00e7\u00e3o n\u00ba 2708<\/b><\/p>\n<div id=\"relacionadas\" class=\"block related-posts three_columns\">\n<ul class=\"block-menu\">\n<li data-tab=\"tab-1\" class=\"active\">Relacionadas<\/li>\n<\/ul>\n<div id=\"tab-1\" class=\"block-content active\">\n<div class=\"row\">\n<li class=\"widget-news-item without-thumb with-border\">\n<div class=\"widget-news-info\"><a href=\"http:\/\/vejasp.abril.com.br\/cidades\">Cidades<\/a><span class=\"widget-news-item-title\"><a href=\"https:\/\/vejasp.abril.com.br\/blog\/sao-paulo-nas-alturas\/butanta-criacao-parque-desigualdade\/\">Cobran\u00e7a por mais um parque no Butant\u00e3: os privilegiados querem mais<\/a><\/span><span class=\"widget-news-item-date\">2 out 2020 &#8211; 01h10<\/span><\/div>\n<\/li>\n<li class=\"widget-news-item without-thumb with-border\">\n<div class=\"widget-news-info\"><a href=\"http:\/\/vejasp.abril.com.br\/cidades\">Cidades<\/a><span class=\"widget-news-item-title\"><a href=\"https:\/\/vejasp.abril.com.br\/blog\/terraco-paulistano\/arquiteto-compartilha-projetos-de-luxo-sem-dar-os-creditos-aos-criadores\/\">Arquiteto compartilha projetos de luxo sem dar cr\u00e9ditos aos criadores<\/a><\/span><span class=\"widget-news-item-date\">2 out 2020 &#8211; 06h10<\/span><\/div>\n<\/li>\n<li class=\"widget-news-item without-thumb with-border\">\n<div class=\"widget-news-info\"><a href=\"http:\/\/vejasp.abril.com.br\/cidades\">Cidades<\/a><span class=\"widget-news-item-title\"><a href=\"https:\/\/vejasp.abril.com.br\/blog\/sao-paulo-nas-alturas\/moradia-profissionais-saude-sp\/\">Terreno p\u00fablico vazio poderia abrigar moradia para profissional da sa\u00fade<\/a><\/span><span class=\"widget-news-item-date\">25 set 2020 &#8211; 06h09<\/span><\/div>\n<\/li>\n<\/div>\n<\/div>\n<\/div>\n<p>&nbsp;<\/p>\n<div id=\"mais_lidas\" class=\"block related-posts \">\n<ul class=\"block-menu\">\n<li data-tab=\"tab-1\" class=\"active\">Mais Lidas<\/li>\n<\/ul>\n<div id=\"tab-1\" class=\"block-content active\">\n<div class=\"row\">\n<div class=\"col-s-12 col-l-3\"><a href=\"https:\/\/vejasp.abril.com.br\/blog\/pop\/fatima-bernardes-encontro\/\" class=\"card\"><span class=\"category hide-s\"><\/span><img title = \"[Tags]\"data-src=\"https:\/\/vejasp.abril.com.br\/wp-content\/uploads\/2020\/03\/fatima.jpg?quality=70&amp;strip=info&amp;w=192&amp;h=192&amp;crop=1\"alt = \"foto-4-legendada Polo digital instalado no Recife tem n\u00fameros de Vale do Sil\u00edcio brasileiro\" class=\"lazyload media\"><span class=\"category hide-l\"><\/span><span class=\"title\">F\u00e1tima Bernardes \u00e9 substitu\u00edda \u00e0s pressas no Encontro desta ter\u00e7a (22)<\/span><\/a><\/div>\n<div class=\"col-s-12 col-l-3\"><a href=\"https:\/\/vejasp.abril.com.br\/blog\/pop\/video-briga-leblon-dono-conversivel-wilton-vacari\/\" class=\"card\"><span class=\"category hide-s\">Cultura &amp; Lazer<\/span><img title = \"[Tags]\"data-src=\"https:\/\/vejasp.abril.com.br\/wp-content\/uploads\/2020\/09\/leblon.jpg?quality=70&amp;strip=info&amp;w=192&amp;h=192&amp;crop=1\"alt = \"foto-4-legendada Polo digital instalado no Recife tem n\u00fameros de Vale do Sil\u00edcio brasileiro\" class=\"lazyload media\"><span class=\"category hide-l\">Cultura &amp; Lazer<\/span><span class=\"title\">&#8220;Sou engenheiro da Petrobras&#8221;, diz dono de convers\u00edvel do Leblon<\/span><\/a><\/div>\n<div class=\"col-s-12 col-l-3\"><a href=\"https:\/\/vejasp.abril.com.br\/cidades\/frente-fria-sao-paulo-inverno\/\" class=\"card\"><span class=\"category hide-s\">Cidades<\/span><img title = \"[Tags]\"data-src=\"https:\/\/vejasp.abril.com.br\/wp-content\/uploads\/2019\/09\/aep20110111146.163701.jpg?quality=70&amp;strip=info&amp;crop=0px%2C793px%2C3168px%2C3168px&amp;resize=192%2C192\"alt = \"foto-4-legendada Polo digital instalado no Recife tem n\u00fameros de Vale do Sil\u00edcio brasileiro\" class=\"lazyload media\"><span class=\"category hide-l\">Cidades<\/span><span class=\"title\">Frente fria que avan\u00e7a sobre SP vai provocar mudan\u00e7a radical no tempo<\/span><\/a><\/div>\n<div class=\"col-s-12 col-l-3\"><a href=\"https:\/\/vejasp.abril.com.br\/blog\/miguel-barbieri\/netflix-filmes-polemicos-mignonnes-odiabo-de-cada-dia\/\" class=\"card\"><span class=\"category hide-s\">Cultura &amp; Lazer<\/span><img title = \"[Tags]\"data-src=\"https:\/\/vejasp.abril.com.br\/wp-content\/uploads\/2020\/09\/diabo1.jpg?quality=70&amp;strip=info&amp;w=192&amp;h=192&amp;crop=1\"alt = \"foto-4-legendada Polo digital instalado no Recife tem n\u00fameros de Vale do Sil\u00edcio brasileiro\" class=\"lazyload media\"><span class=\"category hide-l\">Cultura &amp; Lazer<\/span><span class=\"title\">Netflix: dois filmes pol\u00eamicos que est\u00e3o dividindo as opini\u00f5es<\/span><\/a><\/div>\n<\/div>\n<\/div>\n<\/div>\n<div class=\"ads post-ads\"><span class=\"title\">Continua ap\u00f3s a publicidade<\/span><\/p>\n<div id=\"abrAD_rectangle3\" class=\"abrAD\" data-ad-><\/div>\n<\/div>\n<p><br \/>\n<br \/><a href=\"https:\/\/vejasp.abril.com.br\/blog\/sao-paulo-nas-alturas\/polo-digital-recife-vale-do-silicio-brasileiro\/\">Fonte do Artigo <\/a><br \/>\nTags:<br \/>\n#loterias #loteriascaixa #megasena #resultadoapostas#noticias #noticiario  #noticia #brasil #noticiascolombia #mundo #esporte #colombia #noticiadeld #ltimasnoticias  #noticiario #noticiasregionales #noticiasdepartamentales #noticiashoy #esportes #noticiaahora #elinformantenoticias #noticiasdeboyac  #esporteinterativo #esportivo #diariodosesportes  #noticiero  #jogodefutebol #jogos #loto #apostas<\/p>\n","protected":false},"excerpt":{"rendered":"<p>A fuga de c\u00e9rebros era intensa entre formados em tecnologia no Recife. O fechamento de algumas empresas locais deixou muita gente com experi\u00eancia na \u00e1rea desempregada. Algo muito atual \u2014 desesperan\u00e7ados de achar um bom emprego ou rec\u00e9m-desempregados apesar do bom curr\u00edculo. O cientista e empreendedor Silvio Meira tinha a ideia de um polo digital [&hellip;]<\/p>\n","protected":false},"author":1,"featured_media":60311,"comment_status":"open","ping_status":"open","sticky":false,"template":"","format":"standard","meta":{"footnotes":""},"categories":[1],"tags":[],"class_list":["post-60310","post","type-post","status-publish","format-standard","has-post-thumbnail","hentry","category-curso-de-copy"],"_links":{"self":[{"href":"https:\/\/wiy.com.br\/noticias\/wp-json\/wp\/v2\/posts\/60310","targetHints":{"allow":["GET"]}}],"collection":[{"href":"https:\/\/wiy.com.br\/noticias\/wp-json\/wp\/v2\/posts"}],"about":[{"href":"https:\/\/wiy.com.br\/noticias\/wp-json\/wp\/v2\/types\/post"}],"author":[{"embeddable":true,"href":"https:\/\/wiy.com.br\/noticias\/wp-json\/wp\/v2\/users\/1"}],"replies":[{"embeddable":true,"href":"https:\/\/wiy.com.br\/noticias\/wp-json\/wp\/v2\/comments?post=60310"}],"version-history":[{"count":0,"href":"https:\/\/wiy.com.br\/noticias\/wp-json\/wp\/v2\/posts\/60310\/revisions"}],"wp:featuredmedia":[{"embeddable":true,"href":"https:\/\/wiy.com.br\/noticias\/wp-json\/wp\/v2\/media\/60311"}],"wp:attachment":[{"href":"https:\/\/wiy.com.br\/noticias\/wp-json\/wp\/v2\/media?parent=60310"}],"wp:term":[{"taxonomy":"category","embeddable":true,"href":"https:\/\/wiy.com.br\/noticias\/wp-json\/wp\/v2\/categories?post=60310"},{"taxonomy":"post_tag","embeddable":true,"href":"https:\/\/wiy.com.br\/noticias\/wp-json\/wp\/v2\/tags?post=60310"}],"curies":[{"name":"wp","href":"https:\/\/api.w.org\/{rel}","templated":true}]}}