{"id":60257,"date":"2023-02-26T15:47:11","date_gmt":"2023-02-26T18:47:11","guid":{"rendered":"https:\/\/wiy.com.br\/noticias\/passageiro-e-esfaqueado-dentro-do-metro-e-fica-em-estado-grave\/"},"modified":"2020-10-08T10:24:55","modified_gmt":"2020-10-08T13:24:55","slug":"passageiro-e-esfaqueado-dentro-do-metro-e-fica-em-estado-grave","status":"publish","type":"post","link":"https:\/\/wiy.com.br\/noticias\/passageiro-e-esfaqueado-dentro-do-metro-e-fica-em-estado-grave\/","title":{"rendered":"Passageiro \u00e9 esfaqueado dentro do Metr\u00f4 e fica em estado grave"},"content":{"rendered":"<p> <br \/>\n<\/p>\n<div class=\"mc-column content-text active-extra-styles \" data-block-type=\"unstyled\" data-block-weight=\"27\" data-block-id=\"2\">\n<p data-track-category=\"Link no Texto\" data-track-links=\"\">Um homem foi <strong>esfaqueado<\/strong> dentro do Metr\u00f4 de S\u00e3o Paulo, na Linha 3-Vermelha, na noite de quarta-feira (7). A confus\u00e3o come\u00e7ou por volta das 21h30.<\/p>\n<p data-track-category=\"Link no Texto\" data-track-links=\"\">De acordo com testemunhas, um homem estava dentro do vag\u00e3o ofendendo as pessoas quando come\u00e7ou a discutir com um passageiro. O homem mostrou que estava com uma faca e agrediu a v\u00edtima.<\/p>\n<\/div>\n<div class=\"wall protected-content\">\n<div class=\"mc-column content-text active-extra-styles \" data-block-type=\"unstyled\" data-block-weight=\"37\" data-block-id=\"4\">\n<p data-track-category=\"Link no Texto\" data-track-links=\"\">Seguran\u00e7as do Metr\u00f4 foram acionados. A faca foi apreendida e o agressor levado para a delegacia da Penha, na Zona Leste. A v\u00edtima foi para o hospital em estado grave. Ainda n\u00e3o h\u00e1 informa\u00e7\u00f5es sobre o estado de sa\u00fade do rapaz. O caso foi registrado como tentativa de homic\u00eddio.<\/p>\n<\/div>\n<div class=\"mc-column content-text active-extra-styles \" data-block-type=\"unstyled\" data-block-weight=\"20\" data-block-id=\"6\">\n<p data-track-category=\"Link no Texto\" data-track-links=\"\">O Metr\u00f4 de S\u00e3o Paulo emitiu uma nota ap\u00f3s o acontecimento:<\/p>\n<\/div>\n<article>\n<div class=\"wall protected-content\">\n<div data-track-category=\"multicontent\" data-track-action=\"ultimo chunk conteudo\" data-track-noninteraction=\"false\" data-track-scroll=\"view\">\n<div class=\"mc-column content-text active-extra-styles \" data-block-type=\"unstyled\" data-block-weight=\"79\" data-block-id=\"10\">\n<p data-track-category=\"Link no Texto\" data-track-links=\"\"><em>&#8220;O Metr\u00f4 informa que por volta de 21h30 desta quarta-feira, 7 de outubro, no interior de um trem que estava na esta\u00e7\u00e3o Tatuap\u00e9 e seguiria sentido esta\u00e7\u00e3o Corinthians-Itaquera, dois passageiros entraram em luta corporal e um feriu o outro com golpes de faca. A situa\u00e7\u00e3o s\u00f3 foi contornada com a atua\u00e7\u00e3o de agentes de seguran\u00e7a do Metr\u00f4. Os dois passageiros foram levados para um PS na regi\u00e3o, onde ainda se encontram. Posteriormente, a ocorr\u00eancia ser\u00e1 registrada no 10\u00ba DP&#8221;.<\/em><\/p>\n<\/div>\n<\/div>\n<\/div>\n<\/article>\n<div class=\"mc-column entities\"><\/div>\n<\/div>\n<div id=\"mais_lidas\" class=\"block related-posts \">\n<ul class=\"block-menu\">\n<li data-tab=\"tab-1\" class=\"active\">Mais Lidas<\/li>\n<\/ul>\n<div id=\"tab-1\" class=\"block-content active\">\n<div class=\"row\">\n<div class=\"col-s-12 col-l-3\"><a href=\"https:\/\/vejasp.abril.com.br\/blog\/pop\/fatima-bernardes-encontro\/\" class=\"card\"><span class=\"category hide-s\"><\/span><img title = \"[Tags]\"data-src=\"https:\/\/vejasp.abril.com.br\/wp-content\/uploads\/2020\/03\/fatima.jpg?quality=70&amp;strip=info&amp;w=192&amp;h=192&amp;crop=1\"alt = \"fatima Passageiro \u00e9 esfaqueado dentro do Metr\u00f4 e fica em estado grave\" class=\"lazyload media\"><span class=\"category hide-l\"><\/span><span class=\"title\">F\u00e1tima Bernardes \u00e9 substitu\u00edda \u00e0s pressas no Encontro desta ter\u00e7a (22)<\/span><\/a><\/div>\n<div class=\"col-s-12 col-l-3\"><a href=\"https:\/\/vejasp.abril.com.br\/blog\/pop\/video-briga-leblon-dono-conversivel-wilton-vacari\/\" class=\"card\"><span class=\"category hide-s\">Cultura &amp; Lazer<\/span><img title = \"[Tags]\"data-src=\"https:\/\/vejasp.abril.com.br\/wp-content\/uploads\/2020\/09\/leblon.jpg?quality=70&amp;strip=info&amp;w=192&amp;h=192&amp;crop=1\"alt = \"fatima Passageiro \u00e9 esfaqueado dentro do Metr\u00f4 e fica em estado grave\" class=\"lazyload media\"><span class=\"category hide-l\">Cultura &amp; Lazer<\/span><span class=\"title\">&#8220;Sou engenheiro da Petrobras&#8221;, diz dono de convers\u00edvel do Leblon<\/span><\/a><\/div>\n<div class=\"col-s-12 col-l-3\"><a href=\"https:\/\/vejasp.abril.com.br\/cidades\/frente-fria-sao-paulo-inverno\/\" class=\"card\"><span class=\"category hide-s\">Cidades<\/span><img title = \"[Tags]\"data-src=\"https:\/\/vejasp.abril.com.br\/wp-content\/uploads\/2019\/09\/aep20110111146.163701.jpg?quality=70&amp;strip=info&amp;crop=0px%2C793px%2C3168px%2C3168px&amp;resize=192%2C192\"alt = \"fatima Passageiro \u00e9 esfaqueado dentro do Metr\u00f4 e fica em estado grave\" class=\"lazyload media\"><span class=\"category hide-l\">Cidades<\/span><span class=\"title\">Frente fria que avan\u00e7a sobre SP vai provocar mudan\u00e7a radical no tempo<\/span><\/a><\/div>\n<div class=\"col-s-12 col-l-3\"><a href=\"https:\/\/vejasp.abril.com.br\/blog\/miguel-barbieri\/netflix-filmes-polemicos-mignonnes-odiabo-de-cada-dia\/\" class=\"card\"><span class=\"category hide-s\">Cultura &amp; Lazer<\/span><img title = \"[Tags]\"data-src=\"https:\/\/vejasp.abril.com.br\/wp-content\/uploads\/2020\/09\/diabo1.jpg?quality=70&amp;strip=info&amp;w=192&amp;h=192&amp;crop=1\"alt = \"fatima Passageiro \u00e9 esfaqueado dentro do Metr\u00f4 e fica em estado grave\" class=\"lazyload media\"><span class=\"category hide-l\">Cultura &amp; Lazer<\/span><span class=\"title\">Netflix: dois filmes pol\u00eamicos que est\u00e3o dividindo as opini\u00f5es<\/span><\/a><\/div>\n<\/div>\n<\/div>\n<\/div>\n<div class=\"ads post-ads\"><span class=\"title\">Continua ap\u00f3s a publicidade<\/span><\/p>\n<div id=\"abrAD_rectangle3\" class=\"abrAD\" data-ad-><\/div>\n<\/div>\n<p><br \/>\n<br \/><a href=\"https:\/\/vejasp.abril.com.br\/cidades\/passageiro-esfaqueado-metro\/\">Fonte do Artigo <\/a><br \/>\nTags:<br \/>\n#loterias #loteriascaixa #megasena #resultadoapostas#noticias #noticiario  #noticia #brasil #noticiascolombia #mundo #esporte #colombia #noticiadeld #ltimasnoticias  #noticiario #noticiasregionales #noticiasdepartamentales #noticiashoy #esportes #noticiaahora #elinformantenoticias #noticiasdeboyac  #esporteinterativo #esportivo #diariodosesportes  #noticiero  #jogodefutebol #jogos #loto #apostas<\/p>\n","protected":false},"excerpt":{"rendered":"<p>Um homem foi esfaqueado dentro do Metr\u00f4 de S\u00e3o Paulo, na Linha 3-Vermelha, na noite de quarta-feira (7). A confus\u00e3o come\u00e7ou por volta das 21h30. De acordo com testemunhas, um homem estava dentro do vag\u00e3o ofendendo as pessoas quando come\u00e7ou a discutir com um passageiro. O homem mostrou que estava com uma faca e agrediu [&hellip;]<\/p>\n","protected":false},"author":1,"featured_media":60258,"comment_status":"open","ping_status":"open","sticky":false,"template":"","format":"standard","meta":{"footnotes":""},"categories":[1],"tags":[],"class_list":["post-60257","post","type-post","status-publish","format-standard","has-post-thumbnail","hentry","category-curso-de-copy"],"_links":{"self":[{"href":"https:\/\/wiy.com.br\/noticias\/wp-json\/wp\/v2\/posts\/60257","targetHints":{"allow":["GET"]}}],"collection":[{"href":"https:\/\/wiy.com.br\/noticias\/wp-json\/wp\/v2\/posts"}],"about":[{"href":"https:\/\/wiy.com.br\/noticias\/wp-json\/wp\/v2\/types\/post"}],"author":[{"embeddable":true,"href":"https:\/\/wiy.com.br\/noticias\/wp-json\/wp\/v2\/users\/1"}],"replies":[{"embeddable":true,"href":"https:\/\/wiy.com.br\/noticias\/wp-json\/wp\/v2\/comments?post=60257"}],"version-history":[{"count":0,"href":"https:\/\/wiy.com.br\/noticias\/wp-json\/wp\/v2\/posts\/60257\/revisions"}],"wp:featuredmedia":[{"embeddable":true,"href":"https:\/\/wiy.com.br\/noticias\/wp-json\/wp\/v2\/media\/60258"}],"wp:attachment":[{"href":"https:\/\/wiy.com.br\/noticias\/wp-json\/wp\/v2\/media?parent=60257"}],"wp:term":[{"taxonomy":"category","embeddable":true,"href":"https:\/\/wiy.com.br\/noticias\/wp-json\/wp\/v2\/categories?post=60257"},{"taxonomy":"post_tag","embeddable":true,"href":"https:\/\/wiy.com.br\/noticias\/wp-json\/wp\/v2\/tags?post=60257"}],"curies":[{"name":"wp","href":"https:\/\/api.w.org\/{rel}","templated":true}]}}