{"id":6018,"date":"2023-02-26T14:53:22","date_gmt":"2023-02-26T17:53:22","guid":{"rendered":"https:\/\/wiy.com.br\/noticias\/cbn-faz-edicao-especial-de-carnaval-2\/"},"modified":"2019-02-20T09:38:58","modified_gmt":"2019-02-20T12:38:58","slug":"cbn-faz-edicao-especial-de-carnaval-2","status":"publish","type":"post","link":"https:\/\/wiy.com.br\/noticias\/cbn-faz-edicao-especial-de-carnaval-2\/","title":{"rendered":"CBN faz edi\u00e7\u00e3o especial de Carnaval"},"content":{"rendered":"<p> <br \/>\n<\/p>\n<p>Oficialmente, os blocos de Carnaval come\u00e7am a colocar suas baterias e trios el\u00e9tricos nas ruas neste s\u00e1bado (23). Para abrir a temporada carnavalesca, a CBN arma o<em> CBN S\u00e3o Paulo Especial de Carnaval,<\/em> com uma roda de samba e bate papo ao vivo e entrada gratuita, na Casa do Baixo Augusta.<\/p>\n<p>A trilha sonora \u00e9 de responsabilidade da banda Acad\u00eamicos do Baixo Augusta, com a madrinha Tulipa Ruiz. A roda de conversa tem a participa\u00e7\u00e3o de Michel Alcoforado e o secret\u00e1rio municipal de Cultura, Al\u00ea Youssef, al\u00e9m de representantes dos blocos.<\/p>\n<p>A Casa do Baixo Augusta fica na Rua Rego Freitas, 553, no centro. As senhas para participar do encontro come\u00e7am a ser distribu\u00eddas a partir das 9h. O programa inicia a partir das 10h.<\/p>\n<p><br \/>\n<br \/><a href=\"http:\/\/vejasp.abril.com.br\/cultura-lazer\/cbn-edicao-especial-carnaval\/\">Source link <\/a><\/p>\n","protected":false},"excerpt":{"rendered":"<p>Oficialmente, os blocos de Carnaval come\u00e7am a colocar suas baterias e trios el\u00e9tricos nas ruas neste s\u00e1bado (23). Para abrir a temporada carnavalesca, a CBN arma o CBN S\u00e3o Paulo Especial de Carnaval, com uma roda de samba e bate papo ao vivo e entrada gratuita, na Casa do Baixo Augusta. A trilha sonora \u00e9 [&hellip;]<\/p>\n","protected":false},"author":1,"featured_media":5910,"comment_status":"open","ping_status":"open","sticky":false,"template":"","format":"standard","meta":{"footnotes":""},"categories":[7],"tags":[],"class_list":["post-6018","post","type-post","status-publish","format-standard","has-post-thumbnail","hentry","category-economia"],"_links":{"self":[{"href":"https:\/\/wiy.com.br\/noticias\/wp-json\/wp\/v2\/posts\/6018","targetHints":{"allow":["GET"]}}],"collection":[{"href":"https:\/\/wiy.com.br\/noticias\/wp-json\/wp\/v2\/posts"}],"about":[{"href":"https:\/\/wiy.com.br\/noticias\/wp-json\/wp\/v2\/types\/post"}],"author":[{"embeddable":true,"href":"https:\/\/wiy.com.br\/noticias\/wp-json\/wp\/v2\/users\/1"}],"replies":[{"embeddable":true,"href":"https:\/\/wiy.com.br\/noticias\/wp-json\/wp\/v2\/comments?post=6018"}],"version-history":[{"count":0,"href":"https:\/\/wiy.com.br\/noticias\/wp-json\/wp\/v2\/posts\/6018\/revisions"}],"wp:featuredmedia":[{"embeddable":true,"href":"https:\/\/wiy.com.br\/noticias\/wp-json\/wp\/v2\/media\/5910"}],"wp:attachment":[{"href":"https:\/\/wiy.com.br\/noticias\/wp-json\/wp\/v2\/media?parent=6018"}],"wp:term":[{"taxonomy":"category","embeddable":true,"href":"https:\/\/wiy.com.br\/noticias\/wp-json\/wp\/v2\/categories?post=6018"},{"taxonomy":"post_tag","embeddable":true,"href":"https:\/\/wiy.com.br\/noticias\/wp-json\/wp\/v2\/tags?post=6018"}],"curies":[{"name":"wp","href":"https:\/\/api.w.org\/{rel}","templated":true}]}}