{"id":59904,"date":"2023-02-26T14:54:01","date_gmt":"2023-02-26T17:54:01","guid":{"rendered":"https:\/\/wiy.com.br\/noticias\/sal-debaixo-da-lingua-veja-cuidados-com-a-pressao-em-dias-de-calor\/"},"modified":"2020-10-01T14:09:37","modified_gmt":"2020-10-01T17:09:37","slug":"sal-debaixo-da-lingua-veja-cuidados-com-a-pressao-em-dias-de-calor","status":"publish","type":"post","link":"https:\/\/wiy.com.br\/noticias\/sal-debaixo-da-lingua-veja-cuidados-com-a-pressao-em-dias-de-calor\/","title":{"rendered":"Sal debaixo da l\u00edngua? Veja cuidados com a press\u00e3o em dias de calor"},"content":{"rendered":"<p> <br \/>\n<\/p>\n<p><span>O m\u00eas de outubro ir\u00e1 come\u00e7ar com temperaturas elevadas e <a href=\"https:\/\/vejasp.abril.com.br\/cidades\/recorde-calor-sp\/\">deve at\u00e9 bater recorde hist\u00f3rico de calor da cidade de S\u00e3o Paulo<\/a>. A maior temperatura registrada aconteceu no dia 17 de outubro de 2014 e foi de 37,8 graus. <\/span><span>Nesta quinta-feira (1\u00ba), a m\u00e1xima prevista para a capital \u00e9 de 38 graus, ou seja, h\u00e1 fortes chances de ultrapassar a maior marca de calor j\u00e1 registrada desde 1943, quando come\u00e7aram as medi\u00e7\u00f5es no Inmet. Com o calor\u00e3o, muita gente pode passar mal, principalmente os idosos, que s\u00e3o mais suscet\u00edveis \u00e0s varia\u00e7\u00f5es clim\u00e1ticas.\u00a0<\/span><\/p>\n<h3>Como se proteger do calor<\/h3>\n<p><span>O m\u00e9dico Natan Chehter, geriatra do Hospital Benefic\u00eancia Portuguesa de S\u00e3o Paulo, falou sobre algumas a\u00e7\u00f5es importantes para evitar o mal estar nesses dias de calor intenso. \u201cQuando o tempo est\u00e1 mais quente e seco \u00e9 recomendado um esfor\u00e7o maior para beber \u00e1gua\u201d. Ele explica que altas temperaturas induzem as pessoas a procurarem por ambientes com ar condicionado, mas mesmo assim a hidrata\u00e7\u00e3o \u00e9 fundamental. \u201cO ar condicionado \u00e9 um ar seco e, na pr\u00e1tica, a hidrata\u00e7\u00e3o continua sendo fundamental mesmo com um clima mais gelado\u201d, ensina.\u00a0<\/span><\/p>\n<p><span>Para a popula\u00e7\u00e3o idosa, o cuidado precisa ser redobrado. \u201c\u00c9 uma situa\u00e7\u00e3o mais dif\u00edcil. Alguns mecanismos de sede j\u00e1 est\u00e3o mais comprometidos e, naturalmente, se bebe menos \u00e1gua. Nessas \u00e9pocas \u00e9 mais importante fazer um esfor\u00e7o maior para consumir l\u00edquidos\u201d.<\/span><\/p>\n<p><span><strong>Pessoas com problemas relacionados \u00e0 press\u00e3o e que tomam medica\u00e7\u00f5es precisam ser ainda mais precavidas.<\/strong> \u201cUma pessoa que toma rem\u00e9dio pra diminuir a press\u00e3o e ainda passa por um dia quente enfrenta dois fatores: um que seria normal, a press\u00e3o baixar por conta do calor. O outro s\u00e3o os rem\u00e9dios que tamb\u00e9m causam a diminui\u00e7\u00e3o [da press\u00e3o arterial]. Acaba sendo uma combina\u00e7\u00e3o ruim para ela que, sem a hidrata\u00e7\u00e3o correta, pode ter uma queda de press\u00e3o mais s\u00e9ria\u201d, diz.\u00a0<\/span><\/p>\n<p><span>E quando vem a queda da press\u00e3o, o que fazer? <strong>\u201cExiste uma recomenda\u00e7\u00e3o equivocada que \u00e9 a de colocar sal debaixo da l\u00edngua<\/strong>. Na pr\u00e1tica, a orienta\u00e7\u00e3o correta \u00e9 deitar para evitar tontura ou uma queda s\u00fabita que resulte em desmaio. Quando deitada, levantar as pernas, coloc\u00e1-las em algum apoio, um banquinho ou almofada, por exemplo, para contribuir para um aumento da press\u00e3o\u201d, explica o especialista. <\/span><\/p>\n<p><span>Natan ainda complementa dizendo que, uma vez que o mal estar tenha passado, \u00e9 preciso voltar a tomar l\u00edquido. &#8220;No momento em que a pessoa est\u00e1 passando mal n\u00e3o \u00e9 o momento certo para beber mais \u00e1gua&#8221;, complementa.\u00a0\u00a0<\/span><\/p>\n<h3><strong>Por que t\u00e3o quente?\u00a0<\/strong><\/h3>\n<p><span>Existem alguns motivos para que o tempo esteja alcan\u00e7ando temperaturas t\u00e3o altas. De acordo com o Climatempo, primeiramente, a forte massa de ar seco que atuou no fim do inverno ganhou intensidade na capital. Com ela, a umidade relativa do ar n\u00e3o aumenta ao longo do dia pela aus\u00eancia de frentes frias. Sem nenhum sistema que provoque chuvas e nebulosidade, n\u00e3o h\u00e1 como barrar a eleva\u00e7\u00e3o da temperatura, como acontece, por exemplo, quando h\u00e1 forma\u00e7\u00e3o de nuvens que bloqueiam a entrada dos raios solares.<\/span><\/p>\n<p><span>Em segundo lugar, essa massa de ar seco foi intensificada devido \u00e0 condi\u00e7\u00f5es do oceano favor\u00e1veis a um tempo menos \u00famido. \u201cEstamos no padr\u00e3o de <em>La Nina<\/em>, que \u00e9 o resfriamento das \u00e1guas no pac\u00edfico equatorial e que tende a deixar o tempo mais seco nos pr\u00f3ximos meses\u201d, explica Jo\u00e3o Basso, meteorologista do Climatempo.\u00a0<\/span><\/p>\n<p>Na sexta-feira (2), a temperatura subir\u00e1 bastante at\u00e9 a chegada da chuva. O sol vai predominar no per\u00edodo da manh\u00e3 com algumas nuvens. No final do dia a previs\u00e3o \u00e9 que chegue uma nova frente fria da regi\u00e3o Sul do Brasil. Ela impactar\u00e1 as condi\u00e7\u00f5es de tempo na capital e o s\u00e1bado (2) come\u00e7ar\u00e1 com tempo nublado, chuviscos e queda de temperatura.<\/p>\n<div class=\"ads post-ads\"><span class=\"title\">Continua ap\u00f3s a publicidade<\/span><\/p>\n<div id=\"abrAD_rectangle2\" class=\"abrAD\" data-ad-><\/div>\n<\/div>\n<p>A temperatura chega a variar entre 17 e 23 graus no primeiro dia do final de semana e a chuva acontece principalmente entre a tarde e a madrugada ou a manh\u00e3 do domingo. Ela ser\u00e1 frequente, mas com fraca intensidade. O tempo ameno deve ir embora j\u00e1 na segunda-feira (5), com o calor\u00e3o dando as caras novamente por aqui.<\/p>\n<p><strong>+<a href=\"https:\/\/abr.ai\/assine-vejasp\" target=\"_blank\" data-saferedirecturl=\"https:\/\/www.google.com\/url?q=https:\/\/abr.ai\/assine-vejasp&amp;source=gmail&amp;ust=1601654828363000&amp;usg=AFQjCNEJ_WeyBnd1Yspo7bZtHdessqL_xQ\" rel=\"noopener noreferrer\">Assine a Vejinha a partir de 6,90<\/a><\/strong><\/p>\n<h3>Veja a previs\u00e3o do tempo nos pr\u00f3ximos dias para a capital:<\/h3>\n<p>Quinta-feira (1\u00ba): M\u00ednima de 20\u00baC e m\u00e1xima de 38\u00baC<\/p>\n<p>Sexta-feira (2): M\u00ednima de 23\u00baC e m\u00e1xima de 38\u00baC<\/p>\n<p>S\u00e1bado (3): M\u00ednima de 18\u00baC e m\u00e1xima de 23\u00baC<\/p>\n<p>Domingo (4): M\u00ednima de 17\u00baC e m\u00e1xima de 22\u00baC<\/p>\n<p>Segunda-feira (5): M\u00ednima de 21\u00baC e m\u00e1xima de 31\u00baC<\/p>\n<p>Ter\u00e7a-feira (6): M\u00ednima de 21\u00baC e m\u00e1xima de 27\u00baC<\/p>\n<p><strong>+<a href=\"https:\/\/abr.ai\/assine-vejasp\" target=\"_blank\" data-saferedirecturl=\"https:\/\/www.google.com\/url?q=https:\/\/abr.ai\/assine-vejasp&amp;source=gmail&amp;ust=1601654828363000&amp;usg=AFQjCNEJ_WeyBnd1Yspo7bZtHdessqL_xQ\" rel=\"noopener noreferrer\">Assine a Vejinha a partir de 6,90<\/a><\/strong><\/p>\n<div>\n<div id=\"relacionadas\" class=\"block related-posts three_columns\">\n<ul class=\"block-menu\">\n<li data-tab=\"tab-1\" class=\"active\">Relacionadas<\/li>\n<\/ul>\n<div id=\"tab-1\" class=\"block-content active\">\n<div class=\"row\">\n<li class=\"widget-news-item without-thumb with-border\">\n<div class=\"widget-news-info\"><a href=\"http:\/\/vejasp.abril.com.br\/cidades\">Cidades<\/a><span class=\"widget-news-item-title\"><a href=\"https:\/\/vejasp.abril.com.br\/cidades\/doria-assina-contrato-vacina-chinesa-sinovac\/\">Doria assina contrato para vacina e d\u00e1 previs\u00e3o para in\u00edcio da imuniza\u00e7\u00e3o<\/a><\/span><span class=\"widget-news-item-date\">30 set 2020 &#8211; 14h09<\/span><\/div>\n<\/li>\n<li class=\"widget-news-item without-thumb with-border\">\n<div class=\"widget-news-info\"><a href=\"http:\/\/vejasp.abril.com.br\/cidades\">Cidades<\/a><span class=\"widget-news-item-title\"><a href=\"https:\/\/vejasp.abril.com.br\/cidades\/plano-governo-plagia-russomanno-covas\/\">Celso Russomanno copia trecho de edital de Covas em plano de governo<\/a><\/span><span class=\"widget-news-item-date\">30 set 2020 &#8211; 10h09<\/span><\/div>\n<\/li>\n<li class=\"widget-news-item without-thumb with-border\">\n<div class=\"widget-news-info\"><a href=\"http:\/\/vejasp.abril.com.br\/cidades\">Cidades<\/a><span class=\"widget-news-item-title\"><a href=\"https:\/\/vejasp.abril.com.br\/cidades\/unifesp-insper-curso-direito\/\">Grande SP ter\u00e1 novo curso p\u00fablico de Direito ap\u00f3s quase 200 anos<\/a><\/span><span class=\"widget-news-item-date\">30 set 2020 &#8211; 13h09<\/span><\/div>\n<\/li>\n<\/div>\n<\/div>\n<\/div>\n<\/div>\n<div id=\"mais_lidas\" class=\"block related-posts \">\n<ul class=\"block-menu\">\n<li data-tab=\"tab-1\" class=\"active\">Mais Lidas<\/li>\n<\/ul>\n<div id=\"tab-1\" class=\"block-content active\">\n<div class=\"row\">\n<div class=\"col-s-12 col-l-3\"><a href=\"https:\/\/vejasp.abril.com.br\/cultura-lazer\/ana-paula-arosio-mirim\/\" class=\"card\"><span class=\"category hide-s\">Cultura &amp; Lazer<\/span><img title = \"[Tags]\"data-src=\"https:\/\/vejasp.abril.com.br\/wp-content\/uploads\/2016\/11\/16928_ana-paula-embratel2.jpeg?quality=70&amp;strip=info&amp;w=294&amp;h=200&amp;crop=1\"alt = \"16928_ana-paula-embratel2 Sal debaixo da l\u00edngua? Veja cuidados com a press\u00e3o em dias de calor\" class=\"lazyload media\" style=\"max-width:100%\"><span class=\"category hide-l\">Cultura &amp; Lazer<\/span><span class=\"title\">&#8216;Mini Ana Paula Ar\u00f3sio\u2019 j\u00e1 tem 20 anos e continua parecida com a atriz<\/span><\/a><\/div>\n<div class=\"col-s-12 col-l-3\"><a href=\"https:\/\/vejasp.abril.com.br\/blog\/pop\/fatima-bernardes-encontro\/\" class=\"card\"><span class=\"category hide-s\"><\/span><img title = \"[Tags]\"data-src=\"https:\/\/vejasp.abril.com.br\/wp-content\/uploads\/2020\/03\/fatima.jpg?quality=70&amp;strip=info&amp;w=294&amp;h=200&amp;crop=1\"alt = \"16928_ana-paula-embratel2 Sal debaixo da l\u00edngua? Veja cuidados com a press\u00e3o em dias de calor\" class=\"lazyload media\" style=\"max-width:100%\"><span class=\"category hide-l\"><\/span><span class=\"title\">F\u00e1tima Bernardes \u00e9 substitu\u00edda \u00e0s pressas no Encontro desta ter\u00e7a (22)<\/span><\/a><\/div>\n<div class=\"col-s-12 col-l-3\"><a href=\"https:\/\/vejasp.abril.com.br\/blog\/pop\/video-briga-leblon-dono-conversivel-wilton-vacari\/\" class=\"card\"><span class=\"category hide-s\">Cultura &amp; Lazer<\/span><img title = \"[Tags]\"data-src=\"https:\/\/vejasp.abril.com.br\/wp-content\/uploads\/2020\/09\/leblon.jpg?quality=70&amp;strip=info&amp;w=294&amp;h=200&amp;crop=1\"alt = \"16928_ana-paula-embratel2 Sal debaixo da l\u00edngua? Veja cuidados com a press\u00e3o em dias de calor\" class=\"lazyload media\" style=\"max-width:100%\"><span class=\"category hide-l\">Cultura &amp; Lazer<\/span><span class=\"title\">&#8220;Sou engenheiro da Petrobras&#8221;, diz dono de convers\u00edvel do Leblon<\/span><\/a><\/div>\n<div class=\"col-s-12 col-l-3\"><a href=\"https:\/\/vejasp.abril.com.br\/blog\/pop\/neta-de-vera-fischer-em-8220-lacos-de-familia-8221-cresceu-e-se-prepara-para-prestar-o-primeiro-vestibular\/\" class=\"card\"><span class=\"category hide-s\">Cultura &amp; Lazer<\/span><img title = \"[Tags]\"data-src=\"https:\/\/vejasp.abril.com.br\/wp-content\/uploads\/2015\/10\/juliamaggessi.jpg?quality=70&amp;strip=info&amp;crop=0px%2C39px%2C475px%2C323px&amp;resize=294%2C200\"alt = \"16928_ana-paula-embratel2 Sal debaixo da l\u00edngua? Veja cuidados com a press\u00e3o em dias de calor\" class=\"lazyload media\" style=\"max-width:100%\"><span class=\"category hide-l\">Cultura &amp; Lazer<\/span><span class=\"title\">Lembra dela? Neta de Vera Fischer em \u201cLa\u00e7os de Fam\u00edlia&#8221; j\u00e1 tem 22 anos<\/span><\/a><\/div>\n<\/div>\n<\/div>\n<\/div>\n<div class=\"ads post-ads\"><span class=\"title\">Continua ap\u00f3s a publicidade<\/span><\/p>\n<div id=\"abrAD_rectangle3\" class=\"abrAD\" data-ad-><\/div>\n<\/div>\n<p><br \/>\n<br \/><a href=\"https:\/\/vejasp.abril.com.br\/cidades\/cuidados-pressao-calor\/\">Fonte do Artigo <\/a><br \/>\nTags:<br \/>\n#loterias #loteriascaixa #megasena #resultadoapostas#noticias #noticiario  #noticia #brasil #noticiascolombia #mundo #esporte #colombia #noticiadeld #ltimasnoticias  #noticiario #noticiasregionales #noticiasdepartamentales #noticiashoy #esportes #noticiaahora #elinformantenoticias #noticiasdeboyac  #esporteinterativo #esportivo #diariodosesportes  #noticiero  #jogodefutebol #jogos #loto #apostas<\/p>\n","protected":false},"excerpt":{"rendered":"<p>O m\u00eas de outubro ir\u00e1 come\u00e7ar com temperaturas elevadas e deve at\u00e9 bater recorde hist\u00f3rico de calor da cidade de S\u00e3o Paulo. A maior temperatura registrada aconteceu no dia 17 de outubro de 2014 e foi de 37,8 graus. Nesta quinta-feira (1\u00ba), a m\u00e1xima prevista para a capital \u00e9 de 38 graus, ou seja, h\u00e1 [&hellip;]<\/p>\n","protected":false},"author":1,"featured_media":58917,"comment_status":"open","ping_status":"open","sticky":false,"template":"","format":"standard","meta":{"footnotes":""},"categories":[1],"tags":[],"class_list":["post-59904","post","type-post","status-publish","format-standard","has-post-thumbnail","hentry","category-curso-de-copy"],"_links":{"self":[{"href":"https:\/\/wiy.com.br\/noticias\/wp-json\/wp\/v2\/posts\/59904","targetHints":{"allow":["GET"]}}],"collection":[{"href":"https:\/\/wiy.com.br\/noticias\/wp-json\/wp\/v2\/posts"}],"about":[{"href":"https:\/\/wiy.com.br\/noticias\/wp-json\/wp\/v2\/types\/post"}],"author":[{"embeddable":true,"href":"https:\/\/wiy.com.br\/noticias\/wp-json\/wp\/v2\/users\/1"}],"replies":[{"embeddable":true,"href":"https:\/\/wiy.com.br\/noticias\/wp-json\/wp\/v2\/comments?post=59904"}],"version-history":[{"count":0,"href":"https:\/\/wiy.com.br\/noticias\/wp-json\/wp\/v2\/posts\/59904\/revisions"}],"wp:featuredmedia":[{"embeddable":true,"href":"https:\/\/wiy.com.br\/noticias\/wp-json\/wp\/v2\/media\/58917"}],"wp:attachment":[{"href":"https:\/\/wiy.com.br\/noticias\/wp-json\/wp\/v2\/media?parent=59904"}],"wp:term":[{"taxonomy":"category","embeddable":true,"href":"https:\/\/wiy.com.br\/noticias\/wp-json\/wp\/v2\/categories?post=59904"},{"taxonomy":"post_tag","embeddable":true,"href":"https:\/\/wiy.com.br\/noticias\/wp-json\/wp\/v2\/tags?post=59904"}],"curies":[{"name":"wp","href":"https:\/\/api.w.org\/{rel}","templated":true}]}}