{"id":59685,"date":"2023-02-26T15:50:08","date_gmt":"2023-02-26T18:50:08","guid":{"rendered":"https:\/\/wiy.com.br\/noticias\/jovem-de-17-anos-morre-apos-acidente-domestico-e-familia-autoriza-doacao-de-orgaos\/"},"modified":"2020-09-26T20:01:34","modified_gmt":"2020-09-26T23:01:34","slug":"jovem-de-17-anos-morre-apos-acidente-domestico-e-familia-autoriza-doacao-de-orgaos","status":"publish","type":"post","link":"https:\/\/wiy.com.br\/noticias\/jovem-de-17-anos-morre-apos-acidente-domestico-e-familia-autoriza-doacao-de-orgaos\/","title":{"rendered":"Jovem de 17 anos morre ap\u00f3s acidente dom\u00e9stico e fam\u00edlia autoriza doa\u00e7\u00e3o de \u00f3rg\u00e3os"},"content":{"rendered":"<p> <br \/>\n<\/p>\n<div class=\"mc-column content-text active-extra-styles \" data-block-type=\"unstyled\" data-block-weight=\"46\" data-block-id=\"2\">\n<p data-track-category=\"Link no Texto\" data-track-links=\"\"><strong>Matheus Ant\u00f4nio Alves<\/strong>, 17, teve morte encef\u00e1lica declarada na \u00faltima semana. O rapaz sofreu um <strong>acidente<\/strong> na casa de sua <strong>av\u00f3<\/strong>, em<strong> Campo Limpo Paulista<\/strong>, interior paulista, em que bateu a cabe\u00e7a ap\u00f3s sofrer a queda de uma escada. As informa\u00e7\u00f5es s\u00e3o do <em>G1<\/em>.<\/p>\n<p data-track-category=\"Link no Texto\" data-track-links=\"\">A fam\u00edlia ent\u00e3o autorizou a doa\u00e7\u00e3o dos \u00f3rg\u00e3os do rapaz. Cora\u00e7\u00e3o, f\u00edgado, ossos, p\u00e2ncreas, pulm\u00e3o e rins foram retirados do corpo em um hospital de Jundia\u00ed, munic\u00edpio vizinho de Campo Limpo, em uma cirurgia que durou cerca de 7 horas, na sexta-feira (25).<\/p>\n<p data-track-category=\"Link no Texto\" data-track-links=\"\"><strong>+<a href=\"https:\/\/abr.ai\/assine-vejasp\" target=\"_blank\" data-saferedirecturl=\"https:\/\/www.google.com\/url?q=https:\/\/abr.ai\/assine-vejasp&amp;source=gmail&amp;ust=1601217204044000&amp;usg=AFQjCNGxOsk-y-VEthha9ahA2yN1q_ELjA\" rel=\"noopener noreferrer\">Assine a Vejinha a partir de 6,90<\/a><\/strong><\/p>\n<p data-track-category=\"Link no Texto\">O pulm\u00e3o do rapaz rapidamente teve destino definido: Luane Caroline, uma t\u00e9cnica de enfermagem de 25 anos. Ela sofre com uma doen\u00e7a grave e aguardava h\u00e1 dois anos um pulm\u00e3o compat\u00edvel para transplante.<\/p>\n<p data-track-category=\"Link no Texto\">&#8220;<span>Eu pensei que meu filho poderia estar nessa posi\u00e7\u00e3o, que poderia ser ele esperando por uma segunda chance de viver e me coloquei no lugar de todas essas fam\u00edlias. Tenho certeza que o Matheus, aonde estiver, est\u00e1 em paz. Cada doa\u00e7\u00e3o \u00e9 um pedacinho do meu filho que ainda se faz presente aqui na terra\u201d, compartilhou o pai, Evandro Luiz Alves, para o jornal <em>Tribuna de Jundia\u00ed<\/em>.<\/span><\/p>\n<\/div>\n<div class=\"wall protected-content\">\n<div class=\"mc-column content-media content-video\" data-block-type=\"backstage-video\" data-block-id=\"4\">\n<div class=\"content-media__container\">\n<div class=\"content-video__bigger-player-description-fixer\">\n<article class=\"content-video\">\n<section class=\"content-video__video-container\">\n<div class=\"content-video__video\">\n<p data-video-id=\"8888110\">Ap\u00f3s o \u00f3rg\u00e3o ser coletado no hospital S\u00e3o Vicente, Jundia\u00ed, foi levado de helic\u00f3ptero pela Pol\u00edcia Militar at\u00e9 o Hospital das Cl\u00ednicas da USP, na capital paulista, onde ocorreu o transplante. Outra aeronave buscou a jovem no quil\u00f4metro 60 da Rodovia Santos Dumont, onde a pista foi interditada por alguns minutos para o embarque de Luane: ela \u00e9 da cidade de Indaiatuba.<\/p>\n<\/div>\n<\/section>\n<\/article>\n<\/div>\n<\/div>\n<\/div>\n<\/div>\n<div data-video-id=\"8888110\"><\/div>\n<div data-video-id=\"8888110\">\n<div id=\"relacionadas\" class=\"block related-posts three_columns\">\n<ul class=\"block-menu\">\n<li data-tab=\"tab-1\" class=\"active\">Relacionadas<\/li>\n<\/ul>\n<div id=\"tab-1\" class=\"block-content active\">\n<div class=\"row\">\n<li class=\"widget-news-item without-thumb with-border\">\n<div class=\"widget-news-info\"><a href=\"http:\/\/vejasp.abril.com.br\/saude\">Sa\u00fade<\/a><span class=\"widget-news-item-title\"><a href=\"https:\/\/vejasp.abril.com.br\/saude\/governo-coronavac-50-eficacia\/\">Governo de SP solicitar\u00e1 libera\u00e7\u00e3o da CoronaVac caso vacina tenha 50% de efic\u00e1cia<\/a><\/span><span class=\"widget-news-item-date\">25 set 2020 &#8211; 20h09<\/span><\/div>\n<\/li>\n<li class=\"widget-news-item without-thumb with-border\">\n<div class=\"widget-news-info\"><a href=\"http:\/\/vejasp.abril.com.br\/cultura-lazer\">Cultura &amp; Lazer<\/a><span class=\"widget-news-item-title\"><a href=\"https:\/\/vejasp.abril.com.br\/cultura-lazer\/casal-monta-esquema-de-aluguel-de-jogos-de-tabuleiro-na-pandemia\/\">Casal monta esquema de aluguel de jogos de tabuleiro na pandemia<\/a><\/span><span class=\"widget-news-item-date\">25 set 2020 &#8211; 06h09<\/span><\/div>\n<\/li>\n<li class=\"widget-news-item without-thumb with-border\">\n<div class=\"widget-news-info\"><a href=\"http:\/\/vejasp.abril.com.br\/cultura-lazer\">Cultura &amp; Lazer<\/a><span class=\"widget-news-item-title\"><a href=\"https:\/\/vejasp.abril.com.br\/cultura-lazer\/como-estao-campeoes-fuvest-vejinha-1993\/\">Como est\u00e3o os campe\u00f5es da Fuvest destacados pela Vejinha em 1993<\/a><\/span><span class=\"widget-news-item-date\">25 set 2020 &#8211; 04h09<\/span><\/div>\n<\/li>\n<li class=\"widget-news-item without-thumb with-border\">\n<div class=\"widget-news-info\"><a href=\"http:\/\/vejasp.abril.com.br\/cidades\">Cidades<\/a><span class=\"widget-news-item-title\"><a href=\"https:\/\/vejasp.abril.com.br\/cidades\/savoy-brigas-juridicas-com-prefeitura-iptu-aluguel\/\">Savoy trava brigas jur\u00eddicas com a prefeitura por causa de IPTU e aluguel<\/a><\/span><span class=\"widget-news-item-date\">25 set 2020 &#8211; 02h09<\/span><\/div>\n<\/li>\n<\/div>\n<\/div>\n<\/div>\n<\/div>\n<div data-video-id=\"8888110\">\n<p><strong>+<a href=\"https:\/\/abr.ai\/assine-vejasp\" target=\"_blank\" data-saferedirecturl=\"https:\/\/www.google.com\/url?q=https:\/\/abr.ai\/assine-vejasp&amp;source=gmail&amp;ust=1601217204044000&amp;usg=AFQjCNGxOsk-y-VEthha9ahA2yN1q_ELjA\" rel=\"noopener noreferrer\">Assine a Vejinha a partir de 6,90<\/a><\/strong><\/p>\n<div><\/div>\n<\/div>\n<div data-video-id=\"8888110\"><\/div>\n<div data-video-id=\"8888110\"><\/div>\n<div data-video-id=\"8888110\"><\/div>\n<div class=\"wall protected-content\">\n<div class=\"mc-column content-media content-video\" data-block-type=\"backstage-video\" data-block-id=\"4\">\n<div class=\"content-media__container\">\n<div class=\"content-video__bigger-player-description-fixer\">\n<article class=\"content-video\">\n<section class=\"content-video__video-container\">\n<div class=\"content-video__video\">\n<div data-video-id=\"8888110\"><\/div>\n<\/div>\n<\/section>\n<\/article>\n<\/div>\n<\/div>\n<\/div>\n<\/div>\n<div id=\"mais_lidas\" class=\"block related-posts \">\n<ul class=\"block-menu\">\n<li data-tab=\"tab-1\" class=\"active\">Mais Lidas<\/li>\n<\/ul>\n<div id=\"tab-1\" class=\"block-content active\">\n<div class=\"row\">\n<div class=\"col-s-12 col-l-3\"><a href=\"https:\/\/vejasp.abril.com.br\/cultura-lazer\/ana-paula-arosio-mirim\/\" class=\"card\"><span class=\"category hide-s\">Cultura &amp; Lazer<\/span><img title = \"[Tags]\"data-src=\"https:\/\/vejasp.abril.com.br\/wp-content\/uploads\/2016\/11\/16928_ana-paula-embratel2.jpeg?quality=70&amp;strip=info&amp;w=294&amp;h=200&amp;crop=1\"alt = \"16928_ana-paula-embratel2 Jovem de 17 anos morre ap\u00f3s acidente dom\u00e9stico e fam\u00edlia autoriza doa\u00e7\u00e3o de \u00f3rg\u00e3os\" class=\"lazyload media\" style=\"max-width:100%\"><span class=\"category hide-l\">Cultura &amp; Lazer<\/span><span class=\"title\">&#039;Mini Ana Paula Ar\u00f3sio\u2019 j\u00e1 tem 20 anos e continua parecida com a atriz<\/span><\/a><\/div>\n<div class=\"col-s-12 col-l-3\"><a href=\"https:\/\/vejasp.abril.com.br\/blog\/pop\/fatima-bernardes-encontro\/\" class=\"card\"><span class=\"category hide-s\"><\/span><img title = \"[Tags]\"data-src=\"https:\/\/vejasp.abril.com.br\/wp-content\/uploads\/2020\/03\/fatima.jpg?quality=70&amp;strip=info&amp;w=294&amp;h=200&amp;crop=1\"alt = \"16928_ana-paula-embratel2 Jovem de 17 anos morre ap\u00f3s acidente dom\u00e9stico e fam\u00edlia autoriza doa\u00e7\u00e3o de \u00f3rg\u00e3os\" class=\"lazyload media\" style=\"max-width:100%\"><span class=\"category hide-l\"><\/span><span class=\"title\">F\u00e1tima Bernardes \u00e9 substitu\u00edda \u00e0s pressas no Encontro desta ter\u00e7a (22)<\/span><\/a><\/div>\n<div class=\"col-s-12 col-l-3\"><a href=\"https:\/\/vejasp.abril.com.br\/blog\/pop\/neta-de-vera-fischer-em-8220-lacos-de-familia-8221-cresceu-e-se-prepara-para-prestar-o-primeiro-vestibular\/\" class=\"card\"><span class=\"category hide-s\">Cultura &amp; Lazer<\/span><img title = \"[Tags]\"data-src=\"https:\/\/vejasp.abril.com.br\/wp-content\/uploads\/2015\/10\/juliamaggessi.jpg?quality=70&amp;strip=info&amp;crop=0px%2C39px%2C475px%2C323px&amp;resize=294%2C200\"alt = \"16928_ana-paula-embratel2 Jovem de 17 anos morre ap\u00f3s acidente dom\u00e9stico e fam\u00edlia autoriza doa\u00e7\u00e3o de \u00f3rg\u00e3os\" class=\"lazyload media\" style=\"max-width:100%\"><span class=\"category hide-l\">Cultura &amp; Lazer<\/span><span class=\"title\">Lembra dela? Neta de Vera Fischer em \u201cLa\u00e7os de Fam\u00edlia&quot; j\u00e1 tem 22 anos<\/span><\/a><\/div>\n<div class=\"col-s-12 col-l-3\"><a href=\"https:\/\/vejasp.abril.com.br\/cidades\/frente-fria-sao-paulo-inverno\/\" class=\"card\"><span class=\"category hide-s\">Cidades<\/span><img title = \"[Tags]\"data-src=\"https:\/\/vejasp.abril.com.br\/wp-content\/uploads\/2019\/09\/aep20110111146.163701.jpg?quality=70&amp;strip=info&amp;crop=0px%2C1071px%2C3168px%2C2157px&amp;resize=294%2C200\"alt = \"16928_ana-paula-embratel2 Jovem de 17 anos morre ap\u00f3s acidente dom\u00e9stico e fam\u00edlia autoriza doa\u00e7\u00e3o de \u00f3rg\u00e3os\" class=\"lazyload media\" style=\"max-width:100%\"><span class=\"category hide-l\">Cidades<\/span><span class=\"title\">Frente fria que avan\u00e7a sobre SP vai provocar mudan\u00e7a radical no tempo<\/span><\/a><\/div>\n<\/div>\n<\/div>\n<\/div>\n<div class=\"ads post-ads\"><span class=\"title\">Continua ap\u00f3s a publicidade<\/span><\/p>\n<div id=\"abrAD_rectangle3\" class=\"abrAD\" data-ad-><\/div>\n<\/div>\n<p><br \/>\n<br \/><a href=\"https:\/\/vejasp.abril.com.br\/cidades\/jovem-17-anos-morre-familia-autoriza-doacao-orgaos-jundiai\/\">Fonte do Artigo <\/a><br \/>\nTags:<br \/>\n#loterias #loteriascaixa #megasena #resultadoapostas#noticias #noticiario  #noticia #brasil #noticiascolombia #mundo #esporte #colombia #noticiadeld #ltimasnoticias  #noticiario #noticiasregionales #noticiasdepartamentales #noticiashoy #esportes #noticiaahora #elinformantenoticias #noticiasdeboyac  #esporteinterativo #esportivo #diariodosesportes  #noticiero  #jogodefutebol #jogos #loto #apostas<\/p>\n","protected":false},"excerpt":{"rendered":"<p>Matheus Ant\u00f4nio Alves, 17, teve morte encef\u00e1lica declarada na \u00faltima semana. O rapaz sofreu um acidente na casa de sua av\u00f3, em Campo Limpo Paulista, interior paulista, em que bateu a cabe\u00e7a ap\u00f3s sofrer a queda de uma escada. As informa\u00e7\u00f5es s\u00e3o do G1. A fam\u00edlia ent\u00e3o autorizou a doa\u00e7\u00e3o dos \u00f3rg\u00e3os do rapaz. Cora\u00e7\u00e3o, [&hellip;]<\/p>\n","protected":false},"author":1,"featured_media":59686,"comment_status":"open","ping_status":"open","sticky":false,"template":"","format":"standard","meta":{"footnotes":""},"categories":[1],"tags":[],"class_list":["post-59685","post","type-post","status-publish","format-standard","has-post-thumbnail","hentry","category-curso-de-copy"],"_links":{"self":[{"href":"https:\/\/wiy.com.br\/noticias\/wp-json\/wp\/v2\/posts\/59685","targetHints":{"allow":["GET"]}}],"collection":[{"href":"https:\/\/wiy.com.br\/noticias\/wp-json\/wp\/v2\/posts"}],"about":[{"href":"https:\/\/wiy.com.br\/noticias\/wp-json\/wp\/v2\/types\/post"}],"author":[{"embeddable":true,"href":"https:\/\/wiy.com.br\/noticias\/wp-json\/wp\/v2\/users\/1"}],"replies":[{"embeddable":true,"href":"https:\/\/wiy.com.br\/noticias\/wp-json\/wp\/v2\/comments?post=59685"}],"version-history":[{"count":0,"href":"https:\/\/wiy.com.br\/noticias\/wp-json\/wp\/v2\/posts\/59685\/revisions"}],"wp:featuredmedia":[{"embeddable":true,"href":"https:\/\/wiy.com.br\/noticias\/wp-json\/wp\/v2\/media\/59686"}],"wp:attachment":[{"href":"https:\/\/wiy.com.br\/noticias\/wp-json\/wp\/v2\/media?parent=59685"}],"wp:term":[{"taxonomy":"category","embeddable":true,"href":"https:\/\/wiy.com.br\/noticias\/wp-json\/wp\/v2\/categories?post=59685"},{"taxonomy":"post_tag","embeddable":true,"href":"https:\/\/wiy.com.br\/noticias\/wp-json\/wp\/v2\/tags?post=59685"}],"curies":[{"name":"wp","href":"https:\/\/api.w.org\/{rel}","templated":true}]}}